{"id":4101,"date":"2026-02-02T10:14:08","date_gmt":"2026-02-02T09:14:08","guid":{"rendered":"https:\/\/vtc-strasbourg-dmd.fr\/strasbourg-vtc-transfer-to-kehl-station-take-your-ice-train-with-complete-peace-of-mind\/"},"modified":"2026-02-02T10:14:30","modified_gmt":"2026-02-02T09:14:30","slug":"strasbourg-vtc-transfer-to-kehl-station-take-your-ice-train-with-complete-peace-of-mind","status":"publish","type":"post","link":"http:\/\/vtc-strasbourg-dmd.fr\/en\/strasbourg-vtc-transfer-to-kehl-station-take-your-ice-train-with-complete-peace-of-mind\/","title":{"rendered":"Strasbourg VTC transfer to Kehl station: Take your ICE train with complete peace of mind"},"content":{"rendered":"\n<p>This is the well-known tip for frequent travellers and cross-border commuters: to get to <a href=\"https:\/\/vtc-strasbourg-dmd.fr\/transfert-vtc-aeroport-francfort-strasbourg\/\">Frankfurt<\/a>, Karlsruhe or <a href=\"https:\/\/vtc-strasbourg-dmd.fr\/chauffeur-prive-vtc-aeroport-stuttgart\/\">Stuttgart<\/a>, it is often cheaper and faster to take the train (ICE or Regional Express) from <strong>Kehl station (Bahnhof Kehl)<\/strong> rather than from<a href=\"https:\/\/vtc-strasbourg-dmd.fr\/vtc-strasbourg-gare\/\"> Strasbourg Central Station.<\/a><\/p>\n\n<p>However, a difficulty remains: how to reach Kehl station from your home in Strasbourg with two 20kg suitcases? The tram is slow and crowded, and leaving your car in Germany is risky. <strong>VTC Strasbourg DMD<\/strong> offers you the ideal connection solution: a door-to-station transfer, fast and comfortable. <\/p>\n\n<hr class=\"wp-block-separator has-alpha-channel-opacity\"\/>\n\n<h2 class=\"wp-block-heading\">1. Why choose Kehl station rather than Strasbourg?<\/h2>\n\n<p>If you are still hesitating for your next trip to Germany, here is why many customers ask us for this drop-off:<\/p>\n\n<ul class=\"wp-block-list\">\n<li><strong>The Ticket Price:<\/strong> Deutsche Bahn (DB) fares are often lower for domestic German journeys (from Kehl) than for international journeys (from France).<\/li>\n\n\n\n<li><strong>Direct connections:<\/strong> Many regional trains depart from Kehl without requiring complex changes in Appenweier or Offenburg.<\/li>\n\n\n\n<li><strong>Human size:<\/strong> Kehl station is small. No long endless corridors, the driver drops you off 30 meters from the platforms. <\/li>\n<\/ul>\n\n<h2 class=\"wp-block-heading\">2. VTC vs Tramway D: The match of comfort<\/h2>\n\n<p>Of course, Tram D connects Strasbourg to Kehl. But have you ever tried to cross the Pont de l&#8217;Europe by tram during rush hour with bulky luggage? <\/p>\n\n<p>By booking a <strong>private VTC driver<\/strong> :<\/p>\n\n<ul class=\"wp-block-list\">\n<li><strong>Zero effort:<\/strong> We load your luggage into the trunk at the foot of your building. You pick them up in front of the entrance to the station. <\/li>\n\n\n\n<li><strong>Speed:<\/strong> By car, via the RN4 or the Pont de l&#8217;Europe, the journey is direct. No stops every 500 meters. <\/li>\n\n\n\n<li><strong>Serenity:<\/strong> No stress related to crowds, pickpockets or the weather (rain\/cold while waiting for the tram).<\/li>\n<\/ul>\n\n<hr class=\"wp-block-separator has-alpha-channel-opacity\"\/>\n\n<h2 class=\"wp-block-heading\">3. Shopping and Tobacco in Kehl: The Express Round Trip<\/h2>\n\n<p>We don&#8217;t just transport passengers with train tickets. Kehl is also the favorite shopping destination of Strasbourg residents (DM, Tobacco, Supermarkets). <\/p>\n\n<p>The return journey is often the most painful when you are loaded with heavy bags. <strong>VTC Strasbourg DMD<\/strong> offers return or single return packages:<\/p>\n\n<ul class=\"wp-block-list\">\n<li>Go shopping with peace of mind.<\/li>\n\n\n\n<li>Order your driver when you&#8217;re done.<\/li>\n\n\n\n<li>We bring you and your purchases right to your door in Strasbourg. No more chores of carrying water packs on the tram! <\/li>\n<\/ul>\n\n<h2 class=\"wp-block-heading\">4. Cross-border tariffs: full transparency<\/h2>\n\n<p>Crossing the border is sometimes frightening in terms of fares with traditional taxis (change of zone, approach fare, etc.).<\/p>\n\n<p>With our VTC service, there are no unpleasant surprises. Whether you go to Strasbourg Station or Kehl Station, the principle remains the same: <strong>the price is fixed at the time of booking<\/strong>. <\/p>\n\n<p>We know the hazards of traffic on the Pont de l&#8217;Europe during rush hour. If it gets clogged, you don&#8217;t pay more. <\/p>\n\n<hr class=\"wp-block-separator has-alpha-channel-opacity\"\/>\n\n<h3 class=\"wp-block-heading\">Is your train leaving from Kehl?<\/h3>\n\n<p>Don&#8217;t risk missing it because of a tram delay. Ensure your departure with a punctual driver.   <a href=\"https:\/\/vtc-strasbourg-dmd.fr\/en\/\">Estimate my route to Kehl<\/a><\/p>\n\n<h2 class=\"wp-block-heading\">FAQ: Transport Strasbourg &#8211; Kehl<\/h2>\n\n<h3 class=\"wp-block-heading\">Where is the drop-off at Kehl station?<\/h3>\n\n<p>There is a drop-off point right in front of the main station building (Bahnhofsplatz). You only have to walk a few meters to reach the platforms or ticket machines. <\/p>\n\n<h3 class=\"wp-block-heading\">Does the driver speak German?<\/h3>\n\n<p>Most of our drivers have some knowledge of German or English, which makes it easy to communicate if you have German-speaking guests to pick up at the station.<\/p>\n\n<h3 class=\"wp-block-heading\">Can I book for a group (with a lot of suitcases)?<\/h3>\n\n<p>Yes, for holidays or groups, we recommend our <strong>Mercedes Van<\/strong>. It has a large trunk capable of accommodating the suitcases of 7 passengers, which is impossible in a classic sedan or a standard taxi. <\/p>\n\n<script type=\"application\/ld+json\">{\n  \"@context\": \"https:\/\/schema.org\",\n  \"@graph\": [\n    {\n      \"@type\": \"Service\",\n      \"name\": \"Transfert VTC Strasbourg vers Gare de Kehl (Allemagne)\",\n      \"provider\": {\n        \"@type\": \"LocalBusiness\",\n        \"name\": \"VTC Strasbourg DMD\",\n        \"image\": \"https:\/\/vtc-strasbourg-dmd.fr\/logo.jpg\"\n      },\n      \"areaServed\": [\n        {\n          \"@type\": \"City\",\n          \"name\": \"Strasbourg\"\n        },\n        {\n          \"@type\": \"City\",\n          \"name\": \"Kehl\",\n          \"addressCountry\": \"DE\"\n        }\n      ],\n      \"description\": \"Navette priv\u00e9e VTC entre Strasbourg et la Gare de Kehl (Bahnhof Kehl). Id\u00e9al pour correspondances trains ICE et courses transfrontali\u00e8res.\",\n      \"offers\": {\n        \"@type\": \"Offer\",\n        \"priceCurrency\": \"EUR\",\n        \"description\": \"Tarif fixe annonc\u00e9 \u00e0 la r\u00e9servation\"\n      }\n    },\n    {\n      \"@type\": \"FAQPage\",\n      \"mainEntity\": [\n        {\n          \"@type\": \"Question\",\n          \"name\": \"O\u00f9 se trouve le point de d\u00e9pose VTC \u00e0 la gare de Kehl ?\",\n          \"acceptedAnswer\": {\n            \"@type\": \"Answer\",\n            \"text\": \"La d\u00e9pose s'effectue directement sur la Bahnhofsplatz, devant l'entr\u00e9e principale de la gare de Kehl, permettant un acc\u00e8s imm\u00e9diat aux quais sans marche inutile.\"\n          }\n        },\n        {\n          \"@type\": \"Question\",\n          \"name\": \"Le prix change-t-il s'il y a des bouchons sur le Pont de l'Europe ?\",\n          \"acceptedAnswer\": {\n            \"@type\": \"Answer\",\n            \"text\": \"Non. Avec VTC Strasbourg DMD, le tarif est forfaitaire et fix\u00e9 \u00e0 l'avance. Les embouteillages fr\u00e9quents \u00e0 la fronti\u00e8re n'impactent pas le prix de votre course.\"\n          }\n        }\n      ]\n    }\n  ]\n}\n<\/script>\n","protected":false},"excerpt":{"rendered":"<p>This is the well-known tip for frequent travellers and cross-border commuters: to get to Frankfurt, Karlsruhe or Stuttgart, it is often cheaper and faster to take the train (ICE or Regional Express) from Kehl station (Bahnhof Kehl) rather than from Strasbourg Central Station. However, a difficulty remains: how to reach Kehl station from your home [&hellip;]<\/p>\n","protected":false},"author":30,"featured_media":4102,"comment_status":"closed","ping_status":"open","sticky":false,"template":"","format":"standard","meta":{"site-sidebar-layout":"default","site-content-layout":"","ast-site-content-layout":"default","site-content-style":"default","site-sidebar-style":"default","ast-global-header-display":"","ast-banner-title-visibility":"","ast-main-header-display":"","ast-hfb-above-header-display":"","ast-hfb-below-header-display":"","ast-hfb-mobile-header-display":"","site-post-title":"","ast-breadcrumbs-content":"","ast-featured-img":"","footer-sml-layout":"","ast-disable-related-posts":"","theme-transparent-header-meta":"","adv-header-id-meta":"","stick-header-meta":"","header-above-stick-meta":"","header-main-stick-meta":"","header-below-stick-meta":"","astra-migrate-meta-layouts":"default","ast-page-background-enabled":"default","ast-page-background-meta":{"desktop":{"background-color":"","background-image":"","background-repeat":"repeat","background-position":"center center","background-size":"auto","background-attachment":"scroll","background-type":"","background-media":"","overlay-type":"","overlay-color":"","overlay-opacity":"","overlay-gradient":""},"tablet":{"background-color":"","background-image":"","background-repeat":"repeat","background-position":"center center","background-size":"auto","background-attachment":"scroll","background-type":"","background-media":"","overlay-type":"","overlay-color":"","overlay-opacity":"","overlay-gradient":""},"mobile":{"background-color":"","background-image":"","background-repeat":"repeat","background-position":"center center","background-size":"auto","background-attachment":"scroll","background-type":"","background-media":"","overlay-type":"","overlay-color":"","overlay-opacity":"","overlay-gradient":""}},"ast-content-background-meta":{"desktop":{"background-color":"var(--ast-global-color-5)","background-image":"","background-repeat":"repeat","background-position":"center center","background-size":"auto","background-attachment":"scroll","background-type":"","background-media":"","overlay-type":"","overlay-color":"","overlay-opacity":"","overlay-gradient":""},"tablet":{"background-color":"var(--ast-global-color-5)","background-image":"","background-repeat":"repeat","background-position":"center center","background-size":"auto","background-attachment":"scroll","background-type":"","background-media":"","overlay-type":"","overlay-color":"","overlay-opacity":"","overlay-gradient":""},"mobile":{"background-color":"var(--ast-global-color-5)","background-image":"","background-repeat":"repeat","background-position":"center center","background-size":"auto","background-attachment":"scroll","background-type":"","background-media":"","overlay-type":"","overlay-color":"","overlay-opacity":"","overlay-gradient":""}},"footnotes":""},"categories":[1],"tags":[],"class_list":["post-4101","post","type-post","status-publish","format-standard","has-post-thumbnail","hentry","category-non-categorise"],"yoast_head":"<!-- This site is optimized with the Yoast SEO plugin v27.0 - https:\/\/yoast.com\/product\/yoast-seo-wordpress\/ -->\n<title>VTC Strasbourg to Kehl Station: Private Shuttle &amp; Fixed Price<\/title>\n<meta name=\"description\" content=\"Are you taking the train from Kehl (Germany)? Avoid the crowded tram with your suitcases. Book your VTC Strasbourg DMD: direct transfer to Kehl train station. Fixed price and comfort.\" \/>\n<meta name=\"robots\" content=\"index, follow, max-snippet:-1, max-image-preview:large, max-video-preview:-1\" \/>\n<link rel=\"canonical\" href=\"http:\/\/vtc-strasbourg-dmd.fr\/en\/strasbourg-vtc-transfer-to-kehl-station-take-your-ice-train-with-complete-peace-of-mind\/\" \/>\n<meta property=\"og:locale\" content=\"en_US\" \/>\n<meta property=\"og:type\" content=\"article\" \/>\n<meta property=\"og:title\" content=\"VTC Strasbourg to Kehl Station: Private Shuttle &amp; Fixed Price\" \/>\n<meta property=\"og:description\" content=\"Are you taking the train from Kehl (Germany)? Avoid the crowded tram with your suitcases. Book your VTC Strasbourg DMD: direct transfer to Kehl train station. Fixed price and comfort.\" \/>\n<meta property=\"og:url\" content=\"http:\/\/vtc-strasbourg-dmd.fr\/en\/strasbourg-vtc-transfer-to-kehl-station-take-your-ice-train-with-complete-peace-of-mind\/\" \/>\n<meta property=\"og:site_name\" content=\"VTC Strasbourg DMD\" \/>\n<meta property=\"article:published_time\" content=\"2026-02-02T09:14:08+00:00\" \/>\n<meta property=\"article:modified_time\" content=\"2026-02-02T09:14:30+00:00\" \/>\n<meta property=\"og:image\" content=\"https:\/\/vtc-strasbourg-dmd.fr\/wp-content\/uploads\/2026\/02\/22163-3.jpg\" \/>\n\t<meta property=\"og:image:width\" content=\"1000\" \/>\n\t<meta property=\"og:image:height\" content=\"667\" \/>\n\t<meta property=\"og:image:type\" content=\"image\/jpeg\" \/>\n<meta name=\"author\" content=\"webobjectif\" \/>\n<meta name=\"twitter:card\" content=\"summary_large_image\" \/>\n<meta name=\"twitter:label1\" content=\"Written by\" \/>\n\t<meta name=\"twitter:data1\" content=\"webobjectif\" \/>\n\t<meta name=\"twitter:label2\" content=\"Est. reading time\" \/>\n\t<meta name=\"twitter:data2\" content=\"3 minutes\" \/>\n<script type=\"application\/ld+json\" class=\"yoast-schema-graph\">{\"@context\":\"https:\/\/schema.org\",\"@graph\":[{\"@type\":\"Article\",\"@id\":\"http:\/\/vtc-strasbourg-dmd.fr\/en\/strasbourg-vtc-transfer-to-kehl-station-take-your-ice-train-with-complete-peace-of-mind\/#article\",\"isPartOf\":{\"@id\":\"http:\/\/vtc-strasbourg-dmd.fr\/en\/strasbourg-vtc-transfer-to-kehl-station-take-your-ice-train-with-complete-peace-of-mind\/\"},\"author\":{\"name\":\"webobjectif\",\"@id\":\"https:\/\/vtc-strasbourg-dmd.fr\/en\/#\/schema\/person\/05759d0bf2739b605f0468a433403ac8\"},\"headline\":\"Strasbourg VTC transfer to Kehl station: Take your ICE train with complete peace of mind\",\"datePublished\":\"2026-02-02T09:14:08+00:00\",\"dateModified\":\"2026-02-02T09:14:30+00:00\",\"mainEntityOfPage\":{\"@id\":\"http:\/\/vtc-strasbourg-dmd.fr\/en\/strasbourg-vtc-transfer-to-kehl-station-take-your-ice-train-with-complete-peace-of-mind\/\"},\"wordCount\":611,\"publisher\":{\"@id\":\"https:\/\/vtc-strasbourg-dmd.fr\/en\/#organization\"},\"image\":{\"@id\":\"http:\/\/vtc-strasbourg-dmd.fr\/en\/strasbourg-vtc-transfer-to-kehl-station-take-your-ice-train-with-complete-peace-of-mind\/#primaryimage\"},\"thumbnailUrl\":\"https:\/\/vtc-strasbourg-dmd.fr\/wp-content\/uploads\/2026\/02\/22163-3.jpg\",\"articleSection\":[\"Non cat\u00e9goris\u00e9\"],\"inLanguage\":\"en-US\"},{\"@type\":\"WebPage\",\"@id\":\"http:\/\/vtc-strasbourg-dmd.fr\/en\/strasbourg-vtc-transfer-to-kehl-station-take-your-ice-train-with-complete-peace-of-mind\/\",\"url\":\"http:\/\/vtc-strasbourg-dmd.fr\/en\/strasbourg-vtc-transfer-to-kehl-station-take-your-ice-train-with-complete-peace-of-mind\/\",\"name\":\"VTC Strasbourg to Kehl Station: Private Shuttle & Fixed Price\",\"isPartOf\":{\"@id\":\"https:\/\/vtc-strasbourg-dmd.fr\/en\/#website\"},\"primaryImageOfPage\":{\"@id\":\"http:\/\/vtc-strasbourg-dmd.fr\/en\/strasbourg-vtc-transfer-to-kehl-station-take-your-ice-train-with-complete-peace-of-mind\/#primaryimage\"},\"image\":{\"@id\":\"http:\/\/vtc-strasbourg-dmd.fr\/en\/strasbourg-vtc-transfer-to-kehl-station-take-your-ice-train-with-complete-peace-of-mind\/#primaryimage\"},\"thumbnailUrl\":\"https:\/\/vtc-strasbourg-dmd.fr\/wp-content\/uploads\/2026\/02\/22163-3.jpg\",\"datePublished\":\"2026-02-02T09:14:08+00:00\",\"dateModified\":\"2026-02-02T09:14:30+00:00\",\"description\":\"Are you taking the train from Kehl (Germany)? Avoid the crowded tram with your suitcases. Book your VTC Strasbourg DMD: direct transfer to Kehl train station. Fixed price and comfort.\",\"breadcrumb\":{\"@id\":\"http:\/\/vtc-strasbourg-dmd.fr\/en\/strasbourg-vtc-transfer-to-kehl-station-take-your-ice-train-with-complete-peace-of-mind\/#breadcrumb\"},\"inLanguage\":\"en-US\",\"potentialAction\":[{\"@type\":\"ReadAction\",\"target\":[\"http:\/\/vtc-strasbourg-dmd.fr\/en\/strasbourg-vtc-transfer-to-kehl-station-take-your-ice-train-with-complete-peace-of-mind\/\"]}]},{\"@type\":\"ImageObject\",\"inLanguage\":\"en-US\",\"@id\":\"http:\/\/vtc-strasbourg-dmd.fr\/en\/strasbourg-vtc-transfer-to-kehl-station-take-your-ice-train-with-complete-peace-of-mind\/#primaryimage\",\"url\":\"https:\/\/vtc-strasbourg-dmd.fr\/wp-content\/uploads\/2026\/02\/22163-3.jpg\",\"contentUrl\":\"https:\/\/vtc-strasbourg-dmd.fr\/wp-content\/uploads\/2026\/02\/22163-3.jpg\",\"width\":1000,\"height\":667,\"caption\":\"VTC Chauffeur Gare de Kehl Strasbourg Station train\"},{\"@type\":\"BreadcrumbList\",\"@id\":\"http:\/\/vtc-strasbourg-dmd.fr\/en\/strasbourg-vtc-transfer-to-kehl-station-take-your-ice-train-with-complete-peace-of-mind\/#breadcrumb\",\"itemListElement\":[{\"@type\":\"ListItem\",\"position\":1,\"name\":\"Accueil\",\"item\":\"http:\/\/vtc-strasbourg-dmd.fr\/en\/\"},{\"@type\":\"ListItem\",\"position\":2,\"name\":\"Strasbourg VTC transfer to Kehl station: Take your ICE train with complete peace of mind\"}]},{\"@type\":\"WebSite\",\"@id\":\"https:\/\/vtc-strasbourg-dmd.fr\/en\/#website\",\"url\":\"https:\/\/vtc-strasbourg-dmd.fr\/en\/\",\"name\":\"VTC Strasbourg DMD\",\"description\":\"Chauffeur VTC Strasbourg\",\"publisher\":{\"@id\":\"https:\/\/vtc-strasbourg-dmd.fr\/en\/#organization\"},\"potentialAction\":[{\"@type\":\"SearchAction\",\"target\":{\"@type\":\"EntryPoint\",\"urlTemplate\":\"https:\/\/vtc-strasbourg-dmd.fr\/en\/?s={search_term_string}\"},\"query-input\":{\"@type\":\"PropertyValueSpecification\",\"valueRequired\":true,\"valueName\":\"search_term_string\"}}],\"inLanguage\":\"en-US\"},{\"@type\":\"Organization\",\"@id\":\"https:\/\/vtc-strasbourg-dmd.fr\/en\/#organization\",\"name\":\"VTC Strasbourg DMD\",\"url\":\"https:\/\/vtc-strasbourg-dmd.fr\/en\/\",\"logo\":{\"@type\":\"ImageObject\",\"inLanguage\":\"en-US\",\"@id\":\"https:\/\/vtc-strasbourg-dmd.fr\/en\/#\/schema\/logo\/image\/\",\"url\":\"https:\/\/vtc-strasbourg-dmd.fr\/wp-content\/uploads\/2025\/05\/cropped-LOGO-DRIVE-ME-DRIVER-scaled-1.png\",\"contentUrl\":\"https:\/\/vtc-strasbourg-dmd.fr\/wp-content\/uploads\/2025\/05\/cropped-LOGO-DRIVE-ME-DRIVER-scaled-1.png\",\"width\":2557,\"height\":854,\"caption\":\"VTC Strasbourg DMD\"},\"image\":{\"@id\":\"https:\/\/vtc-strasbourg-dmd.fr\/en\/#\/schema\/logo\/image\/\"}},{\"@type\":\"Person\",\"@id\":\"https:\/\/vtc-strasbourg-dmd.fr\/en\/#\/schema\/person\/05759d0bf2739b605f0468a433403ac8\",\"name\":\"webobjectif\",\"image\":{\"@type\":\"ImageObject\",\"inLanguage\":\"en-US\",\"@id\":\"https:\/\/vtc-strasbourg-dmd.fr\/en\/#\/schema\/person\/image\/\",\"url\":\"https:\/\/secure.gravatar.com\/avatar\/ded9b907d1e5d4636440a16a54bd4369b408da9239d8ac948266d8c09fa8936b?s=96&d=mm&r=g\",\"contentUrl\":\"https:\/\/secure.gravatar.com\/avatar\/ded9b907d1e5d4636440a16a54bd4369b408da9239d8ac948266d8c09fa8936b?s=96&d=mm&r=g\",\"caption\":\"webobjectif\"},\"url\":\"http:\/\/vtc-strasbourg-dmd.fr\/en\/author\/webobjectif\/\"}]}<\/script>\n<!-- \/ Yoast SEO plugin. -->","yoast_head_json":{"title":"VTC Strasbourg to Kehl Station: Private Shuttle & Fixed Price","description":"Are you taking the train from Kehl (Germany)? Avoid the crowded tram with your suitcases. Book your VTC Strasbourg DMD: direct transfer to Kehl train station. Fixed price and comfort.","robots":{"index":"index","follow":"follow","max-snippet":"max-snippet:-1","max-image-preview":"max-image-preview:large","max-video-preview":"max-video-preview:-1"},"canonical":"http:\/\/vtc-strasbourg-dmd.fr\/en\/strasbourg-vtc-transfer-to-kehl-station-take-your-ice-train-with-complete-peace-of-mind\/","og_locale":"en_US","og_type":"article","og_title":"VTC Strasbourg to Kehl Station: Private Shuttle & Fixed Price","og_description":"Are you taking the train from Kehl (Germany)? Avoid the crowded tram with your suitcases. Book your VTC Strasbourg DMD: direct transfer to Kehl train station. Fixed price and comfort.","og_url":"http:\/\/vtc-strasbourg-dmd.fr\/en\/strasbourg-vtc-transfer-to-kehl-station-take-your-ice-train-with-complete-peace-of-mind\/","og_site_name":"VTC Strasbourg DMD","article_published_time":"2026-02-02T09:14:08+00:00","article_modified_time":"2026-02-02T09:14:30+00:00","og_image":[{"width":1000,"height":667,"url":"https:\/\/vtc-strasbourg-dmd.fr\/wp-content\/uploads\/2026\/02\/22163-3.jpg","type":"image\/jpeg"}],"author":"webobjectif","twitter_card":"summary_large_image","twitter_misc":{"Written by":"webobjectif","Est. reading time":"3 minutes"},"schema":{"@context":"https:\/\/schema.org","@graph":[{"@type":"Article","@id":"http:\/\/vtc-strasbourg-dmd.fr\/en\/strasbourg-vtc-transfer-to-kehl-station-take-your-ice-train-with-complete-peace-of-mind\/#article","isPartOf":{"@id":"http:\/\/vtc-strasbourg-dmd.fr\/en\/strasbourg-vtc-transfer-to-kehl-station-take-your-ice-train-with-complete-peace-of-mind\/"},"author":{"name":"webobjectif","@id":"https:\/\/vtc-strasbourg-dmd.fr\/en\/#\/schema\/person\/05759d0bf2739b605f0468a433403ac8"},"headline":"Strasbourg VTC transfer to Kehl station: Take your ICE train with complete peace of mind","datePublished":"2026-02-02T09:14:08+00:00","dateModified":"2026-02-02T09:14:30+00:00","mainEntityOfPage":{"@id":"http:\/\/vtc-strasbourg-dmd.fr\/en\/strasbourg-vtc-transfer-to-kehl-station-take-your-ice-train-with-complete-peace-of-mind\/"},"wordCount":611,"publisher":{"@id":"https:\/\/vtc-strasbourg-dmd.fr\/en\/#organization"},"image":{"@id":"http:\/\/vtc-strasbourg-dmd.fr\/en\/strasbourg-vtc-transfer-to-kehl-station-take-your-ice-train-with-complete-peace-of-mind\/#primaryimage"},"thumbnailUrl":"https:\/\/vtc-strasbourg-dmd.fr\/wp-content\/uploads\/2026\/02\/22163-3.jpg","articleSection":["Non cat\u00e9goris\u00e9"],"inLanguage":"en-US"},{"@type":"WebPage","@id":"http:\/\/vtc-strasbourg-dmd.fr\/en\/strasbourg-vtc-transfer-to-kehl-station-take-your-ice-train-with-complete-peace-of-mind\/","url":"http:\/\/vtc-strasbourg-dmd.fr\/en\/strasbourg-vtc-transfer-to-kehl-station-take-your-ice-train-with-complete-peace-of-mind\/","name":"VTC Strasbourg to Kehl Station: Private Shuttle & Fixed Price","isPartOf":{"@id":"https:\/\/vtc-strasbourg-dmd.fr\/en\/#website"},"primaryImageOfPage":{"@id":"http:\/\/vtc-strasbourg-dmd.fr\/en\/strasbourg-vtc-transfer-to-kehl-station-take-your-ice-train-with-complete-peace-of-mind\/#primaryimage"},"image":{"@id":"http:\/\/vtc-strasbourg-dmd.fr\/en\/strasbourg-vtc-transfer-to-kehl-station-take-your-ice-train-with-complete-peace-of-mind\/#primaryimage"},"thumbnailUrl":"https:\/\/vtc-strasbourg-dmd.fr\/wp-content\/uploads\/2026\/02\/22163-3.jpg","datePublished":"2026-02-02T09:14:08+00:00","dateModified":"2026-02-02T09:14:30+00:00","description":"Are you taking the train from Kehl (Germany)? Avoid the crowded tram with your suitcases. Book your VTC Strasbourg DMD: direct transfer to Kehl train station. Fixed price and comfort.","breadcrumb":{"@id":"http:\/\/vtc-strasbourg-dmd.fr\/en\/strasbourg-vtc-transfer-to-kehl-station-take-your-ice-train-with-complete-peace-of-mind\/#breadcrumb"},"inLanguage":"en-US","potentialAction":[{"@type":"ReadAction","target":["http:\/\/vtc-strasbourg-dmd.fr\/en\/strasbourg-vtc-transfer-to-kehl-station-take-your-ice-train-with-complete-peace-of-mind\/"]}]},{"@type":"ImageObject","inLanguage":"en-US","@id":"http:\/\/vtc-strasbourg-dmd.fr\/en\/strasbourg-vtc-transfer-to-kehl-station-take-your-ice-train-with-complete-peace-of-mind\/#primaryimage","url":"https:\/\/vtc-strasbourg-dmd.fr\/wp-content\/uploads\/2026\/02\/22163-3.jpg","contentUrl":"https:\/\/vtc-strasbourg-dmd.fr\/wp-content\/uploads\/2026\/02\/22163-3.jpg","width":1000,"height":667,"caption":"VTC Chauffeur Gare de Kehl Strasbourg Station train"},{"@type":"BreadcrumbList","@id":"http:\/\/vtc-strasbourg-dmd.fr\/en\/strasbourg-vtc-transfer-to-kehl-station-take-your-ice-train-with-complete-peace-of-mind\/#breadcrumb","itemListElement":[{"@type":"ListItem","position":1,"name":"Accueil","item":"http:\/\/vtc-strasbourg-dmd.fr\/en\/"},{"@type":"ListItem","position":2,"name":"Strasbourg VTC transfer to Kehl station: Take your ICE train with complete peace of mind"}]},{"@type":"WebSite","@id":"https:\/\/vtc-strasbourg-dmd.fr\/en\/#website","url":"https:\/\/vtc-strasbourg-dmd.fr\/en\/","name":"VTC Strasbourg DMD","description":"Chauffeur VTC Strasbourg","publisher":{"@id":"https:\/\/vtc-strasbourg-dmd.fr\/en\/#organization"},"potentialAction":[{"@type":"SearchAction","target":{"@type":"EntryPoint","urlTemplate":"https:\/\/vtc-strasbourg-dmd.fr\/en\/?s={search_term_string}"},"query-input":{"@type":"PropertyValueSpecification","valueRequired":true,"valueName":"search_term_string"}}],"inLanguage":"en-US"},{"@type":"Organization","@id":"https:\/\/vtc-strasbourg-dmd.fr\/en\/#organization","name":"VTC Strasbourg DMD","url":"https:\/\/vtc-strasbourg-dmd.fr\/en\/","logo":{"@type":"ImageObject","inLanguage":"en-US","@id":"https:\/\/vtc-strasbourg-dmd.fr\/en\/#\/schema\/logo\/image\/","url":"https:\/\/vtc-strasbourg-dmd.fr\/wp-content\/uploads\/2025\/05\/cropped-LOGO-DRIVE-ME-DRIVER-scaled-1.png","contentUrl":"https:\/\/vtc-strasbourg-dmd.fr\/wp-content\/uploads\/2025\/05\/cropped-LOGO-DRIVE-ME-DRIVER-scaled-1.png","width":2557,"height":854,"caption":"VTC Strasbourg DMD"},"image":{"@id":"https:\/\/vtc-strasbourg-dmd.fr\/en\/#\/schema\/logo\/image\/"}},{"@type":"Person","@id":"https:\/\/vtc-strasbourg-dmd.fr\/en\/#\/schema\/person\/05759d0bf2739b605f0468a433403ac8","name":"webobjectif","image":{"@type":"ImageObject","inLanguage":"en-US","@id":"https:\/\/vtc-strasbourg-dmd.fr\/en\/#\/schema\/person\/image\/","url":"https:\/\/secure.gravatar.com\/avatar\/ded9b907d1e5d4636440a16a54bd4369b408da9239d8ac948266d8c09fa8936b?s=96&d=mm&r=g","contentUrl":"https:\/\/secure.gravatar.com\/avatar\/ded9b907d1e5d4636440a16a54bd4369b408da9239d8ac948266d8c09fa8936b?s=96&d=mm&r=g","caption":"webobjectif"},"url":"http:\/\/vtc-strasbourg-dmd.fr\/en\/author\/webobjectif\/"}]}},"_links":{"self":[{"href":"http:\/\/vtc-strasbourg-dmd.fr\/en\/wp-json\/wp\/v2\/posts\/4101","targetHints":{"allow":["GET"]}}],"collection":[{"href":"http:\/\/vtc-strasbourg-dmd.fr\/en\/wp-json\/wp\/v2\/posts"}],"about":[{"href":"http:\/\/vtc-strasbourg-dmd.fr\/en\/wp-json\/wp\/v2\/types\/post"}],"author":[{"embeddable":true,"href":"http:\/\/vtc-strasbourg-dmd.fr\/en\/wp-json\/wp\/v2\/users\/30"}],"replies":[{"embeddable":true,"href":"http:\/\/vtc-strasbourg-dmd.fr\/en\/wp-json\/wp\/v2\/comments?post=4101"}],"version-history":[{"count":1,"href":"http:\/\/vtc-strasbourg-dmd.fr\/en\/wp-json\/wp\/v2\/posts\/4101\/revisions"}],"predecessor-version":[{"id":4103,"href":"http:\/\/vtc-strasbourg-dmd.fr\/en\/wp-json\/wp\/v2\/posts\/4101\/revisions\/4103"}],"wp:featuredmedia":[{"embeddable":true,"href":"http:\/\/vtc-strasbourg-dmd.fr\/en\/wp-json\/wp\/v2\/media\/4102"}],"wp:attachment":[{"href":"http:\/\/vtc-strasbourg-dmd.fr\/en\/wp-json\/wp\/v2\/media?parent=4101"}],"wp:term":[{"taxonomy":"category","embeddable":true,"href":"http:\/\/vtc-strasbourg-dmd.fr\/en\/wp-json\/wp\/v2\/categories?post=4101"},{"taxonomy":"post_tag","embeddable":true,"href":"http:\/\/vtc-strasbourg-dmd.fr\/en\/wp-json\/wp\/v2\/tags?post=4101"}],"curies":[{"name":"wp","href":"https:\/\/api.w.org\/{rel}","templated":true}]}}