{"id":4071,"date":"2026-02-02T09:57:14","date_gmt":"2026-02-02T08:57:14","guid":{"rendered":"https:\/\/vtc-strasbourg-dmd.fr\/vtc-business-strasbourg-your-transfers-to-the-european-area-and-the-innovation-park\/"},"modified":"2026-02-02T10:00:01","modified_gmt":"2026-02-02T09:00:01","slug":"vtc-business-strasbourg-your-transfers-to-the-european-area-and-the-innovation-park","status":"publish","type":"post","link":"http:\/\/vtc-strasbourg-dmd.fr\/en\/vtc-business-strasbourg-your-transfers-to-the-european-area-and-the-innovation-park\/","title":{"rendered":"VTC Business Strasbourg: Your transfers to the European Area and the Innovation Park"},"content":{"rendered":"\n<p>Strasbourg is a dynamic economic capital. While tourism is concentrated in the city centre, the heart of business beats on the outskirts, in two major hubs: <strong>the European Business Area (Schiltigheim) in the<\/strong> north, and the <strong>Innovation Park (Illkirch-Graffenstaden)<\/strong> in the south. <\/p>\n\n<p>For executives, sales representatives and professional visitors arriving at the TGV station or the airport, reaching these areas during rush hour can quickly become a logistical headache. <strong>VTC Strasbourg DMD<\/strong> offers you a premium mobility solution, designed for professionals who cannot afford to be late.<\/p>\n\n<hr class=\"wp-block-separator has-alpha-channel-opacity\"\/>\n\n<h2 class=\"wp-block-heading\">1. <a href=\"https:\/\/vtc-strasbourg-dmd.fr\/vtc-strasbourg-gare\/\">Transfer TGV station<\/a> -&gt; European Business Area (Schiltigheim)<\/h2>\n\n<p>With more than 600 companies, the European Area (E3) is the leading tertiary park in Alsace. However, accessing office hours is notoriously difficult. Traffic jams on the Avenue de l&#8217;Europe or the Hausbergen road are frequent.  <\/p>\n\n<p><strong>Why choose a VTC rather than the classic bus or taxi?<\/strong><\/p>\n\n<ul class=\"wp-block-list\">\n<li><strong>The fixed price:<\/strong> This is the number 1 argument. In taxis, traffic jams make the meter tick. With VTC Strasbourg DMD, the rate is flat rate and known in advance, whatever the traffic situation in Schiltigheim.  <\/li>\n\n\n\n<li><strong>Productivity:<\/strong> Don&#8217;t waste time. Our sedans are mobile offices (silence, air conditioning, chargers). Prepare for your meeting or make calls in complete confidentiality during the journey.  <\/li>\n<\/ul>\n\n<h2 class=\"wp-block-heading\">2. Transfer Airport\/Train Station -&gt; Parc d&#8217;Innovation (Illkirch)<\/h2>\n\n<p>The Illkirch Innovation Park (API Cluster) welcomes the elite of Strasbourg&#8217;s tech and bio-tech. Located in the south of the city, it often requires a long and tedious tram connection from the central station. <\/p>\n\n<p>By booking your private driver, you save precious time:<\/p>\n\n<ul class=\"wp-block-list\">\n<li><strong><a href=\"https:\/\/vtc-strasbourg-dmd.fr\/chauffeur-prive-vtc-aeroport-entzheim-strasbourg\/\">From Entzheim Airport <\/a>:<\/strong> We pick you up as soon as you land. In 15 to 20 minutes (via the southern ring road), you are in front of your offices in Illkirch. <\/li>\n\n\n\n<li><strong><a href=\"https:\/\/vtc-strasbourg-dmd.fr\/vtc-strasbourg-gare\/\">From Central Station<\/a> :<\/strong> Your driver is waiting for you on the platform or at the drop-off point. No queues, immediate departure to your seminar or client meeting. <\/li>\n<\/ul>\n\n<hr class=\"wp-block-separator has-alpha-channel-opacity\"\/>\n\n<h2 class=\"wp-block-heading\">3. The Premium alternative for your customers and partners<\/h2>\n\n<p>Do you receive important employees, investors or VIP customers at your company headquarters?<\/p>\n\n<p>Your company&#8217;s image begins as soon as they arrive. Sending a <strong>Mercedes sedan with a driver in a suit<\/strong> to pick them up at the airport sends a strong signal of professionalism and consideration. <\/p>\n\n<p>We provide a welcome with a name card (in the name of your company or the passenger) for a smooth and stress-free experience.<\/p>\n\n<h2 class=\"wp-block-heading\">4. Services dedicated to Enterprises (B2B)<\/h2>\n\n<p>We know that the administrative management of expense reports is time-consuming. For our regular customers and local companies, we offer adapted services: <\/p>\n\n<ul class=\"wp-block-list\">\n<li><strong>Simplified invoicing:<\/strong> Single, detailed invoice with recoverable VAT sent by email.<\/li>\n\n\n\n<li><strong>Availability:<\/strong> Need to make several appointments between Schiltigheim, the city centre and Illkirch? Book a half-day driver. It is waiting for you every step of the way.  <\/li>\n\n\n\n<li><strong>Seminar shuttles:<\/strong> Transport of your teams in <strong>Vans (7 seats)<\/strong> for your <a href=\"https:\/\/vtc-strasbourg-dmd.fr\/transport-evenements-entreprise-strasbourg-vtc\/\">business lunches or team buildings.<\/a><\/li>\n<\/ul>\n\n<hr class=\"wp-block-separator has-alpha-channel-opacity\"\/>\n\n<h3 class=\"wp-block-heading\">Optimize your travel time<\/h3>\n\n<p>Don&#8217;t let public transport or finding parking impact your punctuality. Entrust your business trips to a local expert. <\/p>\n\n<p><a href=\"\/reservation\">Book a Business Driver<\/a><\/p>\n\n<h2 class=\"wp-block-heading\">FAQ: Business transport in Strasbourg<\/h2>\n\n<h3 class=\"wp-block-heading\">How long does it take to get from the train station to the European Area?<\/h3>\n\n<p>In smooth conditions, the journey takes about 15 minutes. At peak times (8am-9am), this can go up to 25-30 minutes. Our drivers use Waze\/Google Maps Pro to take the fastest routes.  <\/p>\n\n<h3 class=\"wp-block-heading\">Do you offer deferred payment for companies?<\/h3>\n\n<p>Yes, for <a href=\"https:\/\/vtc-strasbourg-dmd.fr\/transport-evenements-entreprise-strasbourg-vtc\/\">companies under contract<\/a> or recurring customers, we can set up monthly invoicing payable by bank transfer, which saves your employees from having to pay the costs in advance.<\/p>\n\n<h3 class=\"wp-block-heading\">Can I work in the car?<\/h3>\n\n<p>Absolutely. Our vehicles are chosen for their acoustic comfort and the flexibility of their suspensions. Wi-Fi and chargers are available on board to turn the back seat into a temporary office. <\/p>\n\n<script type=\"application\/ld+json\">{\n  \"@context\": \"https:\/\/schema.org\",\n  \"@graph\": [\n    {\n      \"@type\": \"Service\",\n      \"name\": \"VTC Business Strasbourg (Espace Europ\u00e9en & Parc Innovation)\",\n      \"provider\": {\n        \"@type\": \"LocalBusiness\",\n        \"name\": \"VTC Strasbourg DMD\",\n        \"image\": \"https:\/\/vtc-strasbourg-dmd.fr\/logo.jpg\"\n      },\n      \"areaServed\": [\n        {\n          \"@type\": \"Place\",\n          \"name\": \"Espace Europ\u00e9en de l'Entreprise\",\n          \"address\": { \"@type\": \"PostalAddress\", \"addressLocality\": \"Schiltigheim\" }\n        },\n        {\n          \"@type\": \"Place\",\n          \"name\": \"Parc d'Innovation\",\n          \"address\": { \"@type\": \"PostalAddress\", \"addressLocality\": \"Illkirch-Graffenstaden\" }\n        }\n      ],\n      \"audience\": {\n        \"@type\": \"BusinessAudience\",\n        \"audienceType\": \"Professionnels, Cadres, Entreprises\"\n      },\n      \"description\": \"Service de navette VTC pour professionnels entre la Gare\/A\u00e9roport de Strasbourg et les zones d'activit\u00e9s (Schiltigheim, Illkirch). Facturation entreprise et v\u00e9hicules haut de gamme.\"\n    },\n    {\n      \"@type\": \"FAQPage\",\n      \"mainEntity\": [\n        {\n          \"@type\": \"Question\",\n          \"name\": \"Quel est le temps de trajet Gare Strasbourg - Espace Europ\u00e9en Schiltigheim ?\",\n          \"acceptedAnswer\": {\n            \"@type\": \"Answer\",\n            \"text\": \"Comptez entre 15 et 25 minutes selon le trafic. Nos chauffeurs VTC optimisent l'itin\u00e9raire pour garantir votre ponctualit\u00e9 aux rendez-vous.\"\n          }\n        },\n        {\n          \"@type\": \"Question\",\n          \"name\": \"Proposez-vous une facturation mensuelle pour les soci\u00e9t\u00e9s ?\",\n          \"acceptedAnswer\": {\n            \"@type\": \"Answer\",\n            \"text\": \"Oui, VTC Strasbourg DMD propose des solutions de facturation diff\u00e9r\u00e9e et mensuelle pour simplifier la gestion des notes de frais des entreprises partenaires.\"\n          }\n        }\n      ]\n    }\n  ]\n}\n<\/script>\n","protected":false},"excerpt":{"rendered":"<p>Strasbourg is a dynamic economic capital. While tourism is concentrated in the city centre, the heart of business beats on the outskirts, in two major hubs: the European Business Area (Schiltigheim) in the north, and the Innovation Park (Illkirch-Graffenstaden) in the south. For executives, sales representatives and professional visitors arriving at the TGV station or [&hellip;]<\/p>\n","protected":false},"author":30,"featured_media":4072,"comment_status":"closed","ping_status":"open","sticky":false,"template":"","format":"standard","meta":{"site-sidebar-layout":"default","site-content-layout":"","ast-site-content-layout":"default","site-content-style":"default","site-sidebar-style":"default","ast-global-header-display":"","ast-banner-title-visibility":"","ast-main-header-display":"","ast-hfb-above-header-display":"","ast-hfb-below-header-display":"","ast-hfb-mobile-header-display":"","site-post-title":"","ast-breadcrumbs-content":"","ast-featured-img":"","footer-sml-layout":"","ast-disable-related-posts":"","theme-transparent-header-meta":"","adv-header-id-meta":"","stick-header-meta":"","header-above-stick-meta":"","header-main-stick-meta":"","header-below-stick-meta":"","astra-migrate-meta-layouts":"default","ast-page-background-enabled":"default","ast-page-background-meta":{"desktop":{"background-color":"","background-image":"","background-repeat":"repeat","background-position":"center center","background-size":"auto","background-attachment":"scroll","background-type":"","background-media":"","overlay-type":"","overlay-color":"","overlay-opacity":"","overlay-gradient":""},"tablet":{"background-color":"","background-image":"","background-repeat":"repeat","background-position":"center center","background-size":"auto","background-attachment":"scroll","background-type":"","background-media":"","overlay-type":"","overlay-color":"","overlay-opacity":"","overlay-gradient":""},"mobile":{"background-color":"","background-image":"","background-repeat":"repeat","background-position":"center center","background-size":"auto","background-attachment":"scroll","background-type":"","background-media":"","overlay-type":"","overlay-color":"","overlay-opacity":"","overlay-gradient":""}},"ast-content-background-meta":{"desktop":{"background-color":"var(--ast-global-color-5)","background-image":"","background-repeat":"repeat","background-position":"center center","background-size":"auto","background-attachment":"scroll","background-type":"","background-media":"","overlay-type":"","overlay-color":"","overlay-opacity":"","overlay-gradient":""},"tablet":{"background-color":"var(--ast-global-color-5)","background-image":"","background-repeat":"repeat","background-position":"center center","background-size":"auto","background-attachment":"scroll","background-type":"","background-media":"","overlay-type":"","overlay-color":"","overlay-opacity":"","overlay-gradient":""},"mobile":{"background-color":"var(--ast-global-color-5)","background-image":"","background-repeat":"repeat","background-position":"center center","background-size":"auto","background-attachment":"scroll","background-type":"","background-media":"","overlay-type":"","overlay-color":"","overlay-opacity":"","overlay-gradient":""}},"footnotes":""},"categories":[1],"tags":[],"class_list":["post-4071","post","type-post","status-publish","format-standard","has-post-thumbnail","hentry","category-non-categorise"],"yoast_head":"<!-- This site is optimized with the Yoast SEO plugin v27.0 - https:\/\/yoast.com\/product\/yoast-seo-wordpress\/ -->\n<title>VTC Strasbourg Business: European Area &amp; Innovation Park<\/title>\n<meta name=\"description\" content=\"Professional trip to Strasbourg? Book your VTC to the European Area (Schiltigheim) or the Innovation Park (Illkirch). Punctuality, mobile office comfort and corporate invoicing.\" \/>\n<meta name=\"robots\" content=\"index, follow, max-snippet:-1, max-image-preview:large, max-video-preview:-1\" \/>\n<link rel=\"canonical\" href=\"http:\/\/vtc-strasbourg-dmd.fr\/en\/vtc-business-strasbourg-your-transfers-to-the-european-area-and-the-innovation-park\/\" \/>\n<meta property=\"og:locale\" content=\"en_US\" \/>\n<meta property=\"og:type\" content=\"article\" \/>\n<meta property=\"og:title\" content=\"VTC Strasbourg Business: European Area &amp; Innovation Park\" \/>\n<meta property=\"og:description\" content=\"Professional trip to Strasbourg? Book your VTC to the European Area (Schiltigheim) or the Innovation Park (Illkirch). Punctuality, mobile office comfort and corporate invoicing.\" \/>\n<meta property=\"og:url\" content=\"http:\/\/vtc-strasbourg-dmd.fr\/en\/vtc-business-strasbourg-your-transfers-to-the-european-area-and-the-innovation-park\/\" \/>\n<meta property=\"og:site_name\" content=\"VTC Strasbourg DMD\" \/>\n<meta property=\"article:published_time\" content=\"2026-02-02T08:57:14+00:00\" \/>\n<meta property=\"article:modified_time\" content=\"2026-02-02T09:00:01+00:00\" \/>\n<meta property=\"og:image\" content=\"https:\/\/vtc-strasbourg-dmd.fr\/wp-content\/uploads\/2026\/02\/586.jpg\" \/>\n\t<meta property=\"og:image:width\" content=\"1000\" \/>\n\t<meta property=\"og:image:height\" content=\"667\" \/>\n\t<meta property=\"og:image:type\" content=\"image\/jpeg\" \/>\n<meta name=\"author\" content=\"webobjectif\" \/>\n<meta name=\"twitter:card\" content=\"summary_large_image\" \/>\n<meta name=\"twitter:label1\" content=\"Written by\" \/>\n\t<meta name=\"twitter:data1\" content=\"webobjectif\" \/>\n\t<meta name=\"twitter:label2\" content=\"Est. reading time\" \/>\n\t<meta name=\"twitter:data2\" content=\"3 minutes\" \/>\n<script type=\"application\/ld+json\" class=\"yoast-schema-graph\">{\"@context\":\"https:\/\/schema.org\",\"@graph\":[{\"@type\":\"Article\",\"@id\":\"http:\/\/vtc-strasbourg-dmd.fr\/en\/vtc-business-strasbourg-your-transfers-to-the-european-area-and-the-innovation-park\/#article\",\"isPartOf\":{\"@id\":\"http:\/\/vtc-strasbourg-dmd.fr\/en\/vtc-business-strasbourg-your-transfers-to-the-european-area-and-the-innovation-park\/\"},\"author\":{\"name\":\"webobjectif\",\"@id\":\"https:\/\/vtc-strasbourg-dmd.fr\/en\/#\/schema\/person\/05759d0bf2739b605f0468a433403ac8\"},\"headline\":\"VTC Business Strasbourg: Your transfers to the European Area and the Innovation Park\",\"datePublished\":\"2026-02-02T08:57:14+00:00\",\"dateModified\":\"2026-02-02T09:00:01+00:00\",\"mainEntityOfPage\":{\"@id\":\"http:\/\/vtc-strasbourg-dmd.fr\/en\/vtc-business-strasbourg-your-transfers-to-the-european-area-and-the-innovation-park\/\"},\"wordCount\":642,\"publisher\":{\"@id\":\"https:\/\/vtc-strasbourg-dmd.fr\/en\/#organization\"},\"image\":{\"@id\":\"http:\/\/vtc-strasbourg-dmd.fr\/en\/vtc-business-strasbourg-your-transfers-to-the-european-area-and-the-innovation-park\/#primaryimage\"},\"thumbnailUrl\":\"https:\/\/vtc-strasbourg-dmd.fr\/wp-content\/uploads\/2026\/02\/586.jpg\",\"articleSection\":[\"Non cat\u00e9goris\u00e9\"],\"inLanguage\":\"en-US\"},{\"@type\":\"WebPage\",\"@id\":\"http:\/\/vtc-strasbourg-dmd.fr\/en\/vtc-business-strasbourg-your-transfers-to-the-european-area-and-the-innovation-park\/\",\"url\":\"http:\/\/vtc-strasbourg-dmd.fr\/en\/vtc-business-strasbourg-your-transfers-to-the-european-area-and-the-innovation-park\/\",\"name\":\"VTC Strasbourg Business: European Area & Innovation Park\",\"isPartOf\":{\"@id\":\"https:\/\/vtc-strasbourg-dmd.fr\/en\/#website\"},\"primaryImageOfPage\":{\"@id\":\"http:\/\/vtc-strasbourg-dmd.fr\/en\/vtc-business-strasbourg-your-transfers-to-the-european-area-and-the-innovation-park\/#primaryimage\"},\"image\":{\"@id\":\"http:\/\/vtc-strasbourg-dmd.fr\/en\/vtc-business-strasbourg-your-transfers-to-the-european-area-and-the-innovation-park\/#primaryimage\"},\"thumbnailUrl\":\"https:\/\/vtc-strasbourg-dmd.fr\/wp-content\/uploads\/2026\/02\/586.jpg\",\"datePublished\":\"2026-02-02T08:57:14+00:00\",\"dateModified\":\"2026-02-02T09:00:01+00:00\",\"description\":\"Professional trip to Strasbourg? Book your VTC to the European Area (Schiltigheim) or the Innovation Park (Illkirch). Punctuality, mobile office comfort and corporate invoicing.\",\"breadcrumb\":{\"@id\":\"http:\/\/vtc-strasbourg-dmd.fr\/en\/vtc-business-strasbourg-your-transfers-to-the-european-area-and-the-innovation-park\/#breadcrumb\"},\"inLanguage\":\"en-US\",\"potentialAction\":[{\"@type\":\"ReadAction\",\"target\":[\"http:\/\/vtc-strasbourg-dmd.fr\/en\/vtc-business-strasbourg-your-transfers-to-the-european-area-and-the-innovation-park\/\"]}]},{\"@type\":\"ImageObject\",\"inLanguage\":\"en-US\",\"@id\":\"http:\/\/vtc-strasbourg-dmd.fr\/en\/vtc-business-strasbourg-your-transfers-to-the-european-area-and-the-innovation-park\/#primaryimage\",\"url\":\"https:\/\/vtc-strasbourg-dmd.fr\/wp-content\/uploads\/2026\/02\/586.jpg\",\"contentUrl\":\"https:\/\/vtc-strasbourg-dmd.fr\/wp-content\/uploads\/2026\/02\/586.jpg\",\"width\":1000,\"height\":667,\"caption\":\"VTC Business Strasbourg (European Area &amp; Innovation Park)\"},{\"@type\":\"BreadcrumbList\",\"@id\":\"http:\/\/vtc-strasbourg-dmd.fr\/en\/vtc-business-strasbourg-your-transfers-to-the-european-area-and-the-innovation-park\/#breadcrumb\",\"itemListElement\":[{\"@type\":\"ListItem\",\"position\":1,\"name\":\"Accueil\",\"item\":\"http:\/\/vtc-strasbourg-dmd.fr\/en\/\"},{\"@type\":\"ListItem\",\"position\":2,\"name\":\"VTC Business Strasbourg: Your transfers to the European Area and the Innovation Park\"}]},{\"@type\":\"WebSite\",\"@id\":\"https:\/\/vtc-strasbourg-dmd.fr\/en\/#website\",\"url\":\"https:\/\/vtc-strasbourg-dmd.fr\/en\/\",\"name\":\"VTC Strasbourg DMD\",\"description\":\"Chauffeur VTC Strasbourg\",\"publisher\":{\"@id\":\"https:\/\/vtc-strasbourg-dmd.fr\/en\/#organization\"},\"potentialAction\":[{\"@type\":\"SearchAction\",\"target\":{\"@type\":\"EntryPoint\",\"urlTemplate\":\"https:\/\/vtc-strasbourg-dmd.fr\/en\/?s={search_term_string}\"},\"query-input\":{\"@type\":\"PropertyValueSpecification\",\"valueRequired\":true,\"valueName\":\"search_term_string\"}}],\"inLanguage\":\"en-US\"},{\"@type\":\"Organization\",\"@id\":\"https:\/\/vtc-strasbourg-dmd.fr\/en\/#organization\",\"name\":\"VTC Strasbourg DMD\",\"url\":\"https:\/\/vtc-strasbourg-dmd.fr\/en\/\",\"logo\":{\"@type\":\"ImageObject\",\"inLanguage\":\"en-US\",\"@id\":\"https:\/\/vtc-strasbourg-dmd.fr\/en\/#\/schema\/logo\/image\/\",\"url\":\"https:\/\/vtc-strasbourg-dmd.fr\/wp-content\/uploads\/2025\/05\/cropped-LOGO-DRIVE-ME-DRIVER-scaled-1.png\",\"contentUrl\":\"https:\/\/vtc-strasbourg-dmd.fr\/wp-content\/uploads\/2025\/05\/cropped-LOGO-DRIVE-ME-DRIVER-scaled-1.png\",\"width\":2557,\"height\":854,\"caption\":\"VTC Strasbourg DMD\"},\"image\":{\"@id\":\"https:\/\/vtc-strasbourg-dmd.fr\/en\/#\/schema\/logo\/image\/\"}},{\"@type\":\"Person\",\"@id\":\"https:\/\/vtc-strasbourg-dmd.fr\/en\/#\/schema\/person\/05759d0bf2739b605f0468a433403ac8\",\"name\":\"webobjectif\",\"image\":{\"@type\":\"ImageObject\",\"inLanguage\":\"en-US\",\"@id\":\"https:\/\/vtc-strasbourg-dmd.fr\/en\/#\/schema\/person\/image\/\",\"url\":\"https:\/\/secure.gravatar.com\/avatar\/ded9b907d1e5d4636440a16a54bd4369b408da9239d8ac948266d8c09fa8936b?s=96&d=mm&r=g\",\"contentUrl\":\"https:\/\/secure.gravatar.com\/avatar\/ded9b907d1e5d4636440a16a54bd4369b408da9239d8ac948266d8c09fa8936b?s=96&d=mm&r=g\",\"caption\":\"webobjectif\"},\"url\":\"http:\/\/vtc-strasbourg-dmd.fr\/en\/author\/webobjectif\/\"}]}<\/script>\n<!-- \/ Yoast SEO plugin. -->","yoast_head_json":{"title":"VTC Strasbourg Business: European Area & Innovation Park","description":"Professional trip to Strasbourg? Book your VTC to the European Area (Schiltigheim) or the Innovation Park (Illkirch). Punctuality, mobile office comfort and corporate invoicing.","robots":{"index":"index","follow":"follow","max-snippet":"max-snippet:-1","max-image-preview":"max-image-preview:large","max-video-preview":"max-video-preview:-1"},"canonical":"http:\/\/vtc-strasbourg-dmd.fr\/en\/vtc-business-strasbourg-your-transfers-to-the-european-area-and-the-innovation-park\/","og_locale":"en_US","og_type":"article","og_title":"VTC Strasbourg Business: European Area & Innovation Park","og_description":"Professional trip to Strasbourg? Book your VTC to the European Area (Schiltigheim) or the Innovation Park (Illkirch). Punctuality, mobile office comfort and corporate invoicing.","og_url":"http:\/\/vtc-strasbourg-dmd.fr\/en\/vtc-business-strasbourg-your-transfers-to-the-european-area-and-the-innovation-park\/","og_site_name":"VTC Strasbourg DMD","article_published_time":"2026-02-02T08:57:14+00:00","article_modified_time":"2026-02-02T09:00:01+00:00","og_image":[{"width":1000,"height":667,"url":"https:\/\/vtc-strasbourg-dmd.fr\/wp-content\/uploads\/2026\/02\/586.jpg","type":"image\/jpeg"}],"author":"webobjectif","twitter_card":"summary_large_image","twitter_misc":{"Written by":"webobjectif","Est. reading time":"3 minutes"},"schema":{"@context":"https:\/\/schema.org","@graph":[{"@type":"Article","@id":"http:\/\/vtc-strasbourg-dmd.fr\/en\/vtc-business-strasbourg-your-transfers-to-the-european-area-and-the-innovation-park\/#article","isPartOf":{"@id":"http:\/\/vtc-strasbourg-dmd.fr\/en\/vtc-business-strasbourg-your-transfers-to-the-european-area-and-the-innovation-park\/"},"author":{"name":"webobjectif","@id":"https:\/\/vtc-strasbourg-dmd.fr\/en\/#\/schema\/person\/05759d0bf2739b605f0468a433403ac8"},"headline":"VTC Business Strasbourg: Your transfers to the European Area and the Innovation Park","datePublished":"2026-02-02T08:57:14+00:00","dateModified":"2026-02-02T09:00:01+00:00","mainEntityOfPage":{"@id":"http:\/\/vtc-strasbourg-dmd.fr\/en\/vtc-business-strasbourg-your-transfers-to-the-european-area-and-the-innovation-park\/"},"wordCount":642,"publisher":{"@id":"https:\/\/vtc-strasbourg-dmd.fr\/en\/#organization"},"image":{"@id":"http:\/\/vtc-strasbourg-dmd.fr\/en\/vtc-business-strasbourg-your-transfers-to-the-european-area-and-the-innovation-park\/#primaryimage"},"thumbnailUrl":"https:\/\/vtc-strasbourg-dmd.fr\/wp-content\/uploads\/2026\/02\/586.jpg","articleSection":["Non cat\u00e9goris\u00e9"],"inLanguage":"en-US"},{"@type":"WebPage","@id":"http:\/\/vtc-strasbourg-dmd.fr\/en\/vtc-business-strasbourg-your-transfers-to-the-european-area-and-the-innovation-park\/","url":"http:\/\/vtc-strasbourg-dmd.fr\/en\/vtc-business-strasbourg-your-transfers-to-the-european-area-and-the-innovation-park\/","name":"VTC Strasbourg Business: European Area & Innovation Park","isPartOf":{"@id":"https:\/\/vtc-strasbourg-dmd.fr\/en\/#website"},"primaryImageOfPage":{"@id":"http:\/\/vtc-strasbourg-dmd.fr\/en\/vtc-business-strasbourg-your-transfers-to-the-european-area-and-the-innovation-park\/#primaryimage"},"image":{"@id":"http:\/\/vtc-strasbourg-dmd.fr\/en\/vtc-business-strasbourg-your-transfers-to-the-european-area-and-the-innovation-park\/#primaryimage"},"thumbnailUrl":"https:\/\/vtc-strasbourg-dmd.fr\/wp-content\/uploads\/2026\/02\/586.jpg","datePublished":"2026-02-02T08:57:14+00:00","dateModified":"2026-02-02T09:00:01+00:00","description":"Professional trip to Strasbourg? Book your VTC to the European Area (Schiltigheim) or the Innovation Park (Illkirch). Punctuality, mobile office comfort and corporate invoicing.","breadcrumb":{"@id":"http:\/\/vtc-strasbourg-dmd.fr\/en\/vtc-business-strasbourg-your-transfers-to-the-european-area-and-the-innovation-park\/#breadcrumb"},"inLanguage":"en-US","potentialAction":[{"@type":"ReadAction","target":["http:\/\/vtc-strasbourg-dmd.fr\/en\/vtc-business-strasbourg-your-transfers-to-the-european-area-and-the-innovation-park\/"]}]},{"@type":"ImageObject","inLanguage":"en-US","@id":"http:\/\/vtc-strasbourg-dmd.fr\/en\/vtc-business-strasbourg-your-transfers-to-the-european-area-and-the-innovation-park\/#primaryimage","url":"https:\/\/vtc-strasbourg-dmd.fr\/wp-content\/uploads\/2026\/02\/586.jpg","contentUrl":"https:\/\/vtc-strasbourg-dmd.fr\/wp-content\/uploads\/2026\/02\/586.jpg","width":1000,"height":667,"caption":"VTC Business Strasbourg (European Area &amp; Innovation Park)"},{"@type":"BreadcrumbList","@id":"http:\/\/vtc-strasbourg-dmd.fr\/en\/vtc-business-strasbourg-your-transfers-to-the-european-area-and-the-innovation-park\/#breadcrumb","itemListElement":[{"@type":"ListItem","position":1,"name":"Accueil","item":"http:\/\/vtc-strasbourg-dmd.fr\/en\/"},{"@type":"ListItem","position":2,"name":"VTC Business Strasbourg: Your transfers to the European Area and the Innovation Park"}]},{"@type":"WebSite","@id":"https:\/\/vtc-strasbourg-dmd.fr\/en\/#website","url":"https:\/\/vtc-strasbourg-dmd.fr\/en\/","name":"VTC Strasbourg DMD","description":"Chauffeur VTC Strasbourg","publisher":{"@id":"https:\/\/vtc-strasbourg-dmd.fr\/en\/#organization"},"potentialAction":[{"@type":"SearchAction","target":{"@type":"EntryPoint","urlTemplate":"https:\/\/vtc-strasbourg-dmd.fr\/en\/?s={search_term_string}"},"query-input":{"@type":"PropertyValueSpecification","valueRequired":true,"valueName":"search_term_string"}}],"inLanguage":"en-US"},{"@type":"Organization","@id":"https:\/\/vtc-strasbourg-dmd.fr\/en\/#organization","name":"VTC Strasbourg DMD","url":"https:\/\/vtc-strasbourg-dmd.fr\/en\/","logo":{"@type":"ImageObject","inLanguage":"en-US","@id":"https:\/\/vtc-strasbourg-dmd.fr\/en\/#\/schema\/logo\/image\/","url":"https:\/\/vtc-strasbourg-dmd.fr\/wp-content\/uploads\/2025\/05\/cropped-LOGO-DRIVE-ME-DRIVER-scaled-1.png","contentUrl":"https:\/\/vtc-strasbourg-dmd.fr\/wp-content\/uploads\/2025\/05\/cropped-LOGO-DRIVE-ME-DRIVER-scaled-1.png","width":2557,"height":854,"caption":"VTC Strasbourg DMD"},"image":{"@id":"https:\/\/vtc-strasbourg-dmd.fr\/en\/#\/schema\/logo\/image\/"}},{"@type":"Person","@id":"https:\/\/vtc-strasbourg-dmd.fr\/en\/#\/schema\/person\/05759d0bf2739b605f0468a433403ac8","name":"webobjectif","image":{"@type":"ImageObject","inLanguage":"en-US","@id":"https:\/\/vtc-strasbourg-dmd.fr\/en\/#\/schema\/person\/image\/","url":"https:\/\/secure.gravatar.com\/avatar\/ded9b907d1e5d4636440a16a54bd4369b408da9239d8ac948266d8c09fa8936b?s=96&d=mm&r=g","contentUrl":"https:\/\/secure.gravatar.com\/avatar\/ded9b907d1e5d4636440a16a54bd4369b408da9239d8ac948266d8c09fa8936b?s=96&d=mm&r=g","caption":"webobjectif"},"url":"http:\/\/vtc-strasbourg-dmd.fr\/en\/author\/webobjectif\/"}]}},"_links":{"self":[{"href":"http:\/\/vtc-strasbourg-dmd.fr\/en\/wp-json\/wp\/v2\/posts\/4071","targetHints":{"allow":["GET"]}}],"collection":[{"href":"http:\/\/vtc-strasbourg-dmd.fr\/en\/wp-json\/wp\/v2\/posts"}],"about":[{"href":"http:\/\/vtc-strasbourg-dmd.fr\/en\/wp-json\/wp\/v2\/types\/post"}],"author":[{"embeddable":true,"href":"http:\/\/vtc-strasbourg-dmd.fr\/en\/wp-json\/wp\/v2\/users\/30"}],"replies":[{"embeddable":true,"href":"http:\/\/vtc-strasbourg-dmd.fr\/en\/wp-json\/wp\/v2\/comments?post=4071"}],"version-history":[{"count":4,"href":"http:\/\/vtc-strasbourg-dmd.fr\/en\/wp-json\/wp\/v2\/posts\/4071\/revisions"}],"predecessor-version":[{"id":4084,"href":"http:\/\/vtc-strasbourg-dmd.fr\/en\/wp-json\/wp\/v2\/posts\/4071\/revisions\/4084"}],"wp:featuredmedia":[{"embeddable":true,"href":"http:\/\/vtc-strasbourg-dmd.fr\/en\/wp-json\/wp\/v2\/media\/4072"}],"wp:attachment":[{"href":"http:\/\/vtc-strasbourg-dmd.fr\/en\/wp-json\/wp\/v2\/media?parent=4071"}],"wp:term":[{"taxonomy":"category","embeddable":true,"href":"http:\/\/vtc-strasbourg-dmd.fr\/en\/wp-json\/wp\/v2\/categories?post=4071"},{"taxonomy":"post_tag","embeddable":true,"href":"http:\/\/vtc-strasbourg-dmd.fr\/en\/wp-json\/wp\/v2\/tags?post=4071"}],"curies":[{"name":"wp","href":"https:\/\/api.w.org\/{rel}","templated":true}]}}