{"id":4054,"date":"2026-01-30T18:09:43","date_gmt":"2026-01-30T17:09:43","guid":{"rendered":"https:\/\/vtc-strasbourg-dmd.fr\/concerts-at-the-zenith-de-strasbourg-enjoy-the-show-we-manage-the-vtc-transport\/"},"modified":"2026-02-02T10:05:52","modified_gmt":"2026-02-02T09:05:52","slug":"concerts-at-the-zenith-de-strasbourg-enjoy-the-show-we-manage-the-vtc-transport","status":"publish","type":"post","link":"http:\/\/vtc-strasbourg-dmd.fr\/en\/concerts-at-the-zenith-de-strasbourg-enjoy-the-show-we-manage-the-vtc-transport\/","title":{"rendered":"Concerts at the Z\u00e9nith de Strasbourg: Enjoy the show, we manage the VTC transport"},"content":{"rendered":"\n<p>Do you have your tickets for the next big concert at the <strong>Z\u00e9nith de Strasbourg Europe<\/strong> ? Whether it&#8217;s for an international star, a comedy show or a musical, the evening promises to be memorable. But there is a shadow in the picture that all regulars know well: <strong>access and parking<\/strong>.  <\/p>\n\n<p>The traffic jams on the A351 in Eckbolsheim, the huge but saturated car park, and above all, the hour wasted trying to get out of your parking space at the end of the show&#8230; Don&#8217;t let logistics ruin your fun. <strong>VTC Strasbourg DMD<\/strong> offers you a VIP alternative: leave your car in the garage and opt for a shuttle with a private driver. <\/p>\n\n<hr class=\"wp-block-separator has-alpha-channel-opacity\"\/>\n\n<h2 class=\"wp-block-heading\">1. The nightmare of the Zenith car park (and how to avoid it)<\/h2>\n\n<p>The Zenith can accommodate up to 12,000 people. Imagine 4,000 cars trying to exit at the same time through the same bottlenecks at 11:00 p.m. It&#8217;s inevitable: it&#8217;s jamming.  <\/p>\n\n<p>By choosing a <strong>VTC to go to the Zenith<\/strong>, you benefit from a privilege: the <strong>Drop-off.<\/strong><\/p>\n\n<ul class=\"wp-block-list\">\n<li><strong>On the outward leg:<\/strong> Your driver will drop you off as close as possible to the entrance to the forecourt. You don&#8217;t have to walk 15 minutes from the bottom of the muddy parking lot. <\/li>\n\n\n\n<li><strong>On the way back:<\/strong> We agree on a strategic meeting point to recover you quickly and leave the area before the bulk of the traffic.<\/li>\n<\/ul>\n\n<h2 class=\"wp-block-heading\">2. Enjoy the evening (and the refreshment bar) without risk<\/h2>\n\n<p>A concert is a moment of celebration. This is an opportunity to drink a beer or a glass of champagne with friends before the show or during the intermission. <\/p>\n\n<p>With a private driver, the question <em>&#8220;Who drives home?&#8221;<\/em> no longer arises.<\/p>\n\n<ul class=\"wp-block-list\">\n<li><strong>Security:<\/strong> You return with a sober and rested professional driver.<\/li>\n\n\n\n<li><strong>Licence saved:<\/strong> Police checks are frequent at roundabouts at the exit of the Zenith on nights of big events. Don&#8217;t take any chances. <\/li>\n<\/ul>\n\n<hr class=\"wp-block-separator has-alpha-channel-opacity\"\/>\n\n<h2 class=\"wp-block-heading\">3. The Van VTC solution for groups of friends<\/h2>\n\n<p>We rarely go to see a concert alone. Are you going with 4, 5 or 6 people? <\/p>\n\n<p>Rather than taking two cars (and looking for two parking spaces), book our <strong>Mercedes V-Class Van<\/strong>.<\/p>\n\n<ul class=\"wp-block-list\">\n<li><strong>Conviviality:<\/strong> The debriefing of the concert begins as soon as you get into the van. Music, space, comfort. <\/li>\n\n\n\n<li><strong>Economy:<\/strong> By dividing the price of the fare by 6 or 7 passengers, the fare per person is often only slightly more expensive than the tram, with the added benefit of &#8220;Luxury&#8221; comfort.<\/li>\n<\/ul>\n\n<h2 class=\"wp-block-heading\">4. Fixed Price vs Taxi Meter: Don&#8217;t Pay for Traffic Tickets<\/h2>\n\n<p>This is a crucial point. If you take a classic taxi at the end of the concert and get stuck in the traffic jams of Eckbolsheim for 30 minutes, the meter keeps ticking. The bill can be steep.  <\/p>\n\n<p>At <strong>VTC Strasbourg DMD,<\/strong> the price is <strong>fixed at the time of booking<\/strong>. Even if it takes us a long time to get out of the Zenith area because of the crowds, you don&#8217;t pay a euro more. This is the guarantee of a controlled budget for your evening.  <\/p>\n\n<hr class=\"wp-block-separator has-alpha-channel-opacity\"\/>\n\n<h2 class=\"wp-block-heading\">5. How to book your Zenith shuttle?<\/h2>\n\n<p>On the evenings of major concerts (such as Myl\u00e8ne Farmer, Indochine, Stromae, etc.), demand is explosive in Strasbourg. Uber and taxis are often nowhere to be found or apply 3x fare increases. <\/p>\n\n<p><strong>Our expert advice:<\/strong> Book your round trip at least <strong>24 to 48 hours in advance<\/strong>.<\/p>\n\n<ol class=\"wp-block-list\">\n<li>Indicate the start time of the show for the outward journey.<\/li>\n\n\n\n<li>For the return, we usually follow the end of the concert, but plan to be picked up about 20 to 30 minutes after the theoretical end of the show (the time to leave the venue).<\/li>\n<\/ol>\n\n<h3 class=\"wp-block-heading\">The show doesn&#8217;t wait!<\/h3>\n\n<p>Get your transportation right now and save your energy for singing and dancing.  <a href=\"https:\/\/vtc-strasbourg-dmd.fr\/en\/\">Book my Concert Shuttle<\/a><\/p>\n\n<h2 class=\"wp-block-heading\">FAQ: Coming to the Z\u00e9nith de Strasbourg by VTC<\/h2>\n\n<h3 class=\"wp-block-heading\">Where does the driver pick me up at the end of the concert?<\/h3>\n\n<p>As the forecourt is full of people, we usually agree on a precise and quieter meeting point (for example towards the Campanile hotel or a landmark near the P3 car park) to quickly get you out of the crowds. Your driver will contact you via SMS. <\/p>\n\n<h3 class=\"wp-block-heading\">What if the concert ends later than planned?<\/h3>\n\n<p>Don&#8217;t panic. When booking, we take into account a margin. In addition, you can communicate with your driver. We know that artists&#8217; &#8220;recalls&#8221; can last!   <\/p>\n\n<h3 class=\"wp-block-heading\">How much does it cost to get from the city centre to Z\u00e9nith?<\/h3>\n\n<p>The price depends on the vehicle (Sedan or Van). Use our online calculator to get the exact price. Reminder: this is a fixed price, with no surcharge for traffic jams.  <\/p>\n\n<script type=\"application\/ld+json\">{\n  \"@context\": \"https:\/\/schema.org\",\n  \"@graph\": [\n    {\n      \"@type\": \"Service\",\n      \"name\": \"Navette VTC Z\u00e9nith Strasbourg\",\n      \"provider\": {\n        \"@type\": \"LocalBusiness\",\n        \"name\": \"VTC Strasbourg DMD\",\n        \"image\": \"https:\/\/vtc-strasbourg-dmd.fr\/logo.jpg\"\n      },\n      \"areaServed\": {\n        \"@type\": \"Place\",\n        \"name\": \"Z\u00e9nith de Strasbourg Europe\",\n        \"address\": {\n          \"@type\": \"PostalAddress\",\n          \"addressLocality\": \"Eckbolsheim\",\n          \"addressRegion\": \"Alsace\"\n        }\n      },\n      \"description\": \"Service de transport priv\u00e9 (Aller\/Retour) pour les concerts et spectacles au Z\u00e9nith de Strasbourg. D\u00e9pose minute et prix fixe garanti malgr\u00e9 les bouchons.\"\n    },\n    {\n      \"@type\": \"FAQPage\",\n      \"mainEntity\": [\n        {\n          \"@type\": \"Question\",\n          \"name\": \"O\u00f9 le chauffeur VTC me r\u00e9cup\u00e8re-t-il \u00e0 la fin du concert ?\",\n          \"acceptedAnswer\": {\n            \"@type\": \"Answer\",\n            \"text\": \"\u00c0 la fin du spectacle, nous convenons d'un point de rendez-vous strat\u00e9gique proche du parvis (mais hors de la foule principale) pour faciliter votre d\u00e9part et \u00e9viter d'\u00eatre bloqu\u00e9 trop longtemps.\"\n          }\n        },\n        {\n          \"@type\": \"Question\",\n          \"name\": \"Le prix augmente-t-il s'il y a des bouchons \u00e0 la sortie du Z\u00e9nith ?\",\n          \"acceptedAnswer\": {\n            \"@type\": \"Answer\",\n            \"text\": \"Non. Contrairement aux taxis traditionnels, VTC Strasbourg DMD applique un tarif forfaitaire fixe. Vous connaissez le prix \u00e0 la r\u00e9servation et il ne change pas, m\u00eame si la sortie du parking est difficile.\"\n          }\n        },\n        {\n          \"@type\": \"Question\",\n          \"name\": \"Peut-on r\u00e9server un Van pour un groupe ?\",\n          \"acceptedAnswer\": {\n            \"@type\": \"Answer\",\n            \"text\": \"Oui, nos Vans Mercedes Classe V accueillent jusqu'\u00e0 7 passagers, ce qui est id\u00e9al pour aller voir un concert entre amis et diviser les frais de transport.\"\n          }\n        }\n      ]\n    }\n  ]\n}\n<\/script>\n","protected":false},"excerpt":{"rendered":"<p>Do you have your tickets for the next big concert at the Z\u00e9nith de Strasbourg Europe ? Whether it&#8217;s for an international star, a comedy show or a musical, the evening promises to be memorable. But there is a shadow in the picture that all regulars know well: access and parking. The traffic jams on [&hellip;]<\/p>\n","protected":false},"author":30,"featured_media":4058,"comment_status":"closed","ping_status":"open","sticky":false,"template":"","format":"standard","meta":{"site-sidebar-layout":"default","site-content-layout":"","ast-site-content-layout":"default","site-content-style":"default","site-sidebar-style":"default","ast-global-header-display":"","ast-banner-title-visibility":"","ast-main-header-display":"","ast-hfb-above-header-display":"","ast-hfb-below-header-display":"","ast-hfb-mobile-header-display":"","site-post-title":"","ast-breadcrumbs-content":"","ast-featured-img":"","footer-sml-layout":"","ast-disable-related-posts":"","theme-transparent-header-meta":"","adv-header-id-meta":"","stick-header-meta":"","header-above-stick-meta":"","header-main-stick-meta":"","header-below-stick-meta":"","astra-migrate-meta-layouts":"default","ast-page-background-enabled":"default","ast-page-background-meta":{"desktop":{"background-color":"","background-image":"","background-repeat":"repeat","background-position":"center center","background-size":"auto","background-attachment":"scroll","background-type":"","background-media":"","overlay-type":"","overlay-color":"","overlay-opacity":"","overlay-gradient":""},"tablet":{"background-color":"","background-image":"","background-repeat":"repeat","background-position":"center center","background-size":"auto","background-attachment":"scroll","background-type":"","background-media":"","overlay-type":"","overlay-color":"","overlay-opacity":"","overlay-gradient":""},"mobile":{"background-color":"","background-image":"","background-repeat":"repeat","background-position":"center center","background-size":"auto","background-attachment":"scroll","background-type":"","background-media":"","overlay-type":"","overlay-color":"","overlay-opacity":"","overlay-gradient":""}},"ast-content-background-meta":{"desktop":{"background-color":"var(--ast-global-color-5)","background-image":"","background-repeat":"repeat","background-position":"center center","background-size":"auto","background-attachment":"scroll","background-type":"","background-media":"","overlay-type":"","overlay-color":"","overlay-opacity":"","overlay-gradient":""},"tablet":{"background-color":"var(--ast-global-color-5)","background-image":"","background-repeat":"repeat","background-position":"center center","background-size":"auto","background-attachment":"scroll","background-type":"","background-media":"","overlay-type":"","overlay-color":"","overlay-opacity":"","overlay-gradient":""},"mobile":{"background-color":"var(--ast-global-color-5)","background-image":"","background-repeat":"repeat","background-position":"center center","background-size":"auto","background-attachment":"scroll","background-type":"","background-media":"","overlay-type":"","overlay-color":"","overlay-opacity":"","overlay-gradient":""}},"footnotes":""},"categories":[1],"tags":[],"class_list":["post-4054","post","type-post","status-publish","format-standard","has-post-thumbnail","hentry","category-non-categorise"],"yoast_head":"<!-- This site is optimized with the Yoast SEO plugin v27.0 - https:\/\/yoast.com\/product\/yoast-seo-wordpress\/ -->\n<title>VTC Z\u00e9nith Strasbourg: Concert &amp; Show Shuttle (Forget the Parking)<\/title>\n<meta name=\"description\" content=\"Concert planned at the Z\u00e9nith in Strasbourg? Avoid parking traffic jams and waiting. Book your VTC driver: drop-off in front of the entrance and safe return after the show.\" \/>\n<meta name=\"robots\" content=\"index, follow, max-snippet:-1, max-image-preview:large, max-video-preview:-1\" \/>\n<link rel=\"canonical\" href=\"http:\/\/vtc-strasbourg-dmd.fr\/en\/concerts-at-the-zenith-de-strasbourg-enjoy-the-show-we-manage-the-vtc-transport\/\" \/>\n<meta property=\"og:locale\" content=\"en_US\" \/>\n<meta property=\"og:type\" content=\"article\" \/>\n<meta property=\"og:title\" content=\"VTC Z\u00e9nith Strasbourg: Concert &amp; Show Shuttle (Forget the Parking)\" \/>\n<meta property=\"og:description\" content=\"Concert planned at the Z\u00e9nith in Strasbourg? Avoid parking traffic jams and waiting. Book your VTC driver: drop-off in front of the entrance and safe return after the show.\" \/>\n<meta property=\"og:url\" content=\"http:\/\/vtc-strasbourg-dmd.fr\/en\/concerts-at-the-zenith-de-strasbourg-enjoy-the-show-we-manage-the-vtc-transport\/\" \/>\n<meta property=\"og:site_name\" content=\"VTC Strasbourg DMD\" \/>\n<meta property=\"article:published_time\" content=\"2026-01-30T17:09:43+00:00\" \/>\n<meta property=\"article:modified_time\" content=\"2026-02-02T09:05:52+00:00\" \/>\n<meta property=\"og:image\" content=\"https:\/\/vtc-strasbourg-dmd.fr\/wp-content\/uploads\/2026\/01\/544.jpg\" \/>\n\t<meta property=\"og:image:width\" content=\"1000\" \/>\n\t<meta property=\"og:image:height\" content=\"562\" \/>\n\t<meta property=\"og:image:type\" content=\"image\/jpeg\" \/>\n<meta name=\"author\" content=\"webobjectif\" \/>\n<meta name=\"twitter:card\" content=\"summary_large_image\" \/>\n<meta name=\"twitter:label1\" content=\"Written by\" \/>\n\t<meta name=\"twitter:data1\" content=\"webobjectif\" \/>\n\t<meta name=\"twitter:label2\" content=\"Est. reading time\" \/>\n\t<meta name=\"twitter:data2\" content=\"4 minutes\" \/>\n<script type=\"application\/ld+json\" class=\"yoast-schema-graph\">{\"@context\":\"https:\/\/schema.org\",\"@graph\":[{\"@type\":\"Article\",\"@id\":\"http:\/\/vtc-strasbourg-dmd.fr\/en\/concerts-at-the-zenith-de-strasbourg-enjoy-the-show-we-manage-the-vtc-transport\/#article\",\"isPartOf\":{\"@id\":\"http:\/\/vtc-strasbourg-dmd.fr\/en\/concerts-at-the-zenith-de-strasbourg-enjoy-the-show-we-manage-the-vtc-transport\/\"},\"author\":{\"name\":\"webobjectif\",\"@id\":\"https:\/\/vtc-strasbourg-dmd.fr\/en\/#\/schema\/person\/05759d0bf2739b605f0468a433403ac8\"},\"headline\":\"Concerts at the Z\u00e9nith de Strasbourg: Enjoy the show, we manage the VTC transport\",\"datePublished\":\"2026-01-30T17:09:43+00:00\",\"dateModified\":\"2026-02-02T09:05:52+00:00\",\"mainEntityOfPage\":{\"@id\":\"http:\/\/vtc-strasbourg-dmd.fr\/en\/concerts-at-the-zenith-de-strasbourg-enjoy-the-show-we-manage-the-vtc-transport\/\"},\"wordCount\":782,\"publisher\":{\"@id\":\"https:\/\/vtc-strasbourg-dmd.fr\/en\/#organization\"},\"image\":{\"@id\":\"http:\/\/vtc-strasbourg-dmd.fr\/en\/concerts-at-the-zenith-de-strasbourg-enjoy-the-show-we-manage-the-vtc-transport\/#primaryimage\"},\"thumbnailUrl\":\"https:\/\/vtc-strasbourg-dmd.fr\/wp-content\/uploads\/2026\/01\/544.jpg\",\"articleSection\":[\"Non cat\u00e9goris\u00e9\"],\"inLanguage\":\"en-US\"},{\"@type\":\"WebPage\",\"@id\":\"http:\/\/vtc-strasbourg-dmd.fr\/en\/concerts-at-the-zenith-de-strasbourg-enjoy-the-show-we-manage-the-vtc-transport\/\",\"url\":\"http:\/\/vtc-strasbourg-dmd.fr\/en\/concerts-at-the-zenith-de-strasbourg-enjoy-the-show-we-manage-the-vtc-transport\/\",\"name\":\"VTC Z\u00e9nith Strasbourg: Concert & Show Shuttle (Forget the Parking)\",\"isPartOf\":{\"@id\":\"https:\/\/vtc-strasbourg-dmd.fr\/en\/#website\"},\"primaryImageOfPage\":{\"@id\":\"http:\/\/vtc-strasbourg-dmd.fr\/en\/concerts-at-the-zenith-de-strasbourg-enjoy-the-show-we-manage-the-vtc-transport\/#primaryimage\"},\"image\":{\"@id\":\"http:\/\/vtc-strasbourg-dmd.fr\/en\/concerts-at-the-zenith-de-strasbourg-enjoy-the-show-we-manage-the-vtc-transport\/#primaryimage\"},\"thumbnailUrl\":\"https:\/\/vtc-strasbourg-dmd.fr\/wp-content\/uploads\/2026\/01\/544.jpg\",\"datePublished\":\"2026-01-30T17:09:43+00:00\",\"dateModified\":\"2026-02-02T09:05:52+00:00\",\"description\":\"Concert planned at the Z\u00e9nith in Strasbourg? Avoid parking traffic jams and waiting. Book your VTC driver: drop-off in front of the entrance and safe return after the show.\",\"breadcrumb\":{\"@id\":\"http:\/\/vtc-strasbourg-dmd.fr\/en\/concerts-at-the-zenith-de-strasbourg-enjoy-the-show-we-manage-the-vtc-transport\/#breadcrumb\"},\"inLanguage\":\"en-US\",\"potentialAction\":[{\"@type\":\"ReadAction\",\"target\":[\"http:\/\/vtc-strasbourg-dmd.fr\/en\/concerts-at-the-zenith-de-strasbourg-enjoy-the-show-we-manage-the-vtc-transport\/\"]}]},{\"@type\":\"ImageObject\",\"inLanguage\":\"en-US\",\"@id\":\"http:\/\/vtc-strasbourg-dmd.fr\/en\/concerts-at-the-zenith-de-strasbourg-enjoy-the-show-we-manage-the-vtc-transport\/#primaryimage\",\"url\":\"https:\/\/vtc-strasbourg-dmd.fr\/wp-content\/uploads\/2026\/01\/544.jpg\",\"contentUrl\":\"https:\/\/vtc-strasbourg-dmd.fr\/wp-content\/uploads\/2026\/01\/544.jpg\",\"width\":1000,\"height\":562,\"caption\":\"Shuttle transport VTC z\u00e9nith strasbourg concert\"},{\"@type\":\"BreadcrumbList\",\"@id\":\"http:\/\/vtc-strasbourg-dmd.fr\/en\/concerts-at-the-zenith-de-strasbourg-enjoy-the-show-we-manage-the-vtc-transport\/#breadcrumb\",\"itemListElement\":[{\"@type\":\"ListItem\",\"position\":1,\"name\":\"Accueil\",\"item\":\"http:\/\/vtc-strasbourg-dmd.fr\/en\/\"},{\"@type\":\"ListItem\",\"position\":2,\"name\":\"Concerts at the Z\u00e9nith de Strasbourg: Enjoy the show, we manage the VTC transport\"}]},{\"@type\":\"WebSite\",\"@id\":\"https:\/\/vtc-strasbourg-dmd.fr\/en\/#website\",\"url\":\"https:\/\/vtc-strasbourg-dmd.fr\/en\/\",\"name\":\"VTC Strasbourg DMD\",\"description\":\"Chauffeur VTC Strasbourg\",\"publisher\":{\"@id\":\"https:\/\/vtc-strasbourg-dmd.fr\/en\/#organization\"},\"potentialAction\":[{\"@type\":\"SearchAction\",\"target\":{\"@type\":\"EntryPoint\",\"urlTemplate\":\"https:\/\/vtc-strasbourg-dmd.fr\/en\/?s={search_term_string}\"},\"query-input\":{\"@type\":\"PropertyValueSpecification\",\"valueRequired\":true,\"valueName\":\"search_term_string\"}}],\"inLanguage\":\"en-US\"},{\"@type\":\"Organization\",\"@id\":\"https:\/\/vtc-strasbourg-dmd.fr\/en\/#organization\",\"name\":\"VTC Strasbourg DMD\",\"url\":\"https:\/\/vtc-strasbourg-dmd.fr\/en\/\",\"logo\":{\"@type\":\"ImageObject\",\"inLanguage\":\"en-US\",\"@id\":\"https:\/\/vtc-strasbourg-dmd.fr\/en\/#\/schema\/logo\/image\/\",\"url\":\"https:\/\/vtc-strasbourg-dmd.fr\/wp-content\/uploads\/2025\/05\/cropped-LOGO-DRIVE-ME-DRIVER-scaled-1.png\",\"contentUrl\":\"https:\/\/vtc-strasbourg-dmd.fr\/wp-content\/uploads\/2025\/05\/cropped-LOGO-DRIVE-ME-DRIVER-scaled-1.png\",\"width\":2557,\"height\":854,\"caption\":\"VTC Strasbourg DMD\"},\"image\":{\"@id\":\"https:\/\/vtc-strasbourg-dmd.fr\/en\/#\/schema\/logo\/image\/\"}},{\"@type\":\"Person\",\"@id\":\"https:\/\/vtc-strasbourg-dmd.fr\/en\/#\/schema\/person\/05759d0bf2739b605f0468a433403ac8\",\"name\":\"webobjectif\",\"image\":{\"@type\":\"ImageObject\",\"inLanguage\":\"en-US\",\"@id\":\"https:\/\/vtc-strasbourg-dmd.fr\/en\/#\/schema\/person\/image\/\",\"url\":\"https:\/\/secure.gravatar.com\/avatar\/ded9b907d1e5d4636440a16a54bd4369b408da9239d8ac948266d8c09fa8936b?s=96&d=mm&r=g\",\"contentUrl\":\"https:\/\/secure.gravatar.com\/avatar\/ded9b907d1e5d4636440a16a54bd4369b408da9239d8ac948266d8c09fa8936b?s=96&d=mm&r=g\",\"caption\":\"webobjectif\"},\"url\":\"http:\/\/vtc-strasbourg-dmd.fr\/en\/author\/webobjectif\/\"}]}<\/script>\n<!-- \/ Yoast SEO plugin. -->","yoast_head_json":{"title":"VTC Z\u00e9nith Strasbourg: Concert & Show Shuttle (Forget the Parking)","description":"Concert planned at the Z\u00e9nith in Strasbourg? Avoid parking traffic jams and waiting. Book your VTC driver: drop-off in front of the entrance and safe return after the show.","robots":{"index":"index","follow":"follow","max-snippet":"max-snippet:-1","max-image-preview":"max-image-preview:large","max-video-preview":"max-video-preview:-1"},"canonical":"http:\/\/vtc-strasbourg-dmd.fr\/en\/concerts-at-the-zenith-de-strasbourg-enjoy-the-show-we-manage-the-vtc-transport\/","og_locale":"en_US","og_type":"article","og_title":"VTC Z\u00e9nith Strasbourg: Concert & Show Shuttle (Forget the Parking)","og_description":"Concert planned at the Z\u00e9nith in Strasbourg? Avoid parking traffic jams and waiting. Book your VTC driver: drop-off in front of the entrance and safe return after the show.","og_url":"http:\/\/vtc-strasbourg-dmd.fr\/en\/concerts-at-the-zenith-de-strasbourg-enjoy-the-show-we-manage-the-vtc-transport\/","og_site_name":"VTC Strasbourg DMD","article_published_time":"2026-01-30T17:09:43+00:00","article_modified_time":"2026-02-02T09:05:52+00:00","og_image":[{"width":1000,"height":562,"url":"https:\/\/vtc-strasbourg-dmd.fr\/wp-content\/uploads\/2026\/01\/544.jpg","type":"image\/jpeg"}],"author":"webobjectif","twitter_card":"summary_large_image","twitter_misc":{"Written by":"webobjectif","Est. reading time":"4 minutes"},"schema":{"@context":"https:\/\/schema.org","@graph":[{"@type":"Article","@id":"http:\/\/vtc-strasbourg-dmd.fr\/en\/concerts-at-the-zenith-de-strasbourg-enjoy-the-show-we-manage-the-vtc-transport\/#article","isPartOf":{"@id":"http:\/\/vtc-strasbourg-dmd.fr\/en\/concerts-at-the-zenith-de-strasbourg-enjoy-the-show-we-manage-the-vtc-transport\/"},"author":{"name":"webobjectif","@id":"https:\/\/vtc-strasbourg-dmd.fr\/en\/#\/schema\/person\/05759d0bf2739b605f0468a433403ac8"},"headline":"Concerts at the Z\u00e9nith de Strasbourg: Enjoy the show, we manage the VTC transport","datePublished":"2026-01-30T17:09:43+00:00","dateModified":"2026-02-02T09:05:52+00:00","mainEntityOfPage":{"@id":"http:\/\/vtc-strasbourg-dmd.fr\/en\/concerts-at-the-zenith-de-strasbourg-enjoy-the-show-we-manage-the-vtc-transport\/"},"wordCount":782,"publisher":{"@id":"https:\/\/vtc-strasbourg-dmd.fr\/en\/#organization"},"image":{"@id":"http:\/\/vtc-strasbourg-dmd.fr\/en\/concerts-at-the-zenith-de-strasbourg-enjoy-the-show-we-manage-the-vtc-transport\/#primaryimage"},"thumbnailUrl":"https:\/\/vtc-strasbourg-dmd.fr\/wp-content\/uploads\/2026\/01\/544.jpg","articleSection":["Non cat\u00e9goris\u00e9"],"inLanguage":"en-US"},{"@type":"WebPage","@id":"http:\/\/vtc-strasbourg-dmd.fr\/en\/concerts-at-the-zenith-de-strasbourg-enjoy-the-show-we-manage-the-vtc-transport\/","url":"http:\/\/vtc-strasbourg-dmd.fr\/en\/concerts-at-the-zenith-de-strasbourg-enjoy-the-show-we-manage-the-vtc-transport\/","name":"VTC Z\u00e9nith Strasbourg: Concert & Show Shuttle (Forget the Parking)","isPartOf":{"@id":"https:\/\/vtc-strasbourg-dmd.fr\/en\/#website"},"primaryImageOfPage":{"@id":"http:\/\/vtc-strasbourg-dmd.fr\/en\/concerts-at-the-zenith-de-strasbourg-enjoy-the-show-we-manage-the-vtc-transport\/#primaryimage"},"image":{"@id":"http:\/\/vtc-strasbourg-dmd.fr\/en\/concerts-at-the-zenith-de-strasbourg-enjoy-the-show-we-manage-the-vtc-transport\/#primaryimage"},"thumbnailUrl":"https:\/\/vtc-strasbourg-dmd.fr\/wp-content\/uploads\/2026\/01\/544.jpg","datePublished":"2026-01-30T17:09:43+00:00","dateModified":"2026-02-02T09:05:52+00:00","description":"Concert planned at the Z\u00e9nith in Strasbourg? Avoid parking traffic jams and waiting. Book your VTC driver: drop-off in front of the entrance and safe return after the show.","breadcrumb":{"@id":"http:\/\/vtc-strasbourg-dmd.fr\/en\/concerts-at-the-zenith-de-strasbourg-enjoy-the-show-we-manage-the-vtc-transport\/#breadcrumb"},"inLanguage":"en-US","potentialAction":[{"@type":"ReadAction","target":["http:\/\/vtc-strasbourg-dmd.fr\/en\/concerts-at-the-zenith-de-strasbourg-enjoy-the-show-we-manage-the-vtc-transport\/"]}]},{"@type":"ImageObject","inLanguage":"en-US","@id":"http:\/\/vtc-strasbourg-dmd.fr\/en\/concerts-at-the-zenith-de-strasbourg-enjoy-the-show-we-manage-the-vtc-transport\/#primaryimage","url":"https:\/\/vtc-strasbourg-dmd.fr\/wp-content\/uploads\/2026\/01\/544.jpg","contentUrl":"https:\/\/vtc-strasbourg-dmd.fr\/wp-content\/uploads\/2026\/01\/544.jpg","width":1000,"height":562,"caption":"Shuttle transport VTC z\u00e9nith strasbourg concert"},{"@type":"BreadcrumbList","@id":"http:\/\/vtc-strasbourg-dmd.fr\/en\/concerts-at-the-zenith-de-strasbourg-enjoy-the-show-we-manage-the-vtc-transport\/#breadcrumb","itemListElement":[{"@type":"ListItem","position":1,"name":"Accueil","item":"http:\/\/vtc-strasbourg-dmd.fr\/en\/"},{"@type":"ListItem","position":2,"name":"Concerts at the Z\u00e9nith de Strasbourg: Enjoy the show, we manage the VTC transport"}]},{"@type":"WebSite","@id":"https:\/\/vtc-strasbourg-dmd.fr\/en\/#website","url":"https:\/\/vtc-strasbourg-dmd.fr\/en\/","name":"VTC Strasbourg DMD","description":"Chauffeur VTC Strasbourg","publisher":{"@id":"https:\/\/vtc-strasbourg-dmd.fr\/en\/#organization"},"potentialAction":[{"@type":"SearchAction","target":{"@type":"EntryPoint","urlTemplate":"https:\/\/vtc-strasbourg-dmd.fr\/en\/?s={search_term_string}"},"query-input":{"@type":"PropertyValueSpecification","valueRequired":true,"valueName":"search_term_string"}}],"inLanguage":"en-US"},{"@type":"Organization","@id":"https:\/\/vtc-strasbourg-dmd.fr\/en\/#organization","name":"VTC Strasbourg DMD","url":"https:\/\/vtc-strasbourg-dmd.fr\/en\/","logo":{"@type":"ImageObject","inLanguage":"en-US","@id":"https:\/\/vtc-strasbourg-dmd.fr\/en\/#\/schema\/logo\/image\/","url":"https:\/\/vtc-strasbourg-dmd.fr\/wp-content\/uploads\/2025\/05\/cropped-LOGO-DRIVE-ME-DRIVER-scaled-1.png","contentUrl":"https:\/\/vtc-strasbourg-dmd.fr\/wp-content\/uploads\/2025\/05\/cropped-LOGO-DRIVE-ME-DRIVER-scaled-1.png","width":2557,"height":854,"caption":"VTC Strasbourg DMD"},"image":{"@id":"https:\/\/vtc-strasbourg-dmd.fr\/en\/#\/schema\/logo\/image\/"}},{"@type":"Person","@id":"https:\/\/vtc-strasbourg-dmd.fr\/en\/#\/schema\/person\/05759d0bf2739b605f0468a433403ac8","name":"webobjectif","image":{"@type":"ImageObject","inLanguage":"en-US","@id":"https:\/\/vtc-strasbourg-dmd.fr\/en\/#\/schema\/person\/image\/","url":"https:\/\/secure.gravatar.com\/avatar\/ded9b907d1e5d4636440a16a54bd4369b408da9239d8ac948266d8c09fa8936b?s=96&d=mm&r=g","contentUrl":"https:\/\/secure.gravatar.com\/avatar\/ded9b907d1e5d4636440a16a54bd4369b408da9239d8ac948266d8c09fa8936b?s=96&d=mm&r=g","caption":"webobjectif"},"url":"http:\/\/vtc-strasbourg-dmd.fr\/en\/author\/webobjectif\/"}]}},"_links":{"self":[{"href":"http:\/\/vtc-strasbourg-dmd.fr\/en\/wp-json\/wp\/v2\/posts\/4054","targetHints":{"allow":["GET"]}}],"collection":[{"href":"http:\/\/vtc-strasbourg-dmd.fr\/en\/wp-json\/wp\/v2\/posts"}],"about":[{"href":"http:\/\/vtc-strasbourg-dmd.fr\/en\/wp-json\/wp\/v2\/types\/post"}],"author":[{"embeddable":true,"href":"http:\/\/vtc-strasbourg-dmd.fr\/en\/wp-json\/wp\/v2\/users\/30"}],"replies":[{"embeddable":true,"href":"http:\/\/vtc-strasbourg-dmd.fr\/en\/wp-json\/wp\/v2\/comments?post=4054"}],"version-history":[{"count":2,"href":"http:\/\/vtc-strasbourg-dmd.fr\/en\/wp-json\/wp\/v2\/posts\/4054\/revisions"}],"predecessor-version":[{"id":4090,"href":"http:\/\/vtc-strasbourg-dmd.fr\/en\/wp-json\/wp\/v2\/posts\/4054\/revisions\/4090"}],"wp:featuredmedia":[{"embeddable":true,"href":"http:\/\/vtc-strasbourg-dmd.fr\/en\/wp-json\/wp\/v2\/media\/4058"}],"wp:attachment":[{"href":"http:\/\/vtc-strasbourg-dmd.fr\/en\/wp-json\/wp\/v2\/media?parent=4054"}],"wp:term":[{"taxonomy":"category","embeddable":true,"href":"http:\/\/vtc-strasbourg-dmd.fr\/en\/wp-json\/wp\/v2\/categories?post=4054"},{"taxonomy":"post_tag","embeddable":true,"href":"http:\/\/vtc-strasbourg-dmd.fr\/en\/wp-json\/wp\/v2\/tags?post=4054"}],"curies":[{"name":"wp","href":"https:\/\/api.w.org\/{rel}","templated":true}]}}