{"id":4111,"date":"2026-02-04T17:42:15","date_gmt":"2026-02-04T16:42:15","guid":{"rendered":"https:\/\/vtc-strasbourg-dmd.fr\/ferntransfer-von-strassburg-paris-lyon-bruessel-mit-vtc\/"},"modified":"2026-02-04T17:48:00","modified_gmt":"2026-02-04T16:48:00","slug":"ferntransfer-von-strassburg-paris-lyon-bruessel-mit-vtc","status":"publish","type":"post","link":"http:\/\/vtc-strasbourg-dmd.fr\/de\/ferntransfer-von-strassburg-paris-lyon-bruessel-mit-vtc\/","title":{"rendered":"Ferntransfer von Stra\u00dfburg: Paris, Lyon, Br\u00fcssel mit VTC"},"content":{"rendered":"\n<p>Musst du zu einem wichtigen Treffen nach Paris eilen? Hast du ein Flugzeug in Br\u00fcssel oder Z\u00fcrich zu erwischen? Manchmal sind Zug oder Flugzeug nicht die idealen L\u00f6sungen: unerwartete SNCF-Streiks, starre Fahrpl\u00e4ne, riskante Verbindungen oder einfach der Wunsch, allein in Ruhe zu reisen.  <\/p>\n\n<p><strong>Die VTC Strasbourg DMD<\/strong> ist nicht auf lokale Fahrten beschr\u00e4nkt. Wir sind Ihr vertrauensw\u00fcrdiger Partner f\u00fcr all Ihre <strong>Langstreckenreisen<\/strong> aus dem Elsass. Steig in Stra\u00dfburg ein, steig vor deinem Hotel in Paris oder Lyon aus. Ohne Lastpausen, ohne Stress.   <\/p>\n\n<hr class=\"wp-block-separator has-alpha-channel-opacity\"\/>\n\n<h2 class=\"wp-block-heading\">1. SNCF-Streik oder gestrichener Zug: Ihr unmittelbarer Plan B<\/h2>\n\n<p>Nichts ist stressiger, als wenn dein TGV auf der Schwarze Tafel mit &#8222;Gel\u00f6scht&#8220; angezeigt wird, wenn ein wichtiger Vertrag 500 km entfernt abgewickelt wird.<\/p>\n\n<p>In diesen kritischen Momenten ist Reaktionsf\u00e4higkeit unsere St\u00e4rke.<\/p>\n\n<ul class=\"wp-block-list\">\n<li><strong>Verf\u00fcgbarkeit:<\/strong> Mit einem einfachen Anruf k\u00f6nnen wir einen Fahrer f\u00fcr eine sofortige oder geplante Abfahrt mobilisieren.<\/li>\n\n\n\n<li><strong>Zuverl\u00e4ssigkeit:<\/strong> Ein Auto trifft nicht. Wir nehmen die Autobahn und bringen Sie zu Ihrem Ziel, egal was passiert. <\/li>\n\n\n\n<li><strong>T\u00fcr-zu-T\u00fcr:<\/strong> Der Zug f\u00e4hrt am Gare de l&#8217;Est oder Gare de Lyon ab, und du musst trotzdem ein Taxi nehmen. Wir setzen Sie am Fu\u00df Ihres Termins ab. <\/li>\n<\/ul>\n\n<h2 class=\"wp-block-heading\">2. Der Komfort eines privaten &#8222;Business Class&#8220;<\/h2>\n\n<p>4 oder 5 Stunden zu fahren kann be\u00e4ngstigend sein. Aber an Bord unserer Fahrzeuge vergeht die Zeit anders. Vergessen Sie das Unbehagen eines \u00fcberf\u00fcllten Wagens oder die Telefongespr\u00e4che des Nachbarn.  <\/p>\n\n<p>Unsere Limousinen (Mercedes E-Klasse) und Vans (V-Klasse) sind f\u00fcr Langstreckenreisen ausgestattet:<\/p>\n\n<ul class=\"wp-block-list\">\n<li><strong>Mobiles B\u00fcro:<\/strong> WLAN am Bord, Tablets (bei einigen Modellen) und Ladeger\u00e4te. Arbeit oder Videokonferenz unter vollst\u00e4ndiger Vertraulichkeit. <\/li>\n\n\n\n<li><strong>Entspannung:<\/strong> Bequeme Ledersitze, Zwei-Zonen-Klimaanlage, Flaschenwasser und Leckereien.<\/li>\n\n\n\n<li><strong>\u00c0 la carte breaks:<\/strong> Es liegt an dir. Brauchen Sie eine Streckung der Beine, einen Kaffee trinken oder eine Zigarette rauchen? Wir schauen vorbei, wann immer du willst.  <\/li>\n<\/ul>\n\n<hr class=\"wp-block-separator has-alpha-channel-opacity\"\/>\n\n<h2 class=\"wp-block-heading\">3. Unsere h\u00e4ufigen Ziele von Stra\u00dfburg aus<\/h2>\n\n<p>Wir bedienen ganz Frankreich und die Nachbarl\u00e4nder. Hier sind die von unseren Gesch\u00e4ftskunden am meisten gew\u00fcnschten Verbindungen: <\/p>\n\n<h3 class=\"wp-block-heading\">Stra\u00dfburg \u2194 Paris (ca. 4 Stunden 45 Minuten)<\/h3>\n\n<p>Die entscheidende Verbindung. Ideal, wenn die TGVs voll sind oder um vertrauliche Dokumente\/empfindliche Ger\u00e4te zu transportieren, die nicht in den Laderaum kommen. <\/p>\n\n<h3 class=\"wp-block-heading\">Stra\u00dfburg \u2194, Schweiz (Basel, Z\u00fcrich, Genf)<\/h3>\n\n<p>F\u00fcr Banktermine oder \u00dcberweisungen zu Schweizer internationalen Flugh\u00e4fen. Wir k\u00fcmmern uns um Zollformalit\u00e4ten f\u00fcr einen reibungslosen Ablauf. <\/p>\n\n<h3 class=\"wp-block-heading\">Stra\u00dfburg \u2194, Br\u00fcssel \/ Luxemburg<\/h3>\n\n<p>Die Verbindung zu den europ\u00e4ischen Institutionen. Eine direkte Autobahnroute, die bei Parlamentariern und Diplomaten sehr beliebt ist. <\/p>\n\n<h3 class=\"wp-block-heading\">Stra\u00dfburg \u2194, Deutschland (<a href=\"https:\/\/vtc-strasbourg-dmd.fr\/transfert-vtc-aeroport-francfort-strasbourg\/\" type=\"link\" id=\"https:\/\/vtc-strasbourg-dmd.fr\/transfert-vtc-aeroport-francfort-strasbourg\/\">Frankfurt<\/a>, <a href=\"https:\/\/vtc-strasbourg-dmd.fr\/chauffeur-prive-vtc-aeroport-stuttgart\/\" type=\"link\" id=\"https:\/\/vtc-strasbourg-dmd.fr\/chauffeur-prive-vtc-aeroport-stuttgart\/\">Stuttgart<\/a>, M\u00fcnchen)<\/h3>\n\n<p>Schneller Zugang zu deutschen Wirtschaftszentren ohne die Komplikationen der Deutschen Bahn.<\/p>\n\n<hr class=\"wp-block-separator has-alpha-channel-opacity\"\/>\n\n<h2 class=\"wp-block-heading\">4. Fernbeziehungsraten: Wie funktioniert es?<\/h2>\n\n<p>F\u00fcr Fahrten von mehreren hundert Kilometern kann der klassische Kilometerz\u00e4hler (Taxi) sehr unangenehme \u00dcberraschungen bereithalten.<\/p>\n\n<p>Bei <strong>VTC Strasbourg DMD<\/strong> arbeiten wir mit einem <strong>Laufleistungspaket nach gleitendem Ma\u00dfstab<\/strong>.<\/p>\n\n<ul class=\"wp-block-list\">\n<li>Wir berechnen den genauen Preis im Voraus (einschlie\u00dflich Mautgeb\u00fchren und Kraftstoff).<\/li>\n\n\n\n<li>Sie erhalten ein festes Angebot per E-Mail oder SMS.<\/li>\n\n\n\n<li>Einmal validiert, \u00e4ndert sich der Preis nicht, selbst wenn es Staus auf dem Pariser Ring gibt.<\/li>\n<\/ul>\n\n<h3 class=\"wp-block-heading\">Musst du jetzt weit weg?<\/h3>\n\n<p>Warte nicht. Kontaktieren Sie uns, um Ihren sofortigen Pauschalpreis zu erhalten. <\/p>\n\n<p><a href=\"https:\/\/vtc-strasbourg-dmd.fr\/de\/\" type=\"link\" id=\"https:\/\/vtc-strasbourg-dmd.fr\/de\/\">Fordern Sie ein Fernangebot an<\/a><\/p>\n\n<h2 class=\"wp-block-heading\">FAQs: Langstreckenreisen<\/h2>\n\n<h3 class=\"wp-block-heading\">Wie weit im Voraus sollte ich einen Flug von Stra\u00dfburg nach Paris buchen?<\/h3>\n\n<p>Idealerweise sollten Sie 24 bis 48 Stunden im Voraus buchen, um die Verf\u00fcgbarkeit des Fahrzeugs zu garantieren. Im Notfall (Zugausfall) wenden Sie sich jedoch telefonisch an uns: Wenn ein Fahrer verf\u00fcgbar ist, fahren wir innerhalb einer Stunde ab. <\/p>\n\n<h3 class=\"wp-block-heading\">Ist die R\u00fcckgabe im Preis enthalten?<\/h3>\n\n<p>Das Grundangebot gilt f\u00fcr das Einzelticket. Wenn Sie m\u00f6chten, dass der Fahrer vor Ort auf Sie wartet (z. B. f\u00fcr ein zweist\u00fcndiges Treffen in Paris) und Sie zur\u00fcckbringt, bieten wir ein sehr vorteilhaftes &#8222;Hin- und R\u00fcckfahrt + Warten&#8220;-Paket an. <\/p>\n\n<h3 class=\"wp-block-heading\">K\u00f6nnen wir gemeinsam reisen, um die Kosten zu teilen?<\/h3>\n\n<p>Ja! Das ist der ganze Punkt. Eine Fahrt von Stra\u00dfburg nach Lyon in einem VTC-Van, der von 5 oder 6 Kollegen geteilt wird, ist oft g\u00fcnstiger als 6 Last-Minute-Zugtickets, mit dem zus\u00e4tzlichen Komfort des T\u00fcr-zu-T\u00fcr-Reisens.  <\/p>\n\n<script type=\"application\/ld+json\">{\n  \"@context\": \"https:\/\/schema.org\",\n  \"@graph\": [\n    {\n      \"@type\": \"Service\",\n      \"name\": \"VTC Longue Distance Strasbourg (Paris, Bruxelles, Suisse)\",\n      \"provider\": {\n        \"@type\": \"LocalBusiness\",\n        \"name\": \"VTC Strasbourg DMD\",\n        \"image\": \"https:\/\/vtc-strasbourg-dmd.fr\/logo.jpg\",\n        \"priceRange\": \"$$$\"\n      },\n      \"areaServed\": [\n        { \"@type\": \"City\", \"name\": \"Strasbourg\" },\n        { \"@type\": \"City\", \"name\": \"Paris\" },\n        { \"@type\": \"City\", \"name\": \"Lyon\" },\n        { \"@type\": \"City\", \"name\": \"Bruxelles\", \"addressCountry\": \"BE\" },\n        { \"@type\": \"City\", \"name\": \"Zurich\", \"addressCountry\": \"CH\" }\n      ],\n      \"description\": \"Service de transport priv\u00e9 longue distance au d\u00e9part de Strasbourg. Alternative au train et \u00e0 l'avion pour rejoindre Paris, Lyon, l'Allemagne ou la Suisse en voiture avec chauffeur.\",\n      \"serviceType\": \"Intercity Transportation\"\n    },\n    {\n      \"@type\": \"FAQPage\",\n      \"mainEntity\": [\n        {\n          \"@type\": \"Question\",\n          \"name\": \"Quel est le prix d'un VTC Strasbourg - Paris ?\",\n          \"acceptedAnswer\": {\n            \"@type\": \"Answer\",\n            \"text\": \"Le tarif est calcul\u00e9 au forfait kilom\u00e9trique et inclut les p\u00e9ages. Il est fixe et annonc\u00e9 \u00e0 la r\u00e9servation. Contactez-nous pour un devis pr\u00e9cis selon le v\u00e9hicule choisi.\"\n          }\n        },\n        {\n          \"@type\": \"Question\",\n          \"name\": \"Faites-vous des trajets vers la Suisse ou l'Allemagne ?\",\n          \"acceptedAnswer\": {\n            \"@type\": \"Answer\",\n            \"text\": \"Oui, nous assurons quotidiennement des liaisons vers B\u00e2le, Zurich, Francfort ou Stuttgart depuis l'Alsace.\"\n          }\n        }\n      ]\n    }\n  ]\n}\n<\/script>\n","protected":false},"excerpt":{"rendered":"<p>Musst du zu einem wichtigen Treffen nach Paris eilen? Hast du ein Flugzeug in Br\u00fcssel oder Z\u00fcrich zu erwischen? Manchmal sind Zug oder Flugzeug nicht die idealen L\u00f6sungen: unerwartete SNCF-Streiks, starre Fahrpl\u00e4ne, riskante Verbindungen oder einfach der Wunsch, allein in Ruhe zu reisen. Die VTC Strasbourg DMD ist nicht auf lokale Fahrten beschr\u00e4nkt. Wir sind [&hellip;]<\/p>\n","protected":false},"author":30,"featured_media":4112,"comment_status":"closed","ping_status":"open","sticky":false,"template":"","format":"standard","meta":{"site-sidebar-layout":"default","site-content-layout":"","ast-site-content-layout":"default","site-content-style":"default","site-sidebar-style":"default","ast-global-header-display":"","ast-banner-title-visibility":"","ast-main-header-display":"","ast-hfb-above-header-display":"","ast-hfb-below-header-display":"","ast-hfb-mobile-header-display":"","site-post-title":"","ast-breadcrumbs-content":"","ast-featured-img":"","footer-sml-layout":"","ast-disable-related-posts":"","theme-transparent-header-meta":"","adv-header-id-meta":"","stick-header-meta":"","header-above-stick-meta":"","header-main-stick-meta":"","header-below-stick-meta":"","astra-migrate-meta-layouts":"default","ast-page-background-enabled":"default","ast-page-background-meta":{"desktop":{"background-color":"","background-image":"","background-repeat":"repeat","background-position":"center center","background-size":"auto","background-attachment":"scroll","background-type":"","background-media":"","overlay-type":"","overlay-color":"","overlay-opacity":"","overlay-gradient":""},"tablet":{"background-color":"","background-image":"","background-repeat":"repeat","background-position":"center center","background-size":"auto","background-attachment":"scroll","background-type":"","background-media":"","overlay-type":"","overlay-color":"","overlay-opacity":"","overlay-gradient":""},"mobile":{"background-color":"","background-image":"","background-repeat":"repeat","background-position":"center center","background-size":"auto","background-attachment":"scroll","background-type":"","background-media":"","overlay-type":"","overlay-color":"","overlay-opacity":"","overlay-gradient":""}},"ast-content-background-meta":{"desktop":{"background-color":"var(--ast-global-color-5)","background-image":"","background-repeat":"repeat","background-position":"center center","background-size":"auto","background-attachment":"scroll","background-type":"","background-media":"","overlay-type":"","overlay-color":"","overlay-opacity":"","overlay-gradient":""},"tablet":{"background-color":"var(--ast-global-color-5)","background-image":"","background-repeat":"repeat","background-position":"center center","background-size":"auto","background-attachment":"scroll","background-type":"","background-media":"","overlay-type":"","overlay-color":"","overlay-opacity":"","overlay-gradient":""},"mobile":{"background-color":"var(--ast-global-color-5)","background-image":"","background-repeat":"repeat","background-position":"center center","background-size":"auto","background-attachment":"scroll","background-type":"","background-media":"","overlay-type":"","overlay-color":"","overlay-opacity":"","overlay-gradient":""}},"footnotes":""},"categories":[37],"tags":[],"class_list":["post-4111","post","type-post","status-publish","format-standard","has-post-thumbnail","hentry","category-nicht-kategorisiert"],"yoast_head":"<!-- This site is optimized with the Yoast SEO plugin v27.0 - https:\/\/yoast.com\/product\/yoast-seo-wordpress\/ -->\n<title>Stra\u00dfburger Fernverkehr VTC: Paris, Lyon, Br\u00fcssel (Alternativzug)<\/title>\n<meta name=\"description\" content=\"Zug gestrichen oder brauchst du eine Direktfahrt? Buchen Sie Ihren Fern-VTC von Stra\u00dfburg nach ganz Europa. Komfortlimousine, WLAN und Festpreis.\" \/>\n<meta name=\"robots\" content=\"index, follow, max-snippet:-1, max-image-preview:large, max-video-preview:-1\" \/>\n<link rel=\"canonical\" href=\"http:\/\/vtc-strasbourg-dmd.fr\/de\/ferntransfer-von-strassburg-paris-lyon-bruessel-mit-vtc\/\" \/>\n<meta property=\"og:locale\" content=\"de_DE\" \/>\n<meta property=\"og:type\" content=\"article\" \/>\n<meta property=\"og:title\" content=\"Stra\u00dfburger Fernverkehr VTC: Paris, Lyon, Br\u00fcssel (Alternativzug)\" \/>\n<meta property=\"og:description\" content=\"Zug gestrichen oder brauchst du eine Direktfahrt? Buchen Sie Ihren Fern-VTC von Stra\u00dfburg nach ganz Europa. Komfortlimousine, WLAN und Festpreis.\" \/>\n<meta property=\"og:url\" content=\"http:\/\/vtc-strasbourg-dmd.fr\/de\/ferntransfer-von-strassburg-paris-lyon-bruessel-mit-vtc\/\" \/>\n<meta property=\"og:site_name\" content=\"VTC Strasbourg DMD\" \/>\n<meta property=\"article:published_time\" content=\"2026-02-04T16:42:15+00:00\" \/>\n<meta property=\"article:modified_time\" content=\"2026-02-04T16:48:00+00:00\" \/>\n<meta property=\"og:image\" content=\"https:\/\/vtc-strasbourg-dmd.fr\/wp-content\/uploads\/2026\/02\/68596.jpg\" \/>\n\t<meta property=\"og:image:width\" content=\"1000\" \/>\n\t<meta property=\"og:image:height\" content=\"667\" \/>\n\t<meta property=\"og:image:type\" content=\"image\/jpeg\" \/>\n<meta name=\"author\" content=\"webobjectif\" \/>\n<meta name=\"twitter:card\" content=\"summary_large_image\" \/>\n<meta name=\"twitter:label1\" content=\"Verfasst von\" \/>\n\t<meta name=\"twitter:data1\" content=\"webobjectif\" \/>\n\t<meta name=\"twitter:label2\" content=\"Gesch\u00e4tzte Lesezeit\" \/>\n\t<meta name=\"twitter:data2\" content=\"3 Minuten\" \/>\n<script type=\"application\/ld+json\" class=\"yoast-schema-graph\">{\"@context\":\"https:\/\/schema.org\",\"@graph\":[{\"@type\":\"Article\",\"@id\":\"http:\/\/vtc-strasbourg-dmd.fr\/de\/ferntransfer-von-strassburg-paris-lyon-bruessel-mit-vtc\/#article\",\"isPartOf\":{\"@id\":\"http:\/\/vtc-strasbourg-dmd.fr\/de\/ferntransfer-von-strassburg-paris-lyon-bruessel-mit-vtc\/\"},\"author\":{\"name\":\"webobjectif\",\"@id\":\"https:\/\/vtc-strasbourg-dmd.fr\/de\/#\/schema\/person\/05759d0bf2739b605f0468a433403ac8\"},\"headline\":\"Ferntransfer von Stra\u00dfburg: Paris, Lyon, Br\u00fcssel mit VTC\",\"datePublished\":\"2026-02-04T16:42:15+00:00\",\"dateModified\":\"2026-02-04T16:48:00+00:00\",\"mainEntityOfPage\":{\"@id\":\"http:\/\/vtc-strasbourg-dmd.fr\/de\/ferntransfer-von-strassburg-paris-lyon-bruessel-mit-vtc\/\"},\"wordCount\":689,\"publisher\":{\"@id\":\"https:\/\/vtc-strasbourg-dmd.fr\/de\/#organization\"},\"image\":{\"@id\":\"http:\/\/vtc-strasbourg-dmd.fr\/de\/ferntransfer-von-strassburg-paris-lyon-bruessel-mit-vtc\/#primaryimage\"},\"thumbnailUrl\":\"https:\/\/vtc-strasbourg-dmd.fr\/wp-content\/uploads\/2026\/02\/68596.jpg\",\"articleSection\":[\"Nicht kategorisiert\"],\"inLanguage\":\"de\"},{\"@type\":\"WebPage\",\"@id\":\"http:\/\/vtc-strasbourg-dmd.fr\/de\/ferntransfer-von-strassburg-paris-lyon-bruessel-mit-vtc\/\",\"url\":\"http:\/\/vtc-strasbourg-dmd.fr\/de\/ferntransfer-von-strassburg-paris-lyon-bruessel-mit-vtc\/\",\"name\":\"Stra\u00dfburger Fernverkehr VTC: Paris, Lyon, Br\u00fcssel (Alternativzug)\",\"isPartOf\":{\"@id\":\"https:\/\/vtc-strasbourg-dmd.fr\/de\/#website\"},\"primaryImageOfPage\":{\"@id\":\"http:\/\/vtc-strasbourg-dmd.fr\/de\/ferntransfer-von-strassburg-paris-lyon-bruessel-mit-vtc\/#primaryimage\"},\"image\":{\"@id\":\"http:\/\/vtc-strasbourg-dmd.fr\/de\/ferntransfer-von-strassburg-paris-lyon-bruessel-mit-vtc\/#primaryimage\"},\"thumbnailUrl\":\"https:\/\/vtc-strasbourg-dmd.fr\/wp-content\/uploads\/2026\/02\/68596.jpg\",\"datePublished\":\"2026-02-04T16:42:15+00:00\",\"dateModified\":\"2026-02-04T16:48:00+00:00\",\"description\":\"Zug gestrichen oder brauchst du eine Direktfahrt? Buchen Sie Ihren Fern-VTC von Stra\u00dfburg nach ganz Europa. Komfortlimousine, WLAN und Festpreis.\",\"breadcrumb\":{\"@id\":\"http:\/\/vtc-strasbourg-dmd.fr\/de\/ferntransfer-von-strassburg-paris-lyon-bruessel-mit-vtc\/#breadcrumb\"},\"inLanguage\":\"de\",\"potentialAction\":[{\"@type\":\"ReadAction\",\"target\":[\"http:\/\/vtc-strasbourg-dmd.fr\/de\/ferntransfer-von-strassburg-paris-lyon-bruessel-mit-vtc\/\"]}]},{\"@type\":\"ImageObject\",\"inLanguage\":\"de\",\"@id\":\"http:\/\/vtc-strasbourg-dmd.fr\/de\/ferntransfer-von-strassburg-paris-lyon-bruessel-mit-vtc\/#primaryimage\",\"url\":\"https:\/\/vtc-strasbourg-dmd.fr\/wp-content\/uploads\/2026\/02\/68596.jpg\",\"contentUrl\":\"https:\/\/vtc-strasbourg-dmd.fr\/wp-content\/uploads\/2026\/02\/68596.jpg\",\"width\":1000,\"height\":667,\"caption\":\"Fernverkehr VTC Stra\u00dfburg Frankfurt Stuttgart Baden Baden Lyon Br\u00fcssel\"},{\"@type\":\"BreadcrumbList\",\"@id\":\"http:\/\/vtc-strasbourg-dmd.fr\/de\/ferntransfer-von-strassburg-paris-lyon-bruessel-mit-vtc\/#breadcrumb\",\"itemListElement\":[{\"@type\":\"ListItem\",\"position\":1,\"name\":\"Accueil\",\"item\":\"https:\/\/vtc-strasbourg-dmd.fr\/de\/\"},{\"@type\":\"ListItem\",\"position\":2,\"name\":\"Ferntransfer von Stra\u00dfburg: Paris, Lyon, Br\u00fcssel mit VTC\"}]},{\"@type\":\"WebSite\",\"@id\":\"https:\/\/vtc-strasbourg-dmd.fr\/de\/#website\",\"url\":\"https:\/\/vtc-strasbourg-dmd.fr\/de\/\",\"name\":\"VTC Strasbourg DMD\",\"description\":\"Chauffeur VTC Strasbourg\",\"publisher\":{\"@id\":\"https:\/\/vtc-strasbourg-dmd.fr\/de\/#organization\"},\"potentialAction\":[{\"@type\":\"SearchAction\",\"target\":{\"@type\":\"EntryPoint\",\"urlTemplate\":\"https:\/\/vtc-strasbourg-dmd.fr\/de\/?s={search_term_string}\"},\"query-input\":{\"@type\":\"PropertyValueSpecification\",\"valueRequired\":true,\"valueName\":\"search_term_string\"}}],\"inLanguage\":\"de\"},{\"@type\":\"Organization\",\"@id\":\"https:\/\/vtc-strasbourg-dmd.fr\/de\/#organization\",\"name\":\"VTC Strasbourg DMD\",\"url\":\"https:\/\/vtc-strasbourg-dmd.fr\/de\/\",\"logo\":{\"@type\":\"ImageObject\",\"inLanguage\":\"de\",\"@id\":\"https:\/\/vtc-strasbourg-dmd.fr\/de\/#\/schema\/logo\/image\/\",\"url\":\"https:\/\/vtc-strasbourg-dmd.fr\/wp-content\/uploads\/2025\/05\/cropped-LOGO-DRIVE-ME-DRIVER-scaled-1.png\",\"contentUrl\":\"https:\/\/vtc-strasbourg-dmd.fr\/wp-content\/uploads\/2025\/05\/cropped-LOGO-DRIVE-ME-DRIVER-scaled-1.png\",\"width\":2557,\"height\":854,\"caption\":\"VTC Strasbourg DMD\"},\"image\":{\"@id\":\"https:\/\/vtc-strasbourg-dmd.fr\/de\/#\/schema\/logo\/image\/\"}},{\"@type\":\"Person\",\"@id\":\"https:\/\/vtc-strasbourg-dmd.fr\/de\/#\/schema\/person\/05759d0bf2739b605f0468a433403ac8\",\"name\":\"webobjectif\",\"image\":{\"@type\":\"ImageObject\",\"inLanguage\":\"de\",\"@id\":\"https:\/\/vtc-strasbourg-dmd.fr\/de\/#\/schema\/person\/image\/\",\"url\":\"https:\/\/secure.gravatar.com\/avatar\/ded9b907d1e5d4636440a16a54bd4369b408da9239d8ac948266d8c09fa8936b?s=96&d=mm&r=g\",\"contentUrl\":\"https:\/\/secure.gravatar.com\/avatar\/ded9b907d1e5d4636440a16a54bd4369b408da9239d8ac948266d8c09fa8936b?s=96&d=mm&r=g\",\"caption\":\"webobjectif\"},\"url\":\"http:\/\/vtc-strasbourg-dmd.fr\/de\/author\/webobjectif\/\"}]}<\/script>\n<!-- \/ Yoast SEO plugin. -->","yoast_head_json":{"title":"Stra\u00dfburger Fernverkehr VTC: Paris, Lyon, Br\u00fcssel (Alternativzug)","description":"Zug gestrichen oder brauchst du eine Direktfahrt? Buchen Sie Ihren Fern-VTC von Stra\u00dfburg nach ganz Europa. Komfortlimousine, WLAN und Festpreis.","robots":{"index":"index","follow":"follow","max-snippet":"max-snippet:-1","max-image-preview":"max-image-preview:large","max-video-preview":"max-video-preview:-1"},"canonical":"http:\/\/vtc-strasbourg-dmd.fr\/de\/ferntransfer-von-strassburg-paris-lyon-bruessel-mit-vtc\/","og_locale":"de_DE","og_type":"article","og_title":"Stra\u00dfburger Fernverkehr VTC: Paris, Lyon, Br\u00fcssel (Alternativzug)","og_description":"Zug gestrichen oder brauchst du eine Direktfahrt? Buchen Sie Ihren Fern-VTC von Stra\u00dfburg nach ganz Europa. Komfortlimousine, WLAN und Festpreis.","og_url":"http:\/\/vtc-strasbourg-dmd.fr\/de\/ferntransfer-von-strassburg-paris-lyon-bruessel-mit-vtc\/","og_site_name":"VTC Strasbourg DMD","article_published_time":"2026-02-04T16:42:15+00:00","article_modified_time":"2026-02-04T16:48:00+00:00","og_image":[{"width":1000,"height":667,"url":"https:\/\/vtc-strasbourg-dmd.fr\/wp-content\/uploads\/2026\/02\/68596.jpg","type":"image\/jpeg"}],"author":"webobjectif","twitter_card":"summary_large_image","twitter_misc":{"Verfasst von":"webobjectif","Gesch\u00e4tzte Lesezeit":"3 Minuten"},"schema":{"@context":"https:\/\/schema.org","@graph":[{"@type":"Article","@id":"http:\/\/vtc-strasbourg-dmd.fr\/de\/ferntransfer-von-strassburg-paris-lyon-bruessel-mit-vtc\/#article","isPartOf":{"@id":"http:\/\/vtc-strasbourg-dmd.fr\/de\/ferntransfer-von-strassburg-paris-lyon-bruessel-mit-vtc\/"},"author":{"name":"webobjectif","@id":"https:\/\/vtc-strasbourg-dmd.fr\/de\/#\/schema\/person\/05759d0bf2739b605f0468a433403ac8"},"headline":"Ferntransfer von Stra\u00dfburg: Paris, Lyon, Br\u00fcssel mit VTC","datePublished":"2026-02-04T16:42:15+00:00","dateModified":"2026-02-04T16:48:00+00:00","mainEntityOfPage":{"@id":"http:\/\/vtc-strasbourg-dmd.fr\/de\/ferntransfer-von-strassburg-paris-lyon-bruessel-mit-vtc\/"},"wordCount":689,"publisher":{"@id":"https:\/\/vtc-strasbourg-dmd.fr\/de\/#organization"},"image":{"@id":"http:\/\/vtc-strasbourg-dmd.fr\/de\/ferntransfer-von-strassburg-paris-lyon-bruessel-mit-vtc\/#primaryimage"},"thumbnailUrl":"https:\/\/vtc-strasbourg-dmd.fr\/wp-content\/uploads\/2026\/02\/68596.jpg","articleSection":["Nicht kategorisiert"],"inLanguage":"de"},{"@type":"WebPage","@id":"http:\/\/vtc-strasbourg-dmd.fr\/de\/ferntransfer-von-strassburg-paris-lyon-bruessel-mit-vtc\/","url":"http:\/\/vtc-strasbourg-dmd.fr\/de\/ferntransfer-von-strassburg-paris-lyon-bruessel-mit-vtc\/","name":"Stra\u00dfburger Fernverkehr VTC: Paris, Lyon, Br\u00fcssel (Alternativzug)","isPartOf":{"@id":"https:\/\/vtc-strasbourg-dmd.fr\/de\/#website"},"primaryImageOfPage":{"@id":"http:\/\/vtc-strasbourg-dmd.fr\/de\/ferntransfer-von-strassburg-paris-lyon-bruessel-mit-vtc\/#primaryimage"},"image":{"@id":"http:\/\/vtc-strasbourg-dmd.fr\/de\/ferntransfer-von-strassburg-paris-lyon-bruessel-mit-vtc\/#primaryimage"},"thumbnailUrl":"https:\/\/vtc-strasbourg-dmd.fr\/wp-content\/uploads\/2026\/02\/68596.jpg","datePublished":"2026-02-04T16:42:15+00:00","dateModified":"2026-02-04T16:48:00+00:00","description":"Zug gestrichen oder brauchst du eine Direktfahrt? Buchen Sie Ihren Fern-VTC von Stra\u00dfburg nach ganz Europa. Komfortlimousine, WLAN und Festpreis.","breadcrumb":{"@id":"http:\/\/vtc-strasbourg-dmd.fr\/de\/ferntransfer-von-strassburg-paris-lyon-bruessel-mit-vtc\/#breadcrumb"},"inLanguage":"de","potentialAction":[{"@type":"ReadAction","target":["http:\/\/vtc-strasbourg-dmd.fr\/de\/ferntransfer-von-strassburg-paris-lyon-bruessel-mit-vtc\/"]}]},{"@type":"ImageObject","inLanguage":"de","@id":"http:\/\/vtc-strasbourg-dmd.fr\/de\/ferntransfer-von-strassburg-paris-lyon-bruessel-mit-vtc\/#primaryimage","url":"https:\/\/vtc-strasbourg-dmd.fr\/wp-content\/uploads\/2026\/02\/68596.jpg","contentUrl":"https:\/\/vtc-strasbourg-dmd.fr\/wp-content\/uploads\/2026\/02\/68596.jpg","width":1000,"height":667,"caption":"Fernverkehr VTC Stra\u00dfburg Frankfurt Stuttgart Baden Baden Lyon Br\u00fcssel"},{"@type":"BreadcrumbList","@id":"http:\/\/vtc-strasbourg-dmd.fr\/de\/ferntransfer-von-strassburg-paris-lyon-bruessel-mit-vtc\/#breadcrumb","itemListElement":[{"@type":"ListItem","position":1,"name":"Accueil","item":"https:\/\/vtc-strasbourg-dmd.fr\/de\/"},{"@type":"ListItem","position":2,"name":"Ferntransfer von Stra\u00dfburg: Paris, Lyon, Br\u00fcssel mit VTC"}]},{"@type":"WebSite","@id":"https:\/\/vtc-strasbourg-dmd.fr\/de\/#website","url":"https:\/\/vtc-strasbourg-dmd.fr\/de\/","name":"VTC Strasbourg DMD","description":"Chauffeur VTC Strasbourg","publisher":{"@id":"https:\/\/vtc-strasbourg-dmd.fr\/de\/#organization"},"potentialAction":[{"@type":"SearchAction","target":{"@type":"EntryPoint","urlTemplate":"https:\/\/vtc-strasbourg-dmd.fr\/de\/?s={search_term_string}"},"query-input":{"@type":"PropertyValueSpecification","valueRequired":true,"valueName":"search_term_string"}}],"inLanguage":"de"},{"@type":"Organization","@id":"https:\/\/vtc-strasbourg-dmd.fr\/de\/#organization","name":"VTC Strasbourg DMD","url":"https:\/\/vtc-strasbourg-dmd.fr\/de\/","logo":{"@type":"ImageObject","inLanguage":"de","@id":"https:\/\/vtc-strasbourg-dmd.fr\/de\/#\/schema\/logo\/image\/","url":"https:\/\/vtc-strasbourg-dmd.fr\/wp-content\/uploads\/2025\/05\/cropped-LOGO-DRIVE-ME-DRIVER-scaled-1.png","contentUrl":"https:\/\/vtc-strasbourg-dmd.fr\/wp-content\/uploads\/2025\/05\/cropped-LOGO-DRIVE-ME-DRIVER-scaled-1.png","width":2557,"height":854,"caption":"VTC Strasbourg DMD"},"image":{"@id":"https:\/\/vtc-strasbourg-dmd.fr\/de\/#\/schema\/logo\/image\/"}},{"@type":"Person","@id":"https:\/\/vtc-strasbourg-dmd.fr\/de\/#\/schema\/person\/05759d0bf2739b605f0468a433403ac8","name":"webobjectif","image":{"@type":"ImageObject","inLanguage":"de","@id":"https:\/\/vtc-strasbourg-dmd.fr\/de\/#\/schema\/person\/image\/","url":"https:\/\/secure.gravatar.com\/avatar\/ded9b907d1e5d4636440a16a54bd4369b408da9239d8ac948266d8c09fa8936b?s=96&d=mm&r=g","contentUrl":"https:\/\/secure.gravatar.com\/avatar\/ded9b907d1e5d4636440a16a54bd4369b408da9239d8ac948266d8c09fa8936b?s=96&d=mm&r=g","caption":"webobjectif"},"url":"http:\/\/vtc-strasbourg-dmd.fr\/de\/author\/webobjectif\/"}]}},"_links":{"self":[{"href":"http:\/\/vtc-strasbourg-dmd.fr\/de\/wp-json\/wp\/v2\/posts\/4111","targetHints":{"allow":["GET"]}}],"collection":[{"href":"http:\/\/vtc-strasbourg-dmd.fr\/de\/wp-json\/wp\/v2\/posts"}],"about":[{"href":"http:\/\/vtc-strasbourg-dmd.fr\/de\/wp-json\/wp\/v2\/types\/post"}],"author":[{"embeddable":true,"href":"http:\/\/vtc-strasbourg-dmd.fr\/de\/wp-json\/wp\/v2\/users\/30"}],"replies":[{"embeddable":true,"href":"http:\/\/vtc-strasbourg-dmd.fr\/de\/wp-json\/wp\/v2\/comments?post=4111"}],"version-history":[{"count":3,"href":"http:\/\/vtc-strasbourg-dmd.fr\/de\/wp-json\/wp\/v2\/posts\/4111\/revisions"}],"predecessor-version":[{"id":4131,"href":"http:\/\/vtc-strasbourg-dmd.fr\/de\/wp-json\/wp\/v2\/posts\/4111\/revisions\/4131"}],"wp:featuredmedia":[{"embeddable":true,"href":"http:\/\/vtc-strasbourg-dmd.fr\/de\/wp-json\/wp\/v2\/media\/4112"}],"wp:attachment":[{"href":"http:\/\/vtc-strasbourg-dmd.fr\/de\/wp-json\/wp\/v2\/media?parent=4111"}],"wp:term":[{"taxonomy":"category","embeddable":true,"href":"http:\/\/vtc-strasbourg-dmd.fr\/de\/wp-json\/wp\/v2\/categories?post=4111"},{"taxonomy":"post_tag","embeddable":true,"href":"http:\/\/vtc-strasbourg-dmd.fr\/de\/wp-json\/wp\/v2\/tags?post=4111"}],"curies":[{"name":"wp","href":"https:\/\/api.w.org\/{rel}","templated":true}]}}