{"id":4104,"date":"2026-02-02T10:14:08","date_gmt":"2026-02-02T09:14:08","guid":{"rendered":"https:\/\/vtc-strasbourg-dmd.fr\/strassburger-vtc-umstieg-zum-bahnhof-kehl-nehmen-sie-ihren-ice-zug-mit-voelliger-gewissheit\/"},"modified":"2026-02-02T10:14:39","modified_gmt":"2026-02-02T09:14:39","slug":"strassburger-vtc-umstieg-zum-bahnhof-kehl-nehmen-sie-ihren-ice-zug-mit-voelliger-gewissheit","status":"publish","type":"post","link":"http:\/\/vtc-strasbourg-dmd.fr\/de\/strassburger-vtc-umstieg-zum-bahnhof-kehl-nehmen-sie-ihren-ice-zug-mit-voelliger-gewissheit\/","title":{"rendered":"Stra\u00dfburger VTC-Umstieg zum Bahnhof Kehl: Nehmen Sie Ihren ICE-Zug mit v\u00f6lliger Gewissheit"},"content":{"rendered":"\n<p>Dies ist der bekannte Tipp f\u00fcr Vielreisende und Grenzpendler: Um nach <a href=\"https:\/\/vtc-strasbourg-dmd.fr\/transfert-vtc-aeroport-francfort-strasbourg\/\">Frankfurt<\/a>, Karlsruhe oder <a href=\"https:\/\/vtc-strasbourg-dmd.fr\/chauffeur-prive-vtc-aeroport-stuttgart\/\">Stuttgart<\/a> zu gelangen, ist es oft g\u00fcnstiger und schneller, den Zug (ICE oder Regional Express) vom <strong>Bahnhof Kehl (Bahnhof Kehl)<\/strong> zu nehmen, statt vom<a href=\"https:\/\/vtc-strasbourg-dmd.fr\/vtc-strasbourg-gare\/\"> Stra\u00dfburger Hauptbahnhof<\/a>.<\/p>\n\n<p>Dennoch bleibt eine Schwierigkeit: Wie erreicht man von zu Hause in Stra\u00dfburg mit zwei 20-kg-Koffern den Bahnhof Kehl? Die Stra\u00dfenbahn ist langsam und \u00fcberf\u00fcllt, und das Auto in Deutschland stehen zu lassen, ist riskant. <strong>VTC Strasbourg DMD<\/strong> bietet Ihnen die ideale Verbindungsl\u00f6sung: einen schnellen und bequemen Umstieg von T\u00fcr zu Bahnhof. <\/p>\n\n<hr class=\"wp-block-separator has-alpha-channel-opacity\"\/>\n\n<h2 class=\"wp-block-heading\">1. Warum den Bahnhof Kehl statt Stra\u00dfburg w\u00e4hlen?<\/h2>\n\n<p>Wenn Sie noch z\u00f6gern bei Ihrer n\u00e4chsten Reise nach Deutschland, hier ist der Grund, warum viele Kunden uns um diese Abgabe bitten:<\/p>\n\n<ul class=\"wp-block-list\">\n<li><strong>Der Ticketpreis:<\/strong> Die Fahrpreise der Deutschen Bahn (DB) sind oft niedriger f\u00fcr inl\u00e4ndische deutsche Fahrten (von Kehl) als f\u00fcr internationale Fahrten (aus Frankreich).<\/li>\n\n\n\n<li><strong>Direkte Verbindungen:<\/strong> Viele Regionalz\u00fcge fahren von Kehl ab, ohne dass in Appenweier oder Offenburg komplexe \u00c4nderungen erforderlich sind.<\/li>\n\n\n\n<li><strong>Menschliche Gr\u00f6\u00dfe:<\/strong> Der Bahnhof Kehl ist klein. Keine langen, endlosen Korridore, der Fahrer setzt dich 30 Meter von den Bahnsteigen entfernt ab. <\/li>\n<\/ul>\n\n<h2 class=\"wp-block-heading\">2. VTC gegen Tramway D: Das Match des Komforts<\/h2>\n\n<p>Nat\u00fcrlich verbindet die Stra\u00dfenbahn D Stra\u00dfburg mit Kehl. Aber haben Sie schon einmal versucht, w\u00e4hrend der Hauptverkehrszeit mit sperrigem Gep\u00e4ck die Pont de l&#8217;Europe mit der Stra\u00dfenbahn zu \u00fcberqueren? <\/p>\n\n<p>Indem Sie einen <strong>privaten VTC-Fahrer<\/strong> buchen:<\/p>\n\n<ul class=\"wp-block-list\">\n<li><strong>Null Aufwand:<\/strong> Wir laden Ihr Gep\u00e4ck in den Kofferraum am Fu\u00df Ihres Geb\u00e4udes. Du holst sie vor dem Eingang zur Station ab. <\/li>\n\n\n\n<li><strong>Geschwindigkeit:<\/strong> Mit dem Auto, \u00fcber die RN4 oder die Pont de l&#8217;Europe, ist die Fahrt direkt. Keine Stopps alle 500 Meter. <\/li>\n\n\n\n<li><strong>Gelassenheit:<\/strong> Kein Stress durch Menschenmengen, Taschendiebe oder das Wetter (Regen\/K\u00e4lte w\u00e4hrend des Wartens auf die Stra\u00dfenbahn).<\/li>\n<\/ul>\n\n<hr class=\"wp-block-separator has-alpha-channel-opacity\"\/>\n\n<h2 class=\"wp-block-heading\">3. Einkaufen und Tabak in Kehl: Die Express-Hin- und R\u00fcckreise<\/h2>\n\n<p>Wir transportieren nicht nur Fahrg\u00e4ste mit Zugtickets. Kehl ist auch das beliebteste Einkaufsziel der Stra\u00dfburger (DM, Tabak, Superm\u00e4rkte). <\/p>\n\n<p>Die R\u00fcckfahrt ist oft am schmerzhaftesten, wenn man mit schweren Taschen beladen ist. <strong>VTC Strasbourg DMD<\/strong> bietet R\u00fcckgabe- oder Einzelr\u00fcckgabepakete an:<\/p>\n\n<ul class=\"wp-block-list\">\n<li>Geh mit guter Ruhe einkaufen.<\/li>\n\n\n\n<li>Bestellen Sie Ihren Fahrer, wenn Sie fertig sind.<\/li>\n\n\n\n<li>Wir bringen Sie und Ihre Eink\u00e4ufe direkt zu Ihrer T\u00fcr in Stra\u00dfburg. Keine Aufgaben mehr, Wasserpacks in der Stra\u00dfenbahn zu tragen! <\/li>\n<\/ul>\n\n<h2 class=\"wp-block-heading\">4. Grenz\u00fcberschreitende Z\u00f6lle: volle Transparenz<\/h2>\n\n<p>Die Grenz\u00fcberquerung ist manchmal be\u00e4ngstigend in Bezug auf die Fahrpreise mit traditionellen Taxis (Zonenwechsel, Fahrpreis usw.).<\/p>\n\n<p>Mit unserem VTC-Service gibt es keine unangenehmen \u00dcberraschungen. Egal, ob Sie zum Bahnhof Stra\u00dfburg oder zum Bahnhof Kehl fahren, das Prinzip bleibt dasselbe: <strong>Der Preis wird zum Zeitpunkt der Buchung festgelegt<\/strong>. <\/p>\n\n<p>Wir kennen die Gefahren des Verkehrs auf der Pont de l&#8217;Europe w\u00e4hrend der Hauptverkehrszeiten. Wenn es verstopft ist, zahlst du nicht mehr. <\/p>\n\n<hr class=\"wp-block-separator has-alpha-channel-opacity\"\/>\n\n<h3 class=\"wp-block-heading\">F\u00e4hrt dein Zug von Kehl ab?<\/h3>\n\n<p>Riskieren Sie nicht, sie wegen einer Stra\u00dfenbahnversp\u00e4tung zu verpassen. Stellen Sie sicher, dass Sie mit einem p\u00fcnktlichen Fahrer abreisen.   <a href=\"https:\/\/vtc-strasbourg-dmd.fr\/de\/\">Sch\u00e4tzen Sie meine Route nach Kehl<\/a><\/p>\n\n<h2 class=\"wp-block-heading\">FAQ: Verkehr Stra\u00dfburg &#8211; Kehl<\/h2>\n\n<h3 class=\"wp-block-heading\">Wo ist die Abgabe am Bahnhof Kehl?<\/h3>\n\n<p>Direkt vor dem Hauptbahnhofsplatz (Bahnhofsplatz) befindet sich eine Abgabestelle. Man muss nur wenige Meter laufen, um zu den Bahnsteigen oder Fahrkartenautomaten zu gelangen. <\/p>\n\n<h3 class=\"wp-block-heading\">Spricht der Fahrer Deutsch?<\/h3>\n\n<p>Die meisten unserer Fahrer haben etwas Deutsch- oder Englischkenntnisse, was die Kommunikation erleichtert, wenn man deutschsprachige G\u00e4ste am Bahnhof abholen muss.<\/p>\n\n<h3 class=\"wp-block-heading\">Kann ich f\u00fcr eine Gruppe buchen (mit vielen Koffern)?<\/h3>\n\n<p>Ja, f\u00fcr Urlaube oder Gruppen empfehlen wir unseren <strong>Mercedes Van<\/strong>. Er verf\u00fcgt \u00fcber einen gro\u00dfen Kofferraum, der die Koffer von 7 Passagieren aufnehmen kann, was in einer klassischen Limousine oder einem Standardtaxi unm\u00f6glich ist. <\/p>\n\n<script type=\"application\/ld+json\">{\n  \"@context\": \"https:\/\/schema.org\",\n  \"@graph\": [\n    {\n      \"@type\": \"Service\",\n      \"name\": \"Transfert VTC Strasbourg vers Gare de Kehl (Allemagne)\",\n      \"provider\": {\n        \"@type\": \"LocalBusiness\",\n        \"name\": \"VTC Strasbourg DMD\",\n        \"image\": \"https:\/\/vtc-strasbourg-dmd.fr\/logo.jpg\"\n      },\n      \"areaServed\": [\n        {\n          \"@type\": \"City\",\n          \"name\": \"Strasbourg\"\n        },\n        {\n          \"@type\": \"City\",\n          \"name\": \"Kehl\",\n          \"addressCountry\": \"DE\"\n        }\n      ],\n      \"description\": \"Navette priv\u00e9e VTC entre Strasbourg et la Gare de Kehl (Bahnhof Kehl). Id\u00e9al pour correspondances trains ICE et courses transfrontali\u00e8res.\",\n      \"offers\": {\n        \"@type\": \"Offer\",\n        \"priceCurrency\": \"EUR\",\n        \"description\": \"Tarif fixe annonc\u00e9 \u00e0 la r\u00e9servation\"\n      }\n    },\n    {\n      \"@type\": \"FAQPage\",\n      \"mainEntity\": [\n        {\n          \"@type\": \"Question\",\n          \"name\": \"O\u00f9 se trouve le point de d\u00e9pose VTC \u00e0 la gare de Kehl ?\",\n          \"acceptedAnswer\": {\n            \"@type\": \"Answer\",\n            \"text\": \"La d\u00e9pose s'effectue directement sur la Bahnhofsplatz, devant l'entr\u00e9e principale de la gare de Kehl, permettant un acc\u00e8s imm\u00e9diat aux quais sans marche inutile.\"\n          }\n        },\n        {\n          \"@type\": \"Question\",\n          \"name\": \"Le prix change-t-il s'il y a des bouchons sur le Pont de l'Europe ?\",\n          \"acceptedAnswer\": {\n            \"@type\": \"Answer\",\n            \"text\": \"Non. Avec VTC Strasbourg DMD, le tarif est forfaitaire et fix\u00e9 \u00e0 l'avance. Les embouteillages fr\u00e9quents \u00e0 la fronti\u00e8re n'impactent pas le prix de votre course.\"\n          }\n        }\n      ]\n    }\n  ]\n}\n<\/script>\n","protected":false},"excerpt":{"rendered":"<p>Dies ist der bekannte Tipp f\u00fcr Vielreisende und Grenzpendler: Um nach Frankfurt, Karlsruhe oder Stuttgart zu gelangen, ist es oft g\u00fcnstiger und schneller, den Zug (ICE oder Regional Express) vom Bahnhof Kehl (Bahnhof Kehl) zu nehmen, statt vom Stra\u00dfburger Hauptbahnhof. Dennoch bleibt eine Schwierigkeit: Wie erreicht man von zu Hause in Stra\u00dfburg mit zwei 20-kg-Koffern [&hellip;]<\/p>\n","protected":false},"author":30,"featured_media":4105,"comment_status":"closed","ping_status":"open","sticky":false,"template":"","format":"standard","meta":{"site-sidebar-layout":"default","site-content-layout":"","ast-site-content-layout":"default","site-content-style":"default","site-sidebar-style":"default","ast-global-header-display":"","ast-banner-title-visibility":"","ast-main-header-display":"","ast-hfb-above-header-display":"","ast-hfb-below-header-display":"","ast-hfb-mobile-header-display":"","site-post-title":"","ast-breadcrumbs-content":"","ast-featured-img":"","footer-sml-layout":"","ast-disable-related-posts":"","theme-transparent-header-meta":"","adv-header-id-meta":"","stick-header-meta":"","header-above-stick-meta":"","header-main-stick-meta":"","header-below-stick-meta":"","astra-migrate-meta-layouts":"default","ast-page-background-enabled":"default","ast-page-background-meta":{"desktop":{"background-color":"","background-image":"","background-repeat":"repeat","background-position":"center center","background-size":"auto","background-attachment":"scroll","background-type":"","background-media":"","overlay-type":"","overlay-color":"","overlay-opacity":"","overlay-gradient":""},"tablet":{"background-color":"","background-image":"","background-repeat":"repeat","background-position":"center center","background-size":"auto","background-attachment":"scroll","background-type":"","background-media":"","overlay-type":"","overlay-color":"","overlay-opacity":"","overlay-gradient":""},"mobile":{"background-color":"","background-image":"","background-repeat":"repeat","background-position":"center center","background-size":"auto","background-attachment":"scroll","background-type":"","background-media":"","overlay-type":"","overlay-color":"","overlay-opacity":"","overlay-gradient":""}},"ast-content-background-meta":{"desktop":{"background-color":"var(--ast-global-color-5)","background-image":"","background-repeat":"repeat","background-position":"center center","background-size":"auto","background-attachment":"scroll","background-type":"","background-media":"","overlay-type":"","overlay-color":"","overlay-opacity":"","overlay-gradient":""},"tablet":{"background-color":"var(--ast-global-color-5)","background-image":"","background-repeat":"repeat","background-position":"center center","background-size":"auto","background-attachment":"scroll","background-type":"","background-media":"","overlay-type":"","overlay-color":"","overlay-opacity":"","overlay-gradient":""},"mobile":{"background-color":"var(--ast-global-color-5)","background-image":"","background-repeat":"repeat","background-position":"center center","background-size":"auto","background-attachment":"scroll","background-type":"","background-media":"","overlay-type":"","overlay-color":"","overlay-opacity":"","overlay-gradient":""}},"footnotes":""},"categories":[37],"tags":[],"class_list":["post-4104","post","type-post","status-publish","format-standard","has-post-thumbnail","hentry","category-nicht-kategorisiert"],"yoast_head":"<!-- This site is optimized with the Yoast SEO plugin v27.0 - https:\/\/yoast.com\/product\/yoast-seo-wordpress\/ -->\n<title>VTC Stra\u00dfburg nach Kehl Station: Privater Shuttle &amp; Festpreis<\/title>\n<meta name=\"description\" content=\"Nimmst du den Zug von Kehl (Deutschland)? Vermeide die \u00fcberf\u00fcllte Stra\u00dfenbahn mit deinen Koffern. Buchen Sie Ihr VTC Strasbourg DMD: Direkttransfer zum Bahnhof Kehl. Festpreis und Komfort.\" \/>\n<meta name=\"robots\" content=\"index, follow, max-snippet:-1, max-image-preview:large, max-video-preview:-1\" \/>\n<link rel=\"canonical\" href=\"http:\/\/vtc-strasbourg-dmd.fr\/de\/strassburger-vtc-umstieg-zum-bahnhof-kehl-nehmen-sie-ihren-ice-zug-mit-voelliger-gewissheit\/\" \/>\n<meta property=\"og:locale\" content=\"de_DE\" \/>\n<meta property=\"og:type\" content=\"article\" \/>\n<meta property=\"og:title\" content=\"VTC Stra\u00dfburg nach Kehl Station: Privater Shuttle &amp; Festpreis\" \/>\n<meta property=\"og:description\" content=\"Nimmst du den Zug von Kehl (Deutschland)? Vermeide die \u00fcberf\u00fcllte Stra\u00dfenbahn mit deinen Koffern. Buchen Sie Ihr VTC Strasbourg DMD: Direkttransfer zum Bahnhof Kehl. Festpreis und Komfort.\" \/>\n<meta property=\"og:url\" content=\"http:\/\/vtc-strasbourg-dmd.fr\/de\/strassburger-vtc-umstieg-zum-bahnhof-kehl-nehmen-sie-ihren-ice-zug-mit-voelliger-gewissheit\/\" \/>\n<meta property=\"og:site_name\" content=\"VTC Strasbourg DMD\" \/>\n<meta property=\"article:published_time\" content=\"2026-02-02T09:14:08+00:00\" \/>\n<meta property=\"article:modified_time\" content=\"2026-02-02T09:14:39+00:00\" \/>\n<meta property=\"og:image\" content=\"https:\/\/vtc-strasbourg-dmd.fr\/wp-content\/uploads\/2026\/02\/22163-3.jpg\" \/>\n\t<meta property=\"og:image:width\" content=\"1000\" \/>\n\t<meta property=\"og:image:height\" content=\"667\" \/>\n\t<meta property=\"og:image:type\" content=\"image\/jpeg\" \/>\n<meta name=\"author\" content=\"webobjectif\" \/>\n<meta name=\"twitter:card\" content=\"summary_large_image\" \/>\n<meta name=\"twitter:label1\" content=\"Verfasst von\" \/>\n\t<meta name=\"twitter:data1\" content=\"webobjectif\" \/>\n\t<meta name=\"twitter:label2\" content=\"Gesch\u00e4tzte Lesezeit\" \/>\n\t<meta name=\"twitter:data2\" content=\"3 Minuten\" \/>\n<script type=\"application\/ld+json\" class=\"yoast-schema-graph\">{\"@context\":\"https:\/\/schema.org\",\"@graph\":[{\"@type\":\"Article\",\"@id\":\"http:\/\/vtc-strasbourg-dmd.fr\/de\/strassburger-vtc-umstieg-zum-bahnhof-kehl-nehmen-sie-ihren-ice-zug-mit-voelliger-gewissheit\/#article\",\"isPartOf\":{\"@id\":\"http:\/\/vtc-strasbourg-dmd.fr\/de\/strassburger-vtc-umstieg-zum-bahnhof-kehl-nehmen-sie-ihren-ice-zug-mit-voelliger-gewissheit\/\"},\"author\":{\"name\":\"webobjectif\",\"@id\":\"https:\/\/vtc-strasbourg-dmd.fr\/de\/#\/schema\/person\/05759d0bf2739b605f0468a433403ac8\"},\"headline\":\"Stra\u00dfburger VTC-Umstieg zum Bahnhof Kehl: Nehmen Sie Ihren ICE-Zug mit v\u00f6lliger Gewissheit\",\"datePublished\":\"2026-02-02T09:14:08+00:00\",\"dateModified\":\"2026-02-02T09:14:39+00:00\",\"mainEntityOfPage\":{\"@id\":\"http:\/\/vtc-strasbourg-dmd.fr\/de\/strassburger-vtc-umstieg-zum-bahnhof-kehl-nehmen-sie-ihren-ice-zug-mit-voelliger-gewissheit\/\"},\"wordCount\":646,\"publisher\":{\"@id\":\"https:\/\/vtc-strasbourg-dmd.fr\/de\/#organization\"},\"image\":{\"@id\":\"http:\/\/vtc-strasbourg-dmd.fr\/de\/strassburger-vtc-umstieg-zum-bahnhof-kehl-nehmen-sie-ihren-ice-zug-mit-voelliger-gewissheit\/#primaryimage\"},\"thumbnailUrl\":\"https:\/\/vtc-strasbourg-dmd.fr\/wp-content\/uploads\/2026\/02\/22163-3.jpg\",\"articleSection\":[\"Nicht kategorisiert\"],\"inLanguage\":\"de\"},{\"@type\":\"WebPage\",\"@id\":\"http:\/\/vtc-strasbourg-dmd.fr\/de\/strassburger-vtc-umstieg-zum-bahnhof-kehl-nehmen-sie-ihren-ice-zug-mit-voelliger-gewissheit\/\",\"url\":\"http:\/\/vtc-strasbourg-dmd.fr\/de\/strassburger-vtc-umstieg-zum-bahnhof-kehl-nehmen-sie-ihren-ice-zug-mit-voelliger-gewissheit\/\",\"name\":\"VTC Stra\u00dfburg nach Kehl Station: Privater Shuttle & Festpreis\",\"isPartOf\":{\"@id\":\"https:\/\/vtc-strasbourg-dmd.fr\/de\/#website\"},\"primaryImageOfPage\":{\"@id\":\"http:\/\/vtc-strasbourg-dmd.fr\/de\/strassburger-vtc-umstieg-zum-bahnhof-kehl-nehmen-sie-ihren-ice-zug-mit-voelliger-gewissheit\/#primaryimage\"},\"image\":{\"@id\":\"http:\/\/vtc-strasbourg-dmd.fr\/de\/strassburger-vtc-umstieg-zum-bahnhof-kehl-nehmen-sie-ihren-ice-zug-mit-voelliger-gewissheit\/#primaryimage\"},\"thumbnailUrl\":\"https:\/\/vtc-strasbourg-dmd.fr\/wp-content\/uploads\/2026\/02\/22163-3.jpg\",\"datePublished\":\"2026-02-02T09:14:08+00:00\",\"dateModified\":\"2026-02-02T09:14:39+00:00\",\"description\":\"Nimmst du den Zug von Kehl (Deutschland)? Vermeide die \u00fcberf\u00fcllte Stra\u00dfenbahn mit deinen Koffern. Buchen Sie Ihr VTC Strasbourg DMD: Direkttransfer zum Bahnhof Kehl. Festpreis und Komfort.\",\"breadcrumb\":{\"@id\":\"http:\/\/vtc-strasbourg-dmd.fr\/de\/strassburger-vtc-umstieg-zum-bahnhof-kehl-nehmen-sie-ihren-ice-zug-mit-voelliger-gewissheit\/#breadcrumb\"},\"inLanguage\":\"de\",\"potentialAction\":[{\"@type\":\"ReadAction\",\"target\":[\"http:\/\/vtc-strasbourg-dmd.fr\/de\/strassburger-vtc-umstieg-zum-bahnhof-kehl-nehmen-sie-ihren-ice-zug-mit-voelliger-gewissheit\/\"]}]},{\"@type\":\"ImageObject\",\"inLanguage\":\"de\",\"@id\":\"http:\/\/vtc-strasbourg-dmd.fr\/de\/strassburger-vtc-umstieg-zum-bahnhof-kehl-nehmen-sie-ihren-ice-zug-mit-voelliger-gewissheit\/#primaryimage\",\"url\":\"https:\/\/vtc-strasbourg-dmd.fr\/wp-content\/uploads\/2026\/02\/22163-3.jpg\",\"contentUrl\":\"https:\/\/vtc-strasbourg-dmd.fr\/wp-content\/uploads\/2026\/02\/22163-3.jpg\",\"width\":1000,\"height\":667,\"caption\":\"VTC Chauffeur Gare de Kehl Stra\u00dfburg Bahnhof Zug\"},{\"@type\":\"BreadcrumbList\",\"@id\":\"http:\/\/vtc-strasbourg-dmd.fr\/de\/strassburger-vtc-umstieg-zum-bahnhof-kehl-nehmen-sie-ihren-ice-zug-mit-voelliger-gewissheit\/#breadcrumb\",\"itemListElement\":[{\"@type\":\"ListItem\",\"position\":1,\"name\":\"Accueil\",\"item\":\"https:\/\/vtc-strasbourg-dmd.fr\/de\/\"},{\"@type\":\"ListItem\",\"position\":2,\"name\":\"Stra\u00dfburger VTC-Umstieg zum Bahnhof Kehl: Nehmen Sie Ihren ICE-Zug mit v\u00f6lliger Gewissheit\"}]},{\"@type\":\"WebSite\",\"@id\":\"https:\/\/vtc-strasbourg-dmd.fr\/de\/#website\",\"url\":\"https:\/\/vtc-strasbourg-dmd.fr\/de\/\",\"name\":\"VTC Strasbourg DMD\",\"description\":\"Chauffeur VTC Strasbourg\",\"publisher\":{\"@id\":\"https:\/\/vtc-strasbourg-dmd.fr\/de\/#organization\"},\"potentialAction\":[{\"@type\":\"SearchAction\",\"target\":{\"@type\":\"EntryPoint\",\"urlTemplate\":\"https:\/\/vtc-strasbourg-dmd.fr\/de\/?s={search_term_string}\"},\"query-input\":{\"@type\":\"PropertyValueSpecification\",\"valueRequired\":true,\"valueName\":\"search_term_string\"}}],\"inLanguage\":\"de\"},{\"@type\":\"Organization\",\"@id\":\"https:\/\/vtc-strasbourg-dmd.fr\/de\/#organization\",\"name\":\"VTC Strasbourg DMD\",\"url\":\"https:\/\/vtc-strasbourg-dmd.fr\/de\/\",\"logo\":{\"@type\":\"ImageObject\",\"inLanguage\":\"de\",\"@id\":\"https:\/\/vtc-strasbourg-dmd.fr\/de\/#\/schema\/logo\/image\/\",\"url\":\"https:\/\/vtc-strasbourg-dmd.fr\/wp-content\/uploads\/2025\/05\/cropped-LOGO-DRIVE-ME-DRIVER-scaled-1.png\",\"contentUrl\":\"https:\/\/vtc-strasbourg-dmd.fr\/wp-content\/uploads\/2025\/05\/cropped-LOGO-DRIVE-ME-DRIVER-scaled-1.png\",\"width\":2557,\"height\":854,\"caption\":\"VTC Strasbourg DMD\"},\"image\":{\"@id\":\"https:\/\/vtc-strasbourg-dmd.fr\/de\/#\/schema\/logo\/image\/\"}},{\"@type\":\"Person\",\"@id\":\"https:\/\/vtc-strasbourg-dmd.fr\/de\/#\/schema\/person\/05759d0bf2739b605f0468a433403ac8\",\"name\":\"webobjectif\",\"image\":{\"@type\":\"ImageObject\",\"inLanguage\":\"de\",\"@id\":\"https:\/\/vtc-strasbourg-dmd.fr\/de\/#\/schema\/person\/image\/\",\"url\":\"https:\/\/secure.gravatar.com\/avatar\/ded9b907d1e5d4636440a16a54bd4369b408da9239d8ac948266d8c09fa8936b?s=96&d=mm&r=g\",\"contentUrl\":\"https:\/\/secure.gravatar.com\/avatar\/ded9b907d1e5d4636440a16a54bd4369b408da9239d8ac948266d8c09fa8936b?s=96&d=mm&r=g\",\"caption\":\"webobjectif\"},\"url\":\"http:\/\/vtc-strasbourg-dmd.fr\/de\/author\/webobjectif\/\"}]}<\/script>\n<!-- \/ Yoast SEO plugin. -->","yoast_head_json":{"title":"VTC Stra\u00dfburg nach Kehl Station: Privater Shuttle & Festpreis","description":"Nimmst du den Zug von Kehl (Deutschland)? Vermeide die \u00fcberf\u00fcllte Stra\u00dfenbahn mit deinen Koffern. Buchen Sie Ihr VTC Strasbourg DMD: Direkttransfer zum Bahnhof Kehl. Festpreis und Komfort.","robots":{"index":"index","follow":"follow","max-snippet":"max-snippet:-1","max-image-preview":"max-image-preview:large","max-video-preview":"max-video-preview:-1"},"canonical":"http:\/\/vtc-strasbourg-dmd.fr\/de\/strassburger-vtc-umstieg-zum-bahnhof-kehl-nehmen-sie-ihren-ice-zug-mit-voelliger-gewissheit\/","og_locale":"de_DE","og_type":"article","og_title":"VTC Stra\u00dfburg nach Kehl Station: Privater Shuttle & Festpreis","og_description":"Nimmst du den Zug von Kehl (Deutschland)? Vermeide die \u00fcberf\u00fcllte Stra\u00dfenbahn mit deinen Koffern. Buchen Sie Ihr VTC Strasbourg DMD: Direkttransfer zum Bahnhof Kehl. Festpreis und Komfort.","og_url":"http:\/\/vtc-strasbourg-dmd.fr\/de\/strassburger-vtc-umstieg-zum-bahnhof-kehl-nehmen-sie-ihren-ice-zug-mit-voelliger-gewissheit\/","og_site_name":"VTC Strasbourg DMD","article_published_time":"2026-02-02T09:14:08+00:00","article_modified_time":"2026-02-02T09:14:39+00:00","og_image":[{"width":1000,"height":667,"url":"https:\/\/vtc-strasbourg-dmd.fr\/wp-content\/uploads\/2026\/02\/22163-3.jpg","type":"image\/jpeg"}],"author":"webobjectif","twitter_card":"summary_large_image","twitter_misc":{"Verfasst von":"webobjectif","Gesch\u00e4tzte Lesezeit":"3 Minuten"},"schema":{"@context":"https:\/\/schema.org","@graph":[{"@type":"Article","@id":"http:\/\/vtc-strasbourg-dmd.fr\/de\/strassburger-vtc-umstieg-zum-bahnhof-kehl-nehmen-sie-ihren-ice-zug-mit-voelliger-gewissheit\/#article","isPartOf":{"@id":"http:\/\/vtc-strasbourg-dmd.fr\/de\/strassburger-vtc-umstieg-zum-bahnhof-kehl-nehmen-sie-ihren-ice-zug-mit-voelliger-gewissheit\/"},"author":{"name":"webobjectif","@id":"https:\/\/vtc-strasbourg-dmd.fr\/de\/#\/schema\/person\/05759d0bf2739b605f0468a433403ac8"},"headline":"Stra\u00dfburger VTC-Umstieg zum Bahnhof Kehl: Nehmen Sie Ihren ICE-Zug mit v\u00f6lliger Gewissheit","datePublished":"2026-02-02T09:14:08+00:00","dateModified":"2026-02-02T09:14:39+00:00","mainEntityOfPage":{"@id":"http:\/\/vtc-strasbourg-dmd.fr\/de\/strassburger-vtc-umstieg-zum-bahnhof-kehl-nehmen-sie-ihren-ice-zug-mit-voelliger-gewissheit\/"},"wordCount":646,"publisher":{"@id":"https:\/\/vtc-strasbourg-dmd.fr\/de\/#organization"},"image":{"@id":"http:\/\/vtc-strasbourg-dmd.fr\/de\/strassburger-vtc-umstieg-zum-bahnhof-kehl-nehmen-sie-ihren-ice-zug-mit-voelliger-gewissheit\/#primaryimage"},"thumbnailUrl":"https:\/\/vtc-strasbourg-dmd.fr\/wp-content\/uploads\/2026\/02\/22163-3.jpg","articleSection":["Nicht kategorisiert"],"inLanguage":"de"},{"@type":"WebPage","@id":"http:\/\/vtc-strasbourg-dmd.fr\/de\/strassburger-vtc-umstieg-zum-bahnhof-kehl-nehmen-sie-ihren-ice-zug-mit-voelliger-gewissheit\/","url":"http:\/\/vtc-strasbourg-dmd.fr\/de\/strassburger-vtc-umstieg-zum-bahnhof-kehl-nehmen-sie-ihren-ice-zug-mit-voelliger-gewissheit\/","name":"VTC Stra\u00dfburg nach Kehl Station: Privater Shuttle & Festpreis","isPartOf":{"@id":"https:\/\/vtc-strasbourg-dmd.fr\/de\/#website"},"primaryImageOfPage":{"@id":"http:\/\/vtc-strasbourg-dmd.fr\/de\/strassburger-vtc-umstieg-zum-bahnhof-kehl-nehmen-sie-ihren-ice-zug-mit-voelliger-gewissheit\/#primaryimage"},"image":{"@id":"http:\/\/vtc-strasbourg-dmd.fr\/de\/strassburger-vtc-umstieg-zum-bahnhof-kehl-nehmen-sie-ihren-ice-zug-mit-voelliger-gewissheit\/#primaryimage"},"thumbnailUrl":"https:\/\/vtc-strasbourg-dmd.fr\/wp-content\/uploads\/2026\/02\/22163-3.jpg","datePublished":"2026-02-02T09:14:08+00:00","dateModified":"2026-02-02T09:14:39+00:00","description":"Nimmst du den Zug von Kehl (Deutschland)? Vermeide die \u00fcberf\u00fcllte Stra\u00dfenbahn mit deinen Koffern. Buchen Sie Ihr VTC Strasbourg DMD: Direkttransfer zum Bahnhof Kehl. Festpreis und Komfort.","breadcrumb":{"@id":"http:\/\/vtc-strasbourg-dmd.fr\/de\/strassburger-vtc-umstieg-zum-bahnhof-kehl-nehmen-sie-ihren-ice-zug-mit-voelliger-gewissheit\/#breadcrumb"},"inLanguage":"de","potentialAction":[{"@type":"ReadAction","target":["http:\/\/vtc-strasbourg-dmd.fr\/de\/strassburger-vtc-umstieg-zum-bahnhof-kehl-nehmen-sie-ihren-ice-zug-mit-voelliger-gewissheit\/"]}]},{"@type":"ImageObject","inLanguage":"de","@id":"http:\/\/vtc-strasbourg-dmd.fr\/de\/strassburger-vtc-umstieg-zum-bahnhof-kehl-nehmen-sie-ihren-ice-zug-mit-voelliger-gewissheit\/#primaryimage","url":"https:\/\/vtc-strasbourg-dmd.fr\/wp-content\/uploads\/2026\/02\/22163-3.jpg","contentUrl":"https:\/\/vtc-strasbourg-dmd.fr\/wp-content\/uploads\/2026\/02\/22163-3.jpg","width":1000,"height":667,"caption":"VTC Chauffeur Gare de Kehl Stra\u00dfburg Bahnhof Zug"},{"@type":"BreadcrumbList","@id":"http:\/\/vtc-strasbourg-dmd.fr\/de\/strassburger-vtc-umstieg-zum-bahnhof-kehl-nehmen-sie-ihren-ice-zug-mit-voelliger-gewissheit\/#breadcrumb","itemListElement":[{"@type":"ListItem","position":1,"name":"Accueil","item":"https:\/\/vtc-strasbourg-dmd.fr\/de\/"},{"@type":"ListItem","position":2,"name":"Stra\u00dfburger VTC-Umstieg zum Bahnhof Kehl: Nehmen Sie Ihren ICE-Zug mit v\u00f6lliger Gewissheit"}]},{"@type":"WebSite","@id":"https:\/\/vtc-strasbourg-dmd.fr\/de\/#website","url":"https:\/\/vtc-strasbourg-dmd.fr\/de\/","name":"VTC Strasbourg DMD","description":"Chauffeur VTC Strasbourg","publisher":{"@id":"https:\/\/vtc-strasbourg-dmd.fr\/de\/#organization"},"potentialAction":[{"@type":"SearchAction","target":{"@type":"EntryPoint","urlTemplate":"https:\/\/vtc-strasbourg-dmd.fr\/de\/?s={search_term_string}"},"query-input":{"@type":"PropertyValueSpecification","valueRequired":true,"valueName":"search_term_string"}}],"inLanguage":"de"},{"@type":"Organization","@id":"https:\/\/vtc-strasbourg-dmd.fr\/de\/#organization","name":"VTC Strasbourg DMD","url":"https:\/\/vtc-strasbourg-dmd.fr\/de\/","logo":{"@type":"ImageObject","inLanguage":"de","@id":"https:\/\/vtc-strasbourg-dmd.fr\/de\/#\/schema\/logo\/image\/","url":"https:\/\/vtc-strasbourg-dmd.fr\/wp-content\/uploads\/2025\/05\/cropped-LOGO-DRIVE-ME-DRIVER-scaled-1.png","contentUrl":"https:\/\/vtc-strasbourg-dmd.fr\/wp-content\/uploads\/2025\/05\/cropped-LOGO-DRIVE-ME-DRIVER-scaled-1.png","width":2557,"height":854,"caption":"VTC Strasbourg DMD"},"image":{"@id":"https:\/\/vtc-strasbourg-dmd.fr\/de\/#\/schema\/logo\/image\/"}},{"@type":"Person","@id":"https:\/\/vtc-strasbourg-dmd.fr\/de\/#\/schema\/person\/05759d0bf2739b605f0468a433403ac8","name":"webobjectif","image":{"@type":"ImageObject","inLanguage":"de","@id":"https:\/\/vtc-strasbourg-dmd.fr\/de\/#\/schema\/person\/image\/","url":"https:\/\/secure.gravatar.com\/avatar\/ded9b907d1e5d4636440a16a54bd4369b408da9239d8ac948266d8c09fa8936b?s=96&d=mm&r=g","contentUrl":"https:\/\/secure.gravatar.com\/avatar\/ded9b907d1e5d4636440a16a54bd4369b408da9239d8ac948266d8c09fa8936b?s=96&d=mm&r=g","caption":"webobjectif"},"url":"http:\/\/vtc-strasbourg-dmd.fr\/de\/author\/webobjectif\/"}]}},"_links":{"self":[{"href":"http:\/\/vtc-strasbourg-dmd.fr\/de\/wp-json\/wp\/v2\/posts\/4104","targetHints":{"allow":["GET"]}}],"collection":[{"href":"http:\/\/vtc-strasbourg-dmd.fr\/de\/wp-json\/wp\/v2\/posts"}],"about":[{"href":"http:\/\/vtc-strasbourg-dmd.fr\/de\/wp-json\/wp\/v2\/types\/post"}],"author":[{"embeddable":true,"href":"http:\/\/vtc-strasbourg-dmd.fr\/de\/wp-json\/wp\/v2\/users\/30"}],"replies":[{"embeddable":true,"href":"http:\/\/vtc-strasbourg-dmd.fr\/de\/wp-json\/wp\/v2\/comments?post=4104"}],"version-history":[{"count":1,"href":"http:\/\/vtc-strasbourg-dmd.fr\/de\/wp-json\/wp\/v2\/posts\/4104\/revisions"}],"predecessor-version":[{"id":4106,"href":"http:\/\/vtc-strasbourg-dmd.fr\/de\/wp-json\/wp\/v2\/posts\/4104\/revisions\/4106"}],"wp:featuredmedia":[{"embeddable":true,"href":"http:\/\/vtc-strasbourg-dmd.fr\/de\/wp-json\/wp\/v2\/media\/4105"}],"wp:attachment":[{"href":"http:\/\/vtc-strasbourg-dmd.fr\/de\/wp-json\/wp\/v2\/media?parent=4104"}],"wp:term":[{"taxonomy":"category","embeddable":true,"href":"http:\/\/vtc-strasbourg-dmd.fr\/de\/wp-json\/wp\/v2\/categories?post=4104"},{"taxonomy":"post_tag","embeddable":true,"href":"http:\/\/vtc-strasbourg-dmd.fr\/de\/wp-json\/wp\/v2\/tags?post=4104"}],"curies":[{"name":"wp","href":"https:\/\/api.w.org\/{rel}","templated":true}]}}