{"id":4074,"date":"2026-02-02T09:57:14","date_gmt":"2026-02-02T08:57:14","guid":{"rendered":"https:\/\/vtc-strasbourg-dmd.fr\/vtc-business-strassburg-ihre-versetzungen-in-den-europaeischen-raum-und-den-innovationspark\/"},"modified":"2026-02-02T09:59:56","modified_gmt":"2026-02-02T08:59:56","slug":"vtc-business-strassburg-ihre-versetzungen-in-den-europaeischen-raum-und-den-innovationspark","status":"publish","type":"post","link":"http:\/\/vtc-strasbourg-dmd.fr\/de\/vtc-business-strassburg-ihre-versetzungen-in-den-europaeischen-raum-und-den-innovationspark\/","title":{"rendered":"VTC Business Stra\u00dfburg: Ihre Versetzungen in den Europ\u00e4ischen Raum und den Innovationspark"},"content":{"rendered":"\n<p>Stra\u00dfburg ist eine dynamische Wirtschaftshauptstadt. W\u00e4hrend der Tourismus im Stadtzentrum konzentriert ist, schl\u00e4gt das Gesch\u00e4ftszentrum am Stadtrand in zwei gro\u00dfen Drehkreuzen: <strong>dem Europ\u00e4ischen Wirtschaftsraum (Schiltigheim) im<\/strong> Norden und dem <strong>Innovationspark (Illkirch-Graffenstaden)<\/strong> im S\u00fcden. <\/p>\n\n<p>F\u00fcr F\u00fchrungskr\u00e4fte, Vertriebsmitarbeiter und professionelle Besucher, die an der TGV-Station oder am Flughafen ankommen, kann die Erreichbarkeit dieser Bereiche w\u00e4hrend der Hauptverkehrszeit schnell zu einem logistischen Kopfschmerz werden. <strong>VTC Strasbourg DMD<\/strong> bietet Ihnen eine Premium-Mobilit\u00e4tsl\u00f6sung, die f\u00fcr Fachleute konzipiert ist, die es sich nicht leisten k\u00f6nnen, zu sp\u00e4t zu kommen.<\/p>\n\n<hr class=\"wp-block-separator has-alpha-channel-opacity\"\/>\n\n<h2 class=\"wp-block-heading\">1. <a href=\"https:\/\/vtc-strasbourg-dmd.fr\/vtc-strasbourg-gare\/\">TGV-Umsteigestation<\/a> \u2013&gt; Europ\u00e4ische Gesch\u00e4ftszone (Schiltigheim)<\/h2>\n\n<p>Mit mehr als 600 Unternehmen ist der Europ\u00e4ische Raum (E3) der f\u00fchrende Terti\u00e4rpark im Elsass. Allerdings ist der Zugang zu den Sprechstunden notorisch schwierig. Staus auf der Avenue de l&#8217;Europe oder der Hausbergenstra\u00dfe sind h\u00e4ufig.  <\/p>\n\n<p><strong>Warum einen VTC statt eines klassischen Busses oder Taxis w\u00e4hlen?<\/strong><\/p>\n\n<ul class=\"wp-block-list\">\n<li><strong>Der Festpreis:<\/strong> Das ist das Hauptargument. In Taxis sorgen Staus daf\u00fcr, dass der Z\u00e4hler tickt. Bei der VTC Stra\u00dfburg DMD ist der Tarif fest und im Voraus bekannt, unabh\u00e4ngig von der Verkehrslage in Schiltigheim.  <\/li>\n\n\n\n<li><strong>Produktivit\u00e4t:<\/strong> Verschwende keine Zeit. Unsere Limousinen sind mobile B\u00fcros (Lautlosigkeit, Klimaanlage, Ladeger\u00e4te). Bereiten Sie Ihr Treffen vor oder t\u00e4tigen Sie w\u00e4hrend der Reise vollst\u00e4ndige Vertraulichkeit Anrufe.  <\/li>\n<\/ul>\n\n<h2 class=\"wp-block-heading\">2. Transferflughafen\/Bahnhof &gt; Parc d&#8217;Innovation (Illkirch)<\/h2>\n\n<p>Der Illkircher Innovation Park (API-Cluster) begr\u00fc\u00dft die Elite der Stra\u00dfburger Technologie und Biotechnologie. Im S\u00fcden der Stadt gelegen, erfordert sie oft eine lange und m\u00fchsame Stra\u00dfenbahnverbindung vom Hauptbahnhof. <\/p>\n\n<p>Indem Sie Ihren privaten Fahrer buchen, sparen Sie wertvolle Zeit:<\/p>\n\n<ul class=\"wp-block-list\">\n<li><strong><a href=\"https:\/\/vtc-strasbourg-dmd.fr\/chauffeur-prive-vtc-aeroport-entzheim-strasbourg\/\">Vom Flughafen Entzheim <\/a>:<\/strong> Wir holen dich ab, sobald du gelandet bist. In 15 bis 20 Minuten (\u00fcber den s\u00fcdlichen Ring) stehen Sie vor Ihren B\u00fcros in Illkirch. <\/li>\n\n\n\n<li><strong><a href=\"https:\/\/vtc-strasbourg-dmd.fr\/vtc-strasbourg-gare\/\">Vom Zentralbahnhof<\/a> :<\/strong> Ihr Fahrer wartet auf Sie auf dem Bahnsteig oder am Abgabepunkt. Keine Warteschlangen, sofortiger Weggang zu deinem Seminar oder Kundentreffen. <\/li>\n<\/ul>\n\n<hr class=\"wp-block-separator has-alpha-channel-opacity\"\/>\n\n<h2 class=\"wp-block-heading\">3. Die Premium-Alternative f\u00fcr Ihre Kunden und Partner<\/h2>\n\n<p>Empfangen Sie wichtige Mitarbeiter, Investoren oder VIP-Kunden in Ihrer Firmenzentrale?<\/p>\n\n<p>Das Image Ihres Unternehmens beginnt sofort, wenn sie ankommen. Eine <strong>Mercedes-Limousine mit einem Fahrer im Anzug<\/strong> am Flughafen abzuholen, sendet ein starkes Signal von Professionalit\u00e4t und R\u00fccksicht. <\/p>\n\n<p>Wir bieten einen Empfang mit einer Visitenkarte (im Namen Ihres Unternehmens oder des Fahrgastes) f\u00fcr ein reibungsloses und stressfreies Erlebnis.<\/p>\n\n<h2 class=\"wp-block-heading\">4. Dienstleistungen f\u00fcr Unternehmen (B2B)<\/h2>\n\n<p>Wir wissen, dass die administrative Verwaltung von Spesenabrechnungen zeitaufwendig ist. F\u00fcr unsere Stammkunden und lokale Unternehmen bieten wir angepasste Dienstleistungen an: <\/p>\n\n<ul class=\"wp-block-list\">\n<li><strong>Vereinfachte Rechnungsstellung:<\/strong> Eine einzelne, detaillierte Rechnung mit erzahlbarer Mehrwertsteuer per E-Mail.<\/li>\n\n\n\n<li><strong>Verf\u00fcgbarkeit:<\/strong> M\u00fcssen Sie mehrere Termine zwischen Schiltigheim, dem Stadtzentrum und Illkirch vereinbaren? Buchen Sie einen Halbtagsfahrer. Es wartet auf jeden Schritt des Weges auf dich.  <\/li>\n\n\n\n<li><strong>Seminar-Shuttles:<\/strong> Transport Ihrer Teams in <strong>Vans (7 Sitzpl\u00e4tze)<\/strong> f\u00fcr Ihre <a href=\"https:\/\/vtc-strasbourg-dmd.fr\/transport-evenements-entreprise-strasbourg-vtc\/\">Gesch\u00e4ftspausen oder Teamgeb\u00e4ude.<\/a><\/li>\n<\/ul>\n\n<hr class=\"wp-block-separator has-alpha-channel-opacity\"\/>\n\n<h3 class=\"wp-block-heading\">Optimieren Sie Ihre Reisezeit<\/h3>\n\n<p>Lassen Sie den \u00f6ffentlichen Nahverkehr oder die Parkplatzsuche Ihre P\u00fcnktlichkeit nicht beeintr\u00e4chtigen. Vertrauen Sie Ihre Gesch\u00e4ftsreisen einem lokalen Experten an. <\/p>\n\n<p><a href=\"\/reservation\">Buchen Sie einen Business Driver<\/a><\/p>\n\n<h2 class=\"wp-block-heading\">FAQ: Gesch\u00e4ftsverkehr in Stra\u00dfburg<\/h2>\n\n<h3 class=\"wp-block-heading\">Wie lange dauert es, vom Bahnhof in den Europ\u00e4ischen Raum zu kommen?<\/h3>\n\n<p>Bei ruhigen Bedingungen dauert die Fahrt etwa 15 Minuten. Zu den Hauptverkehrszeiten (8 bis 9 Uhr) kann das bis zu 25 bis 30 Minuten dauern. Unsere Fahrer nutzen Waze\/Google Maps Pro, um die schnellsten Routen zu nehmen.  <\/p>\n\n<h3 class=\"wp-block-heading\">Bieten Sie Unternehmen eine aufgeschobene Zahlung an?<\/h3>\n\n<p>Ja, f\u00fcr <a href=\"https:\/\/vtc-strasbourg-dmd.fr\/transport-evenements-entreprise-strasbourg-vtc\/\">Unternehmen mit Vertragsbindung<\/a> oder wiederkehrende Kunden k\u00f6nnen wir monatliche Rechnungen einrichten, die per Bank\u00fcberweisung zu zahlen sind, was Ihren Mitarbeitern erspart, die Kosten im Voraus zahlen zu m\u00fcssen.<\/p>\n\n<h3 class=\"wp-block-heading\">Kann ich im Auto arbeiten?<\/h3>\n\n<p>Absolut. Unsere Fahrzeuge werden wegen ihres akustischen Komforts und der Flexibilit\u00e4t ihrer Fahrwerke ausgew\u00e4hlt. WLAN und Ladeger\u00e4te sind an Bord verf\u00fcgbar, um den R\u00fccksitz in ein tempor\u00e4res B\u00fcro umzuwandeln. <\/p>\n\n<script type=\"application\/ld+json\">{\n  \"@context\": \"https:\/\/schema.org\",\n  \"@graph\": [\n    {\n      \"@type\": \"Service\",\n      \"name\": \"VTC Business Strasbourg (Espace Europ\u00e9en & Parc Innovation)\",\n      \"provider\": {\n        \"@type\": \"LocalBusiness\",\n        \"name\": \"VTC Strasbourg DMD\",\n        \"image\": \"https:\/\/vtc-strasbourg-dmd.fr\/logo.jpg\"\n      },\n      \"areaServed\": [\n        {\n          \"@type\": \"Place\",\n          \"name\": \"Espace Europ\u00e9en de l'Entreprise\",\n          \"address\": { \"@type\": \"PostalAddress\", \"addressLocality\": \"Schiltigheim\" }\n        },\n        {\n          \"@type\": \"Place\",\n          \"name\": \"Parc d'Innovation\",\n          \"address\": { \"@type\": \"PostalAddress\", \"addressLocality\": \"Illkirch-Graffenstaden\" }\n        }\n      ],\n      \"audience\": {\n        \"@type\": \"BusinessAudience\",\n        \"audienceType\": \"Professionnels, Cadres, Entreprises\"\n      },\n      \"description\": \"Service de navette VTC pour professionnels entre la Gare\/A\u00e9roport de Strasbourg et les zones d'activit\u00e9s (Schiltigheim, Illkirch). Facturation entreprise et v\u00e9hicules haut de gamme.\"\n    },\n    {\n      \"@type\": \"FAQPage\",\n      \"mainEntity\": [\n        {\n          \"@type\": \"Question\",\n          \"name\": \"Quel est le temps de trajet Gare Strasbourg - Espace Europ\u00e9en Schiltigheim ?\",\n          \"acceptedAnswer\": {\n            \"@type\": \"Answer\",\n            \"text\": \"Comptez entre 15 et 25 minutes selon le trafic. Nos chauffeurs VTC optimisent l'itin\u00e9raire pour garantir votre ponctualit\u00e9 aux rendez-vous.\"\n          }\n        },\n        {\n          \"@type\": \"Question\",\n          \"name\": \"Proposez-vous une facturation mensuelle pour les soci\u00e9t\u00e9s ?\",\n          \"acceptedAnswer\": {\n            \"@type\": \"Answer\",\n            \"text\": \"Oui, VTC Strasbourg DMD propose des solutions de facturation diff\u00e9r\u00e9e et mensuelle pour simplifier la gestion des notes de frais des entreprises partenaires.\"\n          }\n        }\n      ]\n    }\n  ]\n}\n<\/script>\n","protected":false},"excerpt":{"rendered":"<p>Stra\u00dfburg ist eine dynamische Wirtschaftshauptstadt. W\u00e4hrend der Tourismus im Stadtzentrum konzentriert ist, schl\u00e4gt das Gesch\u00e4ftszentrum am Stadtrand in zwei gro\u00dfen Drehkreuzen: dem Europ\u00e4ischen Wirtschaftsraum (Schiltigheim) im Norden und dem Innovationspark (Illkirch-Graffenstaden) im S\u00fcden. F\u00fcr F\u00fchrungskr\u00e4fte, Vertriebsmitarbeiter und professionelle Besucher, die an der TGV-Station oder am Flughafen ankommen, kann die Erreichbarkeit dieser Bereiche w\u00e4hrend der Hauptverkehrszeit [&hellip;]<\/p>\n","protected":false},"author":30,"featured_media":4075,"comment_status":"closed","ping_status":"open","sticky":false,"template":"","format":"standard","meta":{"site-sidebar-layout":"default","site-content-layout":"","ast-site-content-layout":"default","site-content-style":"default","site-sidebar-style":"default","ast-global-header-display":"","ast-banner-title-visibility":"","ast-main-header-display":"","ast-hfb-above-header-display":"","ast-hfb-below-header-display":"","ast-hfb-mobile-header-display":"","site-post-title":"","ast-breadcrumbs-content":"","ast-featured-img":"","footer-sml-layout":"","ast-disable-related-posts":"","theme-transparent-header-meta":"","adv-header-id-meta":"","stick-header-meta":"","header-above-stick-meta":"","header-main-stick-meta":"","header-below-stick-meta":"","astra-migrate-meta-layouts":"default","ast-page-background-enabled":"default","ast-page-background-meta":{"desktop":{"background-color":"","background-image":"","background-repeat":"repeat","background-position":"center center","background-size":"auto","background-attachment":"scroll","background-type":"","background-media":"","overlay-type":"","overlay-color":"","overlay-opacity":"","overlay-gradient":""},"tablet":{"background-color":"","background-image":"","background-repeat":"repeat","background-position":"center center","background-size":"auto","background-attachment":"scroll","background-type":"","background-media":"","overlay-type":"","overlay-color":"","overlay-opacity":"","overlay-gradient":""},"mobile":{"background-color":"","background-image":"","background-repeat":"repeat","background-position":"center center","background-size":"auto","background-attachment":"scroll","background-type":"","background-media":"","overlay-type":"","overlay-color":"","overlay-opacity":"","overlay-gradient":""}},"ast-content-background-meta":{"desktop":{"background-color":"var(--ast-global-color-5)","background-image":"","background-repeat":"repeat","background-position":"center center","background-size":"auto","background-attachment":"scroll","background-type":"","background-media":"","overlay-type":"","overlay-color":"","overlay-opacity":"","overlay-gradient":""},"tablet":{"background-color":"var(--ast-global-color-5)","background-image":"","background-repeat":"repeat","background-position":"center center","background-size":"auto","background-attachment":"scroll","background-type":"","background-media":"","overlay-type":"","overlay-color":"","overlay-opacity":"","overlay-gradient":""},"mobile":{"background-color":"var(--ast-global-color-5)","background-image":"","background-repeat":"repeat","background-position":"center center","background-size":"auto","background-attachment":"scroll","background-type":"","background-media":"","overlay-type":"","overlay-color":"","overlay-opacity":"","overlay-gradient":""}},"footnotes":""},"categories":[37],"tags":[],"class_list":["post-4074","post","type-post","status-publish","format-standard","has-post-thumbnail","hentry","category-nicht-kategorisiert"],"yoast_head":"<!-- This site is optimized with the Yoast SEO plugin v27.0 - https:\/\/yoast.com\/product\/yoast-seo-wordpress\/ -->\n<title>VTC Stra\u00dfburg Business: Europ\u00e4ischer Raum &amp; Innovation Park<\/title>\n<meta name=\"description\" content=\"Professionelle Reise nach Stra\u00dfburg? Buchen Sie Ihr VTC f\u00fcr den Europ\u00e4ischen Raum (Schiltigheim) oder den Innovationspark (Illkirch). P\u00fcnktlichkeit, mobiler B\u00fcrokomfort und Firmenrechnung.\" \/>\n<meta name=\"robots\" content=\"index, follow, max-snippet:-1, max-image-preview:large, max-video-preview:-1\" \/>\n<link rel=\"canonical\" href=\"http:\/\/vtc-strasbourg-dmd.fr\/de\/vtc-business-strassburg-ihre-versetzungen-in-den-europaeischen-raum-und-den-innovationspark\/\" \/>\n<meta property=\"og:locale\" content=\"de_DE\" \/>\n<meta property=\"og:type\" content=\"article\" \/>\n<meta property=\"og:title\" content=\"VTC Stra\u00dfburg Business: Europ\u00e4ischer Raum &amp; Innovation Park\" \/>\n<meta property=\"og:description\" content=\"Professionelle Reise nach Stra\u00dfburg? Buchen Sie Ihr VTC f\u00fcr den Europ\u00e4ischen Raum (Schiltigheim) oder den Innovationspark (Illkirch). P\u00fcnktlichkeit, mobiler B\u00fcrokomfort und Firmenrechnung.\" \/>\n<meta property=\"og:url\" content=\"http:\/\/vtc-strasbourg-dmd.fr\/de\/vtc-business-strassburg-ihre-versetzungen-in-den-europaeischen-raum-und-den-innovationspark\/\" \/>\n<meta property=\"og:site_name\" content=\"VTC Strasbourg DMD\" \/>\n<meta property=\"article:published_time\" content=\"2026-02-02T08:57:14+00:00\" \/>\n<meta property=\"article:modified_time\" content=\"2026-02-02T08:59:56+00:00\" \/>\n<meta property=\"og:image\" content=\"https:\/\/vtc-strasbourg-dmd.fr\/wp-content\/uploads\/2026\/02\/586.jpg\" \/>\n\t<meta property=\"og:image:width\" content=\"1000\" \/>\n\t<meta property=\"og:image:height\" content=\"667\" \/>\n\t<meta property=\"og:image:type\" content=\"image\/jpeg\" \/>\n<meta name=\"author\" content=\"webobjectif\" \/>\n<meta name=\"twitter:card\" content=\"summary_large_image\" \/>\n<meta name=\"twitter:label1\" content=\"Verfasst von\" \/>\n\t<meta name=\"twitter:data1\" content=\"webobjectif\" \/>\n\t<meta name=\"twitter:label2\" content=\"Gesch\u00e4tzte Lesezeit\" \/>\n\t<meta name=\"twitter:data2\" content=\"3 Minuten\" \/>\n<script type=\"application\/ld+json\" class=\"yoast-schema-graph\">{\"@context\":\"https:\/\/schema.org\",\"@graph\":[{\"@type\":\"Article\",\"@id\":\"http:\/\/vtc-strasbourg-dmd.fr\/de\/vtc-business-strassburg-ihre-versetzungen-in-den-europaeischen-raum-und-den-innovationspark\/#article\",\"isPartOf\":{\"@id\":\"http:\/\/vtc-strasbourg-dmd.fr\/de\/vtc-business-strassburg-ihre-versetzungen-in-den-europaeischen-raum-und-den-innovationspark\/\"},\"author\":{\"name\":\"webobjectif\",\"@id\":\"https:\/\/vtc-strasbourg-dmd.fr\/de\/#\/schema\/person\/05759d0bf2739b605f0468a433403ac8\"},\"headline\":\"VTC Business Stra\u00dfburg: Ihre Versetzungen in den Europ\u00e4ischen Raum und den Innovationspark\",\"datePublished\":\"2026-02-02T08:57:14+00:00\",\"dateModified\":\"2026-02-02T08:59:56+00:00\",\"mainEntityOfPage\":{\"@id\":\"http:\/\/vtc-strasbourg-dmd.fr\/de\/vtc-business-strassburg-ihre-versetzungen-in-den-europaeischen-raum-und-den-innovationspark\/\"},\"wordCount\":656,\"publisher\":{\"@id\":\"https:\/\/vtc-strasbourg-dmd.fr\/de\/#organization\"},\"image\":{\"@id\":\"http:\/\/vtc-strasbourg-dmd.fr\/de\/vtc-business-strassburg-ihre-versetzungen-in-den-europaeischen-raum-und-den-innovationspark\/#primaryimage\"},\"thumbnailUrl\":\"https:\/\/vtc-strasbourg-dmd.fr\/wp-content\/uploads\/2026\/02\/586.jpg\",\"articleSection\":[\"Nicht kategorisiert\"],\"inLanguage\":\"de\"},{\"@type\":\"WebPage\",\"@id\":\"http:\/\/vtc-strasbourg-dmd.fr\/de\/vtc-business-strassburg-ihre-versetzungen-in-den-europaeischen-raum-und-den-innovationspark\/\",\"url\":\"http:\/\/vtc-strasbourg-dmd.fr\/de\/vtc-business-strassburg-ihre-versetzungen-in-den-europaeischen-raum-und-den-innovationspark\/\",\"name\":\"VTC Stra\u00dfburg Business: Europ\u00e4ischer Raum & Innovation Park\",\"isPartOf\":{\"@id\":\"https:\/\/vtc-strasbourg-dmd.fr\/de\/#website\"},\"primaryImageOfPage\":{\"@id\":\"http:\/\/vtc-strasbourg-dmd.fr\/de\/vtc-business-strassburg-ihre-versetzungen-in-den-europaeischen-raum-und-den-innovationspark\/#primaryimage\"},\"image\":{\"@id\":\"http:\/\/vtc-strasbourg-dmd.fr\/de\/vtc-business-strassburg-ihre-versetzungen-in-den-europaeischen-raum-und-den-innovationspark\/#primaryimage\"},\"thumbnailUrl\":\"https:\/\/vtc-strasbourg-dmd.fr\/wp-content\/uploads\/2026\/02\/586.jpg\",\"datePublished\":\"2026-02-02T08:57:14+00:00\",\"dateModified\":\"2026-02-02T08:59:56+00:00\",\"description\":\"Professionelle Reise nach Stra\u00dfburg? Buchen Sie Ihr VTC f\u00fcr den Europ\u00e4ischen Raum (Schiltigheim) oder den Innovationspark (Illkirch). P\u00fcnktlichkeit, mobiler B\u00fcrokomfort und Firmenrechnung.\",\"breadcrumb\":{\"@id\":\"http:\/\/vtc-strasbourg-dmd.fr\/de\/vtc-business-strassburg-ihre-versetzungen-in-den-europaeischen-raum-und-den-innovationspark\/#breadcrumb\"},\"inLanguage\":\"de\",\"potentialAction\":[{\"@type\":\"ReadAction\",\"target\":[\"http:\/\/vtc-strasbourg-dmd.fr\/de\/vtc-business-strassburg-ihre-versetzungen-in-den-europaeischen-raum-und-den-innovationspark\/\"]}]},{\"@type\":\"ImageObject\",\"inLanguage\":\"de\",\"@id\":\"http:\/\/vtc-strasbourg-dmd.fr\/de\/vtc-business-strassburg-ihre-versetzungen-in-den-europaeischen-raum-und-den-innovationspark\/#primaryimage\",\"url\":\"https:\/\/vtc-strasbourg-dmd.fr\/wp-content\/uploads\/2026\/02\/586.jpg\",\"contentUrl\":\"https:\/\/vtc-strasbourg-dmd.fr\/wp-content\/uploads\/2026\/02\/586.jpg\",\"width\":1000,\"height\":667,\"caption\":\"VTC Business Stra\u00dfburg (Europ\u00e4ischer Raum &amp; Innovation Park)\"},{\"@type\":\"BreadcrumbList\",\"@id\":\"http:\/\/vtc-strasbourg-dmd.fr\/de\/vtc-business-strassburg-ihre-versetzungen-in-den-europaeischen-raum-und-den-innovationspark\/#breadcrumb\",\"itemListElement\":[{\"@type\":\"ListItem\",\"position\":1,\"name\":\"Accueil\",\"item\":\"https:\/\/vtc-strasbourg-dmd.fr\/de\/\"},{\"@type\":\"ListItem\",\"position\":2,\"name\":\"VTC Business Stra\u00dfburg: Ihre Versetzungen in den Europ\u00e4ischen Raum und den Innovationspark\"}]},{\"@type\":\"WebSite\",\"@id\":\"https:\/\/vtc-strasbourg-dmd.fr\/de\/#website\",\"url\":\"https:\/\/vtc-strasbourg-dmd.fr\/de\/\",\"name\":\"VTC Strasbourg DMD\",\"description\":\"Chauffeur VTC Strasbourg\",\"publisher\":{\"@id\":\"https:\/\/vtc-strasbourg-dmd.fr\/de\/#organization\"},\"potentialAction\":[{\"@type\":\"SearchAction\",\"target\":{\"@type\":\"EntryPoint\",\"urlTemplate\":\"https:\/\/vtc-strasbourg-dmd.fr\/de\/?s={search_term_string}\"},\"query-input\":{\"@type\":\"PropertyValueSpecification\",\"valueRequired\":true,\"valueName\":\"search_term_string\"}}],\"inLanguage\":\"de\"},{\"@type\":\"Organization\",\"@id\":\"https:\/\/vtc-strasbourg-dmd.fr\/de\/#organization\",\"name\":\"VTC Strasbourg DMD\",\"url\":\"https:\/\/vtc-strasbourg-dmd.fr\/de\/\",\"logo\":{\"@type\":\"ImageObject\",\"inLanguage\":\"de\",\"@id\":\"https:\/\/vtc-strasbourg-dmd.fr\/de\/#\/schema\/logo\/image\/\",\"url\":\"https:\/\/vtc-strasbourg-dmd.fr\/wp-content\/uploads\/2025\/05\/cropped-LOGO-DRIVE-ME-DRIVER-scaled-1.png\",\"contentUrl\":\"https:\/\/vtc-strasbourg-dmd.fr\/wp-content\/uploads\/2025\/05\/cropped-LOGO-DRIVE-ME-DRIVER-scaled-1.png\",\"width\":2557,\"height\":854,\"caption\":\"VTC Strasbourg DMD\"},\"image\":{\"@id\":\"https:\/\/vtc-strasbourg-dmd.fr\/de\/#\/schema\/logo\/image\/\"}},{\"@type\":\"Person\",\"@id\":\"https:\/\/vtc-strasbourg-dmd.fr\/de\/#\/schema\/person\/05759d0bf2739b605f0468a433403ac8\",\"name\":\"webobjectif\",\"image\":{\"@type\":\"ImageObject\",\"inLanguage\":\"de\",\"@id\":\"https:\/\/vtc-strasbourg-dmd.fr\/de\/#\/schema\/person\/image\/\",\"url\":\"https:\/\/secure.gravatar.com\/avatar\/ded9b907d1e5d4636440a16a54bd4369b408da9239d8ac948266d8c09fa8936b?s=96&d=mm&r=g\",\"contentUrl\":\"https:\/\/secure.gravatar.com\/avatar\/ded9b907d1e5d4636440a16a54bd4369b408da9239d8ac948266d8c09fa8936b?s=96&d=mm&r=g\",\"caption\":\"webobjectif\"},\"url\":\"http:\/\/vtc-strasbourg-dmd.fr\/de\/author\/webobjectif\/\"}]}<\/script>\n<!-- \/ Yoast SEO plugin. -->","yoast_head_json":{"title":"VTC Stra\u00dfburg Business: Europ\u00e4ischer Raum & Innovation Park","description":"Professionelle Reise nach Stra\u00dfburg? Buchen Sie Ihr VTC f\u00fcr den Europ\u00e4ischen Raum (Schiltigheim) oder den Innovationspark (Illkirch). P\u00fcnktlichkeit, mobiler B\u00fcrokomfort und Firmenrechnung.","robots":{"index":"index","follow":"follow","max-snippet":"max-snippet:-1","max-image-preview":"max-image-preview:large","max-video-preview":"max-video-preview:-1"},"canonical":"http:\/\/vtc-strasbourg-dmd.fr\/de\/vtc-business-strassburg-ihre-versetzungen-in-den-europaeischen-raum-und-den-innovationspark\/","og_locale":"de_DE","og_type":"article","og_title":"VTC Stra\u00dfburg Business: Europ\u00e4ischer Raum & Innovation Park","og_description":"Professionelle Reise nach Stra\u00dfburg? Buchen Sie Ihr VTC f\u00fcr den Europ\u00e4ischen Raum (Schiltigheim) oder den Innovationspark (Illkirch). P\u00fcnktlichkeit, mobiler B\u00fcrokomfort und Firmenrechnung.","og_url":"http:\/\/vtc-strasbourg-dmd.fr\/de\/vtc-business-strassburg-ihre-versetzungen-in-den-europaeischen-raum-und-den-innovationspark\/","og_site_name":"VTC Strasbourg DMD","article_published_time":"2026-02-02T08:57:14+00:00","article_modified_time":"2026-02-02T08:59:56+00:00","og_image":[{"width":1000,"height":667,"url":"https:\/\/vtc-strasbourg-dmd.fr\/wp-content\/uploads\/2026\/02\/586.jpg","type":"image\/jpeg"}],"author":"webobjectif","twitter_card":"summary_large_image","twitter_misc":{"Verfasst von":"webobjectif","Gesch\u00e4tzte Lesezeit":"3 Minuten"},"schema":{"@context":"https:\/\/schema.org","@graph":[{"@type":"Article","@id":"http:\/\/vtc-strasbourg-dmd.fr\/de\/vtc-business-strassburg-ihre-versetzungen-in-den-europaeischen-raum-und-den-innovationspark\/#article","isPartOf":{"@id":"http:\/\/vtc-strasbourg-dmd.fr\/de\/vtc-business-strassburg-ihre-versetzungen-in-den-europaeischen-raum-und-den-innovationspark\/"},"author":{"name":"webobjectif","@id":"https:\/\/vtc-strasbourg-dmd.fr\/de\/#\/schema\/person\/05759d0bf2739b605f0468a433403ac8"},"headline":"VTC Business Stra\u00dfburg: Ihre Versetzungen in den Europ\u00e4ischen Raum und den Innovationspark","datePublished":"2026-02-02T08:57:14+00:00","dateModified":"2026-02-02T08:59:56+00:00","mainEntityOfPage":{"@id":"http:\/\/vtc-strasbourg-dmd.fr\/de\/vtc-business-strassburg-ihre-versetzungen-in-den-europaeischen-raum-und-den-innovationspark\/"},"wordCount":656,"publisher":{"@id":"https:\/\/vtc-strasbourg-dmd.fr\/de\/#organization"},"image":{"@id":"http:\/\/vtc-strasbourg-dmd.fr\/de\/vtc-business-strassburg-ihre-versetzungen-in-den-europaeischen-raum-und-den-innovationspark\/#primaryimage"},"thumbnailUrl":"https:\/\/vtc-strasbourg-dmd.fr\/wp-content\/uploads\/2026\/02\/586.jpg","articleSection":["Nicht kategorisiert"],"inLanguage":"de"},{"@type":"WebPage","@id":"http:\/\/vtc-strasbourg-dmd.fr\/de\/vtc-business-strassburg-ihre-versetzungen-in-den-europaeischen-raum-und-den-innovationspark\/","url":"http:\/\/vtc-strasbourg-dmd.fr\/de\/vtc-business-strassburg-ihre-versetzungen-in-den-europaeischen-raum-und-den-innovationspark\/","name":"VTC Stra\u00dfburg Business: Europ\u00e4ischer Raum & Innovation Park","isPartOf":{"@id":"https:\/\/vtc-strasbourg-dmd.fr\/de\/#website"},"primaryImageOfPage":{"@id":"http:\/\/vtc-strasbourg-dmd.fr\/de\/vtc-business-strassburg-ihre-versetzungen-in-den-europaeischen-raum-und-den-innovationspark\/#primaryimage"},"image":{"@id":"http:\/\/vtc-strasbourg-dmd.fr\/de\/vtc-business-strassburg-ihre-versetzungen-in-den-europaeischen-raum-und-den-innovationspark\/#primaryimage"},"thumbnailUrl":"https:\/\/vtc-strasbourg-dmd.fr\/wp-content\/uploads\/2026\/02\/586.jpg","datePublished":"2026-02-02T08:57:14+00:00","dateModified":"2026-02-02T08:59:56+00:00","description":"Professionelle Reise nach Stra\u00dfburg? Buchen Sie Ihr VTC f\u00fcr den Europ\u00e4ischen Raum (Schiltigheim) oder den Innovationspark (Illkirch). P\u00fcnktlichkeit, mobiler B\u00fcrokomfort und Firmenrechnung.","breadcrumb":{"@id":"http:\/\/vtc-strasbourg-dmd.fr\/de\/vtc-business-strassburg-ihre-versetzungen-in-den-europaeischen-raum-und-den-innovationspark\/#breadcrumb"},"inLanguage":"de","potentialAction":[{"@type":"ReadAction","target":["http:\/\/vtc-strasbourg-dmd.fr\/de\/vtc-business-strassburg-ihre-versetzungen-in-den-europaeischen-raum-und-den-innovationspark\/"]}]},{"@type":"ImageObject","inLanguage":"de","@id":"http:\/\/vtc-strasbourg-dmd.fr\/de\/vtc-business-strassburg-ihre-versetzungen-in-den-europaeischen-raum-und-den-innovationspark\/#primaryimage","url":"https:\/\/vtc-strasbourg-dmd.fr\/wp-content\/uploads\/2026\/02\/586.jpg","contentUrl":"https:\/\/vtc-strasbourg-dmd.fr\/wp-content\/uploads\/2026\/02\/586.jpg","width":1000,"height":667,"caption":"VTC Business Stra\u00dfburg (Europ\u00e4ischer Raum &amp; Innovation Park)"},{"@type":"BreadcrumbList","@id":"http:\/\/vtc-strasbourg-dmd.fr\/de\/vtc-business-strassburg-ihre-versetzungen-in-den-europaeischen-raum-und-den-innovationspark\/#breadcrumb","itemListElement":[{"@type":"ListItem","position":1,"name":"Accueil","item":"https:\/\/vtc-strasbourg-dmd.fr\/de\/"},{"@type":"ListItem","position":2,"name":"VTC Business Stra\u00dfburg: Ihre Versetzungen in den Europ\u00e4ischen Raum und den Innovationspark"}]},{"@type":"WebSite","@id":"https:\/\/vtc-strasbourg-dmd.fr\/de\/#website","url":"https:\/\/vtc-strasbourg-dmd.fr\/de\/","name":"VTC Strasbourg DMD","description":"Chauffeur VTC Strasbourg","publisher":{"@id":"https:\/\/vtc-strasbourg-dmd.fr\/de\/#organization"},"potentialAction":[{"@type":"SearchAction","target":{"@type":"EntryPoint","urlTemplate":"https:\/\/vtc-strasbourg-dmd.fr\/de\/?s={search_term_string}"},"query-input":{"@type":"PropertyValueSpecification","valueRequired":true,"valueName":"search_term_string"}}],"inLanguage":"de"},{"@type":"Organization","@id":"https:\/\/vtc-strasbourg-dmd.fr\/de\/#organization","name":"VTC Strasbourg DMD","url":"https:\/\/vtc-strasbourg-dmd.fr\/de\/","logo":{"@type":"ImageObject","inLanguage":"de","@id":"https:\/\/vtc-strasbourg-dmd.fr\/de\/#\/schema\/logo\/image\/","url":"https:\/\/vtc-strasbourg-dmd.fr\/wp-content\/uploads\/2025\/05\/cropped-LOGO-DRIVE-ME-DRIVER-scaled-1.png","contentUrl":"https:\/\/vtc-strasbourg-dmd.fr\/wp-content\/uploads\/2025\/05\/cropped-LOGO-DRIVE-ME-DRIVER-scaled-1.png","width":2557,"height":854,"caption":"VTC Strasbourg DMD"},"image":{"@id":"https:\/\/vtc-strasbourg-dmd.fr\/de\/#\/schema\/logo\/image\/"}},{"@type":"Person","@id":"https:\/\/vtc-strasbourg-dmd.fr\/de\/#\/schema\/person\/05759d0bf2739b605f0468a433403ac8","name":"webobjectif","image":{"@type":"ImageObject","inLanguage":"de","@id":"https:\/\/vtc-strasbourg-dmd.fr\/de\/#\/schema\/person\/image\/","url":"https:\/\/secure.gravatar.com\/avatar\/ded9b907d1e5d4636440a16a54bd4369b408da9239d8ac948266d8c09fa8936b?s=96&d=mm&r=g","contentUrl":"https:\/\/secure.gravatar.com\/avatar\/ded9b907d1e5d4636440a16a54bd4369b408da9239d8ac948266d8c09fa8936b?s=96&d=mm&r=g","caption":"webobjectif"},"url":"http:\/\/vtc-strasbourg-dmd.fr\/de\/author\/webobjectif\/"}]}},"_links":{"self":[{"href":"http:\/\/vtc-strasbourg-dmd.fr\/de\/wp-json\/wp\/v2\/posts\/4074","targetHints":{"allow":["GET"]}}],"collection":[{"href":"http:\/\/vtc-strasbourg-dmd.fr\/de\/wp-json\/wp\/v2\/posts"}],"about":[{"href":"http:\/\/vtc-strasbourg-dmd.fr\/de\/wp-json\/wp\/v2\/types\/post"}],"author":[{"embeddable":true,"href":"http:\/\/vtc-strasbourg-dmd.fr\/de\/wp-json\/wp\/v2\/users\/30"}],"replies":[{"embeddable":true,"href":"http:\/\/vtc-strasbourg-dmd.fr\/de\/wp-json\/wp\/v2\/comments?post=4074"}],"version-history":[{"count":4,"href":"http:\/\/vtc-strasbourg-dmd.fr\/de\/wp-json\/wp\/v2\/posts\/4074\/revisions"}],"predecessor-version":[{"id":4081,"href":"http:\/\/vtc-strasbourg-dmd.fr\/de\/wp-json\/wp\/v2\/posts\/4074\/revisions\/4081"}],"wp:featuredmedia":[{"embeddable":true,"href":"http:\/\/vtc-strasbourg-dmd.fr\/de\/wp-json\/wp\/v2\/media\/4075"}],"wp:attachment":[{"href":"http:\/\/vtc-strasbourg-dmd.fr\/de\/wp-json\/wp\/v2\/media?parent=4074"}],"wp:term":[{"taxonomy":"category","embeddable":true,"href":"http:\/\/vtc-strasbourg-dmd.fr\/de\/wp-json\/wp\/v2\/categories?post=4074"},{"taxonomy":"post_tag","embeddable":true,"href":"http:\/\/vtc-strasbourg-dmd.fr\/de\/wp-json\/wp\/v2\/tags?post=4074"}],"curies":[{"name":"wp","href":"https:\/\/api.w.org\/{rel}","templated":true}]}}