{"id":4062,"date":"2026-01-30T18:16:21","date_gmt":"2026-01-30T17:16:21","guid":{"rendered":"https:\/\/vtc-strasbourg-dmd.fr\/entdeckung-der-elsass-weinroute-geschmack-in-voelliger-freiheit-mit-einem-privaten-fahrer\/"},"modified":"2026-02-02T10:02:37","modified_gmt":"2026-02-02T09:02:37","slug":"entdeckung-der-elsass-weinroute-geschmack-in-voelliger-freiheit-mit-einem-privaten-fahrer","status":"publish","type":"post","link":"http:\/\/vtc-strasbourg-dmd.fr\/de\/entdeckung-der-elsass-weinroute-geschmack-in-voelliger-freiheit-mit-einem-privaten-fahrer\/","title":{"rendered":"Entdeckung der Elsass-Weinroute: Geschmack in v\u00f6lliger Freiheit mit einem privaten Fahrer"},"content":{"rendered":"\n<p>Mit einer L\u00e4nge von mehr als 170 Kilometern von Norden nach S\u00fcden ist die <strong>Elsass-Weinstra\u00dfe<\/strong> eine der sch\u00f6nsten in Frankreich. Seine malerischen D\u00f6rfer, befestigten Burgen und nat\u00fcrlich seine Grands Crus (Riesling, Gewurztraminer, Pinot Gris) ziehen Besucher aus aller Welt an. <\/p>\n\n<p>Doch um diese \u00f6nologische Erfahrung voll auszusch\u00f6pfen, stellt sich schnell ein Dilemma: <strong>Wie kann man eine Reihe von Verkostungen bei den Winzern w\u00e4hrend der Fahrt durchf\u00fchren?<\/strong> Die Antwort ist einfach: Fahr nicht. Lassen Sie <strong>VTC Strasbourg DMD<\/strong> Ihren &#8222;Road Captain&#8220; f\u00fcr einen unvergesslichen Tag im Herzen der Weinberge sein. <\/p>\n\n<hr class=\"wp-block-separator has-alpha-channel-opacity\"\/>\n\n<h2 class=\"wp-block-heading\">1. Null Einschr\u00e4nkungen: Das Privileg, nicht zu fahren<\/h2>\n\n<p>In Frankreich ist der Blutalkoholgrenzwert streng. Ein oder zwei Verkostungen k\u00f6nnen ausreichen, um dich in Verst\u00f6\u00dfe zu bringen, ganz zu schweigen von der Gefahr f\u00fcr deine Sicherheit auf den kleinen, kurvenreichen Stra\u00dfen der Vogesen. <\/p>\n\n<p>Indem Sie ein mit <strong>Chauffeur betriebenes Fahrzeug (VTC)<\/strong> aus Stra\u00dfburg mieten, verschaffen Sie sich ein gutes Gef\u00fchl:<\/p>\n\n<ul class=\"wp-block-list\">\n<li><strong>Absolute Sicherheit:<\/strong> Man kann die von den Winzern angebotenen Weine ohne zu z\u00f6gern probieren.<\/li>\n\n\n\n<li><strong>Komfort:<\/strong> Zwischen zwei D\u00f6rfern k\u00f6nnen Sie in einer klimatisierten und angeschlossenen Limousine ausruhen.<\/li>\n\n\n\n<li><strong>Flexibilit\u00e4t:<\/strong> Im Gegensatz zu Touristenbussen mit festen Fahrpl\u00e4nen entscheidest du hier, wie viel Zeit du auf jeder Etappe verbringst.<\/li>\n<\/ul>\n\n<h2 class=\"wp-block-heading\">2. Erstellen Sie Ihren ma\u00dfgeschneiderten Reiseplan<\/h2>\n\n<p>Du kennst die Region nicht? Unsere lokalen Experten k\u00f6nnen Ihnen die Stopps empfehlen, die Sie unbedingt sehen m\u00fcssen. Hast du deine Liste bereits? Wir folgen Ihrem Programm bis zum Wort.   <\/p>\n\n<h3 class=\"wp-block-heading\">Die Star-Etappe 45 Minuten von Stra\u00dfburg entfernt:<\/h3>\n\n<ul class=\"wp-block-list\">\n<li><strong><a href=\"https:\/\/vtc-strasbourg-dmd.fr\/transfert-vtc-chauffeur-prive-obernai-strasbourg\/\">Obernai<\/a> :<\/strong> Die mittelalterliche Stadt, die man nicht verpassen sollte.<\/li>\n\n\n\n<li><strong><a href=\"https:\/\/vtc-strasbourg-dmd.fr\/transfert-vtc-chauffeur-prive-riquewihr-strasbourg\/\">Riquewihr<\/a> &amp; <a href=\"https:\/\/vtc-strasbourg-dmd.fr\/transfert-vtc-chauffeur-prive-kaysersberg-strasbourg\/\">Kaysersberg<\/a> :<\/strong> Oft als &#8222;Lieblingsd\u00f6rfer der Franzosen&#8220; gew\u00e4hlt, sind sie architektonische Juwelen.<\/li>\n\n\n\n<li><strong><a href=\"https:\/\/vtc-strasbourg-dmd.fr\/transfert-vtc-chauffeur-prive-colmar-strasbourg\/\">Colmar <\/a>:<\/strong> Das &#8222;Little Venice&#8220;, ideal f\u00fcr eine Gourmet-Mittagspause.<\/li>\n\n\n\n<li><strong>Burg Haut-K\u0153nigsbourg:<\/strong> F\u00fcr eine kulturelle und historische Auszeit mit atemberaubendem Blick auf die Ebene.<\/li>\n<\/ul>\n\n<hr class=\"wp-block-separator has-alpha-channel-opacity\"\/>\n\n<h2 class=\"wp-block-heading\">3. Das &#8222;Truhe&#8220;-Argument: F\u00fcllt euren Keller!<\/h2>\n\n<p>Das ist ein Detail, \u00fcber das wir nicht genug nachdenken: der Transport der Flaschen.<\/p>\n\n<p>Wenn Sie die Region mit Zug oder Bus besuchen, ist es unm\u00f6glich, mehr als ein oder zwei Flaschen zu kaufen, sonst wird Ihre R\u00fcckkehr zur Tortur. Mit <strong>VTC Strasbourg DMD<\/strong> haben Sie einen ger\u00e4umigen Kofferraum (besonders in unseren Vans). <\/p>\n\n<p>Hast du dich in eine <em>Vendanges Tardives<\/em> verliebt? Kauf ein oder zwei Schachteln. Dein Fahrer l\u00e4dt sie ein und stellt sie abends direkt vor deiner T\u00fcr oder deinem Hotel ab.  <\/p>\n\n<h2 class=\"wp-block-heading\">4. Ideal f\u00fcr kleine Gruppen (Mercedes V-Klasse Van)<\/h2>\n\n<p>Die Wine Route ist ein gemeinsames Erlebnis. Mit Freunden, als Paar oder mit der Familie ist die Atmosph\u00e4re mit anderen immer besser. <\/p>\n\n<p>Unsere <strong>Premium-Vans<\/strong> bieten Platz f\u00fcr bis <strong>zu 7 Passagiere<\/strong> in einer pers\u00f6nlichen Lounge.<\/p>\n\n<ul class=\"wp-block-list\">\n<li>Teile die Kosten des Fahrers durch 7: Die Erfahrung wird sehr erschwinglich.<\/li>\n\n\n\n<li>Man muss nicht mit zwei Autos unterwegs verlaufen.<\/li>\n\n\n\n<li>Alle genie\u00dfen die Party (niemand wird als Fahrer bezeichnet).<\/li>\n<\/ul>\n\n<hr class=\"wp-block-separator has-alpha-channel-opacity\"\/>\n\n<h2 class=\"wp-block-heading\">5. Wie bucht man seine Sightseeing-Tour?<\/h2>\n\n<p>Wir bieten in der Regel Lieferpakete f\u00fcr einen halben Tag (4 Stunden) oder einen ganzen Tag <strong>(<\/strong> 8 oder 10 Stunden) an.<\/p>\n\n<p>Wenn Sie Ihre Reservierung vornehmen:<\/p>\n\n<ol class=\"wp-block-list\">\n<li>Gib deinen Abholort in Stra\u00dfburg an.<\/li>\n\n\n\n<li>Geben Sie die Anzahl der Passagiere an.<\/li>\n\n\n\n<li>Sag uns, ob du eine bestimmte Reiseroute hast oder dich &#8222;f\u00fchren lassen&#8220; zu den Hauptd\u00f6rfern.<\/li>\n<\/ol>\n\n<h3 class=\"wp-block-heading\">\ud83c\udf47 Bereit f\u00fcr einen au\u00dfergew\u00f6hnlichen Tag?<\/h3>\n\n<p>Fr\u00fchlings- und Sommerwochenenden sind sehr beliebt. Buchen Sie jetzt Ihren privaten Fahrer f\u00fcr die Wine Route.   <a href=\"https:\/\/vtc-strasbourg-dmd.fr\/de\/\">Buche meine Weintour<\/a><\/p>\n\n<h2 class=\"wp-block-heading\">FAQ: Besuchen Sie das Elsass durch VTC<\/h2>\n\n<h3 class=\"wp-block-heading\">Kann der Fahrer uns zu Winzern beraten?<\/h3>\n\n<p>Ja, unsere Fahrer kennen die Gegend gut. Obwohl wir keine zertifizierten Reiseleiter sind, k\u00f6nnen wir Sie zu renommierten D\u00f6rfern und einladenden Anwesen f\u00fchren. <\/p>\n\n<h3 class=\"wp-block-heading\">K\u00f6nnen wir in einem Restaurant auf der Stra\u00dfe Mittag essen?<\/h3>\n\n<p>Absolut. Das ist der Vorteil von &#8222;Provision&#8220;. Der Fahrer setzt Sie vor dem Restaurant Ihrer Wahl ab (zum Beispiel in Riquewihr oder Colmar) und wartet w\u00e4hrend des Essens auf Sie. Die Zeit wird von deinem Tagespass abgezogen.  <\/p>\n\n<h3 class=\"wp-block-heading\">Was kostet ein ganzer Tag?<\/h3>\n\n<p>Der Preis h\u00e4ngt vom Fahrzeug und der Dauer ab. Kontaktieren Sie uns f\u00fcr ein genaues Angebot &#8222;Wine Route Package&#8220;. Das ist oft wirtschaftlicher, als mehrere separate Taxifahrten zu bezahlen.  <\/p>\n\n<script type=\"application\/ld+json\">{\n  \"@context\": \"https:\/\/schema.org\",\n  \"@graph\": [\n    {\n      \"@type\": \"Service\",\n      \"name\": \"Circuit Touristique VTC Route des Vins d'Alsace\",\n      \"provider\": {\n        \"@type\": \"LocalBusiness\",\n        \"name\": \"VTC Strasbourg DMD\",\n        \"image\": \"https:\/\/vtc-strasbourg-dmd.fr\/logo.jpg\"\n      },\n      \"description\": \"Excursion priv\u00e9e avec chauffeur au d\u00e9part de Strasbourg pour visiter la Route des Vins (Obernai, Riquewihr, Colmar). Transport s\u00e9curis\u00e9 pour d\u00e9gustations.\",\n      \"areaServed\": \"Alsace\"\n    },\n    {\n      \"@type\": \"FAQPage\",\n      \"mainEntity\": [\n        {\n          \"@type\": \"Question\",\n          \"name\": \"Combien de personnes peuvent participer au circuit vins en VTC ?\",\n          \"acceptedAnswer\": {\n            \"@type\": \"Answer\",\n            \"text\": \"Nos berlines accueillent jusqu'\u00e0 3-4 personnes, et nos Vans Mercedes Classe V peuvent transporter jusqu'\u00e0 7 passagers, id\u00e9al pour les groupes d'amis.\"\n          }\n        },\n        {\n          \"@type\": \"Question\",\n          \"name\": \"Le chauffeur nous attend-il pendant les d\u00e9gustations ?\",\n          \"acceptedAnswer\": {\n            \"@type\": \"Answer\",\n            \"text\": \"Oui, dans le cadre d'une mise \u00e0 disposition, le chauffeur reste \u00e0 proximit\u00e9 imm\u00e9diate et vous attend le temps n\u00e9cessaire \u00e0 chaque \u00e9tape (visite de cave, photos, d\u00e9jeuner).\"\n          }\n        },\n        {\n          \"@type\": \"Question\",\n          \"name\": \"Pouvons-nous stocker des cartons de vin dans le v\u00e9hicule ?\",\n          \"acceptedAnswer\": {\n            \"@type\": \"Answer\",\n            \"text\": \"Oui, nos v\u00e9hicules disposent de coffres spacieux permettant de transporter vos achats de vins en toute s\u00e9curit\u00e9 jusqu'\u00e0 votre domicile.\"\n          }\n        }\n      ]\n    }\n  ]\n}\n<\/script>\n","protected":false},"excerpt":{"rendered":"<p>Mit einer L\u00e4nge von mehr als 170 Kilometern von Norden nach S\u00fcden ist die Elsass-Weinstra\u00dfe eine der sch\u00f6nsten in Frankreich. Seine malerischen D\u00f6rfer, befestigten Burgen und nat\u00fcrlich seine Grands Crus (Riesling, Gewurztraminer, Pinot Gris) ziehen Besucher aus aller Welt an. Doch um diese \u00f6nologische Erfahrung voll auszusch\u00f6pfen, stellt sich schnell ein Dilemma: Wie kann man [&hellip;]<\/p>\n","protected":false},"author":30,"featured_media":4063,"comment_status":"closed","ping_status":"open","sticky":false,"template":"","format":"standard","meta":{"site-sidebar-layout":"default","site-content-layout":"","ast-site-content-layout":"default","site-content-style":"default","site-sidebar-style":"default","ast-global-header-display":"","ast-banner-title-visibility":"","ast-main-header-display":"","ast-hfb-above-header-display":"","ast-hfb-below-header-display":"","ast-hfb-mobile-header-display":"","site-post-title":"","ast-breadcrumbs-content":"","ast-featured-img":"","footer-sml-layout":"","ast-disable-related-posts":"","theme-transparent-header-meta":"","adv-header-id-meta":"","stick-header-meta":"","header-above-stick-meta":"","header-main-stick-meta":"","header-below-stick-meta":"","astra-migrate-meta-layouts":"default","ast-page-background-enabled":"default","ast-page-background-meta":{"desktop":{"background-color":"","background-image":"","background-repeat":"repeat","background-position":"center center","background-size":"auto","background-attachment":"scroll","background-type":"","background-media":"","overlay-type":"","overlay-color":"","overlay-opacity":"","overlay-gradient":""},"tablet":{"background-color":"","background-image":"","background-repeat":"repeat","background-position":"center center","background-size":"auto","background-attachment":"scroll","background-type":"","background-media":"","overlay-type":"","overlay-color":"","overlay-opacity":"","overlay-gradient":""},"mobile":{"background-color":"","background-image":"","background-repeat":"repeat","background-position":"center center","background-size":"auto","background-attachment":"scroll","background-type":"","background-media":"","overlay-type":"","overlay-color":"","overlay-opacity":"","overlay-gradient":""}},"ast-content-background-meta":{"desktop":{"background-color":"var(--ast-global-color-5)","background-image":"","background-repeat":"repeat","background-position":"center center","background-size":"auto","background-attachment":"scroll","background-type":"","background-media":"","overlay-type":"","overlay-color":"","overlay-opacity":"","overlay-gradient":""},"tablet":{"background-color":"var(--ast-global-color-5)","background-image":"","background-repeat":"repeat","background-position":"center center","background-size":"auto","background-attachment":"scroll","background-type":"","background-media":"","overlay-type":"","overlay-color":"","overlay-opacity":"","overlay-gradient":""},"mobile":{"background-color":"var(--ast-global-color-5)","background-image":"","background-repeat":"repeat","background-position":"center center","background-size":"auto","background-attachment":"scroll","background-type":"","background-media":"","overlay-type":"","overlay-color":"","overlay-opacity":"","overlay-gradient":""}},"footnotes":""},"categories":[37],"tags":[],"class_list":["post-4062","post","type-post","status-publish","format-standard","has-post-thumbnail","hentry","category-nicht-kategorisiert"],"yoast_head":"<!-- This site is optimized with the Yoast SEO plugin v27.0 - https:\/\/yoast.com\/product\/yoast-seo-wordpress\/ -->\n<title>Elsass-Weinroute von VTC: Verkostung &amp; Chauffeur-Tour<\/title>\n<meta name=\"description\" content=\"M\u00f6chten Sie die Keller des Elsass besuchen, ohne sich ums Autofahren sorgen zu m\u00fcssen? Buchen Sie Ihr VTC Strasbourg DMD f\u00fcr eine Tour entlang der Weinroute. Genie\u00dfen Sie es sicher.\" \/>\n<meta name=\"robots\" content=\"index, follow, max-snippet:-1, max-image-preview:large, max-video-preview:-1\" \/>\n<link rel=\"canonical\" href=\"http:\/\/vtc-strasbourg-dmd.fr\/de\/entdeckung-der-elsass-weinroute-geschmack-in-voelliger-freiheit-mit-einem-privaten-fahrer\/\" \/>\n<meta property=\"og:locale\" content=\"de_DE\" \/>\n<meta property=\"og:type\" content=\"article\" \/>\n<meta property=\"og:title\" content=\"Elsass-Weinroute von VTC: Verkostung &amp; Chauffeur-Tour\" \/>\n<meta property=\"og:description\" content=\"M\u00f6chten Sie die Keller des Elsass besuchen, ohne sich ums Autofahren sorgen zu m\u00fcssen? Buchen Sie Ihr VTC Strasbourg DMD f\u00fcr eine Tour entlang der Weinroute. Genie\u00dfen Sie es sicher.\" \/>\n<meta property=\"og:url\" content=\"http:\/\/vtc-strasbourg-dmd.fr\/de\/entdeckung-der-elsass-weinroute-geschmack-in-voelliger-freiheit-mit-einem-privaten-fahrer\/\" \/>\n<meta property=\"og:site_name\" content=\"VTC Strasbourg DMD\" \/>\n<meta property=\"article:published_time\" content=\"2026-01-30T17:16:21+00:00\" \/>\n<meta property=\"article:modified_time\" content=\"2026-02-02T09:02:37+00:00\" \/>\n<meta property=\"og:image\" content=\"https:\/\/vtc-strasbourg-dmd.fr\/wp-content\/uploads\/2026\/01\/23100-1.jpg\" \/>\n\t<meta property=\"og:image:width\" content=\"1000\" \/>\n\t<meta property=\"og:image:height\" content=\"666\" \/>\n\t<meta property=\"og:image:type\" content=\"image\/jpeg\" \/>\n<meta name=\"author\" content=\"webobjectif\" \/>\n<meta name=\"twitter:card\" content=\"summary_large_image\" \/>\n<meta name=\"twitter:label1\" content=\"Verfasst von\" \/>\n\t<meta name=\"twitter:data1\" content=\"webobjectif\" \/>\n\t<meta name=\"twitter:label2\" content=\"Gesch\u00e4tzte Lesezeit\" \/>\n\t<meta name=\"twitter:data2\" content=\"3 Minuten\" \/>\n<script type=\"application\/ld+json\" class=\"yoast-schema-graph\">{\"@context\":\"https:\/\/schema.org\",\"@graph\":[{\"@type\":\"Article\",\"@id\":\"http:\/\/vtc-strasbourg-dmd.fr\/de\/entdeckung-der-elsass-weinroute-geschmack-in-voelliger-freiheit-mit-einem-privaten-fahrer\/#article\",\"isPartOf\":{\"@id\":\"http:\/\/vtc-strasbourg-dmd.fr\/de\/entdeckung-der-elsass-weinroute-geschmack-in-voelliger-freiheit-mit-einem-privaten-fahrer\/\"},\"author\":{\"name\":\"webobjectif\",\"@id\":\"https:\/\/vtc-strasbourg-dmd.fr\/de\/#\/schema\/person\/05759d0bf2739b605f0468a433403ac8\"},\"headline\":\"Entdeckung der Elsass-Weinroute: Geschmack in v\u00f6lliger Freiheit mit einem privaten Fahrer\",\"datePublished\":\"2026-01-30T17:16:21+00:00\",\"dateModified\":\"2026-02-02T09:02:37+00:00\",\"mainEntityOfPage\":{\"@id\":\"http:\/\/vtc-strasbourg-dmd.fr\/de\/entdeckung-der-elsass-weinroute-geschmack-in-voelliger-freiheit-mit-einem-privaten-fahrer\/\"},\"wordCount\":704,\"publisher\":{\"@id\":\"https:\/\/vtc-strasbourg-dmd.fr\/de\/#organization\"},\"image\":{\"@id\":\"http:\/\/vtc-strasbourg-dmd.fr\/de\/entdeckung-der-elsass-weinroute-geschmack-in-voelliger-freiheit-mit-einem-privaten-fahrer\/#primaryimage\"},\"thumbnailUrl\":\"https:\/\/vtc-strasbourg-dmd.fr\/wp-content\/uploads\/2026\/01\/23100-1.jpg\",\"articleSection\":[\"Nicht kategorisiert\"],\"inLanguage\":\"de\"},{\"@type\":\"WebPage\",\"@id\":\"http:\/\/vtc-strasbourg-dmd.fr\/de\/entdeckung-der-elsass-weinroute-geschmack-in-voelliger-freiheit-mit-einem-privaten-fahrer\/\",\"url\":\"http:\/\/vtc-strasbourg-dmd.fr\/de\/entdeckung-der-elsass-weinroute-geschmack-in-voelliger-freiheit-mit-einem-privaten-fahrer\/\",\"name\":\"Elsass-Weinroute von VTC: Verkostung & Chauffeur-Tour\",\"isPartOf\":{\"@id\":\"https:\/\/vtc-strasbourg-dmd.fr\/de\/#website\"},\"primaryImageOfPage\":{\"@id\":\"http:\/\/vtc-strasbourg-dmd.fr\/de\/entdeckung-der-elsass-weinroute-geschmack-in-voelliger-freiheit-mit-einem-privaten-fahrer\/#primaryimage\"},\"image\":{\"@id\":\"http:\/\/vtc-strasbourg-dmd.fr\/de\/entdeckung-der-elsass-weinroute-geschmack-in-voelliger-freiheit-mit-einem-privaten-fahrer\/#primaryimage\"},\"thumbnailUrl\":\"https:\/\/vtc-strasbourg-dmd.fr\/wp-content\/uploads\/2026\/01\/23100-1.jpg\",\"datePublished\":\"2026-01-30T17:16:21+00:00\",\"dateModified\":\"2026-02-02T09:02:37+00:00\",\"description\":\"M\u00f6chten Sie die Keller des Elsass besuchen, ohne sich ums Autofahren sorgen zu m\u00fcssen? Buchen Sie Ihr VTC Strasbourg DMD f\u00fcr eine Tour entlang der Weinroute. Genie\u00dfen Sie es sicher.\",\"breadcrumb\":{\"@id\":\"http:\/\/vtc-strasbourg-dmd.fr\/de\/entdeckung-der-elsass-weinroute-geschmack-in-voelliger-freiheit-mit-einem-privaten-fahrer\/#breadcrumb\"},\"inLanguage\":\"de\",\"potentialAction\":[{\"@type\":\"ReadAction\",\"target\":[\"http:\/\/vtc-strasbourg-dmd.fr\/de\/entdeckung-der-elsass-weinroute-geschmack-in-voelliger-freiheit-mit-einem-privaten-fahrer\/\"]}]},{\"@type\":\"ImageObject\",\"inLanguage\":\"de\",\"@id\":\"http:\/\/vtc-strasbourg-dmd.fr\/de\/entdeckung-der-elsass-weinroute-geschmack-in-voelliger-freiheit-mit-einem-privaten-fahrer\/#primaryimage\",\"url\":\"https:\/\/vtc-strasbourg-dmd.fr\/wp-content\/uploads\/2026\/01\/23100-1.jpg\",\"contentUrl\":\"https:\/\/vtc-strasbourg-dmd.fr\/wp-content\/uploads\/2026\/01\/23100-1.jpg\",\"width\":1000,\"height\":666,\"caption\":\"VTC Transport besucht Weinstra\u00dfe Elsass Stra\u00dfburg\"},{\"@type\":\"BreadcrumbList\",\"@id\":\"http:\/\/vtc-strasbourg-dmd.fr\/de\/entdeckung-der-elsass-weinroute-geschmack-in-voelliger-freiheit-mit-einem-privaten-fahrer\/#breadcrumb\",\"itemListElement\":[{\"@type\":\"ListItem\",\"position\":1,\"name\":\"Accueil\",\"item\":\"https:\/\/vtc-strasbourg-dmd.fr\/de\/\"},{\"@type\":\"ListItem\",\"position\":2,\"name\":\"Entdeckung der Elsass-Weinroute: Geschmack in v\u00f6lliger Freiheit mit einem privaten Fahrer\"}]},{\"@type\":\"WebSite\",\"@id\":\"https:\/\/vtc-strasbourg-dmd.fr\/de\/#website\",\"url\":\"https:\/\/vtc-strasbourg-dmd.fr\/de\/\",\"name\":\"VTC Strasbourg DMD\",\"description\":\"Chauffeur VTC Strasbourg\",\"publisher\":{\"@id\":\"https:\/\/vtc-strasbourg-dmd.fr\/de\/#organization\"},\"potentialAction\":[{\"@type\":\"SearchAction\",\"target\":{\"@type\":\"EntryPoint\",\"urlTemplate\":\"https:\/\/vtc-strasbourg-dmd.fr\/de\/?s={search_term_string}\"},\"query-input\":{\"@type\":\"PropertyValueSpecification\",\"valueRequired\":true,\"valueName\":\"search_term_string\"}}],\"inLanguage\":\"de\"},{\"@type\":\"Organization\",\"@id\":\"https:\/\/vtc-strasbourg-dmd.fr\/de\/#organization\",\"name\":\"VTC Strasbourg DMD\",\"url\":\"https:\/\/vtc-strasbourg-dmd.fr\/de\/\",\"logo\":{\"@type\":\"ImageObject\",\"inLanguage\":\"de\",\"@id\":\"https:\/\/vtc-strasbourg-dmd.fr\/de\/#\/schema\/logo\/image\/\",\"url\":\"https:\/\/vtc-strasbourg-dmd.fr\/wp-content\/uploads\/2025\/05\/cropped-LOGO-DRIVE-ME-DRIVER-scaled-1.png\",\"contentUrl\":\"https:\/\/vtc-strasbourg-dmd.fr\/wp-content\/uploads\/2025\/05\/cropped-LOGO-DRIVE-ME-DRIVER-scaled-1.png\",\"width\":2557,\"height\":854,\"caption\":\"VTC Strasbourg DMD\"},\"image\":{\"@id\":\"https:\/\/vtc-strasbourg-dmd.fr\/de\/#\/schema\/logo\/image\/\"}},{\"@type\":\"Person\",\"@id\":\"https:\/\/vtc-strasbourg-dmd.fr\/de\/#\/schema\/person\/05759d0bf2739b605f0468a433403ac8\",\"name\":\"webobjectif\",\"image\":{\"@type\":\"ImageObject\",\"inLanguage\":\"de\",\"@id\":\"https:\/\/vtc-strasbourg-dmd.fr\/de\/#\/schema\/person\/image\/\",\"url\":\"https:\/\/secure.gravatar.com\/avatar\/ded9b907d1e5d4636440a16a54bd4369b408da9239d8ac948266d8c09fa8936b?s=96&d=mm&r=g\",\"contentUrl\":\"https:\/\/secure.gravatar.com\/avatar\/ded9b907d1e5d4636440a16a54bd4369b408da9239d8ac948266d8c09fa8936b?s=96&d=mm&r=g\",\"caption\":\"webobjectif\"},\"url\":\"http:\/\/vtc-strasbourg-dmd.fr\/de\/author\/webobjectif\/\"}]}<\/script>\n<!-- \/ Yoast SEO plugin. -->","yoast_head_json":{"title":"Elsass-Weinroute von VTC: Verkostung & Chauffeur-Tour","description":"M\u00f6chten Sie die Keller des Elsass besuchen, ohne sich ums Autofahren sorgen zu m\u00fcssen? Buchen Sie Ihr VTC Strasbourg DMD f\u00fcr eine Tour entlang der Weinroute. Genie\u00dfen Sie es sicher.","robots":{"index":"index","follow":"follow","max-snippet":"max-snippet:-1","max-image-preview":"max-image-preview:large","max-video-preview":"max-video-preview:-1"},"canonical":"http:\/\/vtc-strasbourg-dmd.fr\/de\/entdeckung-der-elsass-weinroute-geschmack-in-voelliger-freiheit-mit-einem-privaten-fahrer\/","og_locale":"de_DE","og_type":"article","og_title":"Elsass-Weinroute von VTC: Verkostung & Chauffeur-Tour","og_description":"M\u00f6chten Sie die Keller des Elsass besuchen, ohne sich ums Autofahren sorgen zu m\u00fcssen? Buchen Sie Ihr VTC Strasbourg DMD f\u00fcr eine Tour entlang der Weinroute. Genie\u00dfen Sie es sicher.","og_url":"http:\/\/vtc-strasbourg-dmd.fr\/de\/entdeckung-der-elsass-weinroute-geschmack-in-voelliger-freiheit-mit-einem-privaten-fahrer\/","og_site_name":"VTC Strasbourg DMD","article_published_time":"2026-01-30T17:16:21+00:00","article_modified_time":"2026-02-02T09:02:37+00:00","og_image":[{"width":1000,"height":666,"url":"https:\/\/vtc-strasbourg-dmd.fr\/wp-content\/uploads\/2026\/01\/23100-1.jpg","type":"image\/jpeg"}],"author":"webobjectif","twitter_card":"summary_large_image","twitter_misc":{"Verfasst von":"webobjectif","Gesch\u00e4tzte Lesezeit":"3 Minuten"},"schema":{"@context":"https:\/\/schema.org","@graph":[{"@type":"Article","@id":"http:\/\/vtc-strasbourg-dmd.fr\/de\/entdeckung-der-elsass-weinroute-geschmack-in-voelliger-freiheit-mit-einem-privaten-fahrer\/#article","isPartOf":{"@id":"http:\/\/vtc-strasbourg-dmd.fr\/de\/entdeckung-der-elsass-weinroute-geschmack-in-voelliger-freiheit-mit-einem-privaten-fahrer\/"},"author":{"name":"webobjectif","@id":"https:\/\/vtc-strasbourg-dmd.fr\/de\/#\/schema\/person\/05759d0bf2739b605f0468a433403ac8"},"headline":"Entdeckung der Elsass-Weinroute: Geschmack in v\u00f6lliger Freiheit mit einem privaten Fahrer","datePublished":"2026-01-30T17:16:21+00:00","dateModified":"2026-02-02T09:02:37+00:00","mainEntityOfPage":{"@id":"http:\/\/vtc-strasbourg-dmd.fr\/de\/entdeckung-der-elsass-weinroute-geschmack-in-voelliger-freiheit-mit-einem-privaten-fahrer\/"},"wordCount":704,"publisher":{"@id":"https:\/\/vtc-strasbourg-dmd.fr\/de\/#organization"},"image":{"@id":"http:\/\/vtc-strasbourg-dmd.fr\/de\/entdeckung-der-elsass-weinroute-geschmack-in-voelliger-freiheit-mit-einem-privaten-fahrer\/#primaryimage"},"thumbnailUrl":"https:\/\/vtc-strasbourg-dmd.fr\/wp-content\/uploads\/2026\/01\/23100-1.jpg","articleSection":["Nicht kategorisiert"],"inLanguage":"de"},{"@type":"WebPage","@id":"http:\/\/vtc-strasbourg-dmd.fr\/de\/entdeckung-der-elsass-weinroute-geschmack-in-voelliger-freiheit-mit-einem-privaten-fahrer\/","url":"http:\/\/vtc-strasbourg-dmd.fr\/de\/entdeckung-der-elsass-weinroute-geschmack-in-voelliger-freiheit-mit-einem-privaten-fahrer\/","name":"Elsass-Weinroute von VTC: Verkostung & Chauffeur-Tour","isPartOf":{"@id":"https:\/\/vtc-strasbourg-dmd.fr\/de\/#website"},"primaryImageOfPage":{"@id":"http:\/\/vtc-strasbourg-dmd.fr\/de\/entdeckung-der-elsass-weinroute-geschmack-in-voelliger-freiheit-mit-einem-privaten-fahrer\/#primaryimage"},"image":{"@id":"http:\/\/vtc-strasbourg-dmd.fr\/de\/entdeckung-der-elsass-weinroute-geschmack-in-voelliger-freiheit-mit-einem-privaten-fahrer\/#primaryimage"},"thumbnailUrl":"https:\/\/vtc-strasbourg-dmd.fr\/wp-content\/uploads\/2026\/01\/23100-1.jpg","datePublished":"2026-01-30T17:16:21+00:00","dateModified":"2026-02-02T09:02:37+00:00","description":"M\u00f6chten Sie die Keller des Elsass besuchen, ohne sich ums Autofahren sorgen zu m\u00fcssen? Buchen Sie Ihr VTC Strasbourg DMD f\u00fcr eine Tour entlang der Weinroute. Genie\u00dfen Sie es sicher.","breadcrumb":{"@id":"http:\/\/vtc-strasbourg-dmd.fr\/de\/entdeckung-der-elsass-weinroute-geschmack-in-voelliger-freiheit-mit-einem-privaten-fahrer\/#breadcrumb"},"inLanguage":"de","potentialAction":[{"@type":"ReadAction","target":["http:\/\/vtc-strasbourg-dmd.fr\/de\/entdeckung-der-elsass-weinroute-geschmack-in-voelliger-freiheit-mit-einem-privaten-fahrer\/"]}]},{"@type":"ImageObject","inLanguage":"de","@id":"http:\/\/vtc-strasbourg-dmd.fr\/de\/entdeckung-der-elsass-weinroute-geschmack-in-voelliger-freiheit-mit-einem-privaten-fahrer\/#primaryimage","url":"https:\/\/vtc-strasbourg-dmd.fr\/wp-content\/uploads\/2026\/01\/23100-1.jpg","contentUrl":"https:\/\/vtc-strasbourg-dmd.fr\/wp-content\/uploads\/2026\/01\/23100-1.jpg","width":1000,"height":666,"caption":"VTC Transport besucht Weinstra\u00dfe Elsass Stra\u00dfburg"},{"@type":"BreadcrumbList","@id":"http:\/\/vtc-strasbourg-dmd.fr\/de\/entdeckung-der-elsass-weinroute-geschmack-in-voelliger-freiheit-mit-einem-privaten-fahrer\/#breadcrumb","itemListElement":[{"@type":"ListItem","position":1,"name":"Accueil","item":"https:\/\/vtc-strasbourg-dmd.fr\/de\/"},{"@type":"ListItem","position":2,"name":"Entdeckung der Elsass-Weinroute: Geschmack in v\u00f6lliger Freiheit mit einem privaten Fahrer"}]},{"@type":"WebSite","@id":"https:\/\/vtc-strasbourg-dmd.fr\/de\/#website","url":"https:\/\/vtc-strasbourg-dmd.fr\/de\/","name":"VTC Strasbourg DMD","description":"Chauffeur VTC Strasbourg","publisher":{"@id":"https:\/\/vtc-strasbourg-dmd.fr\/de\/#organization"},"potentialAction":[{"@type":"SearchAction","target":{"@type":"EntryPoint","urlTemplate":"https:\/\/vtc-strasbourg-dmd.fr\/de\/?s={search_term_string}"},"query-input":{"@type":"PropertyValueSpecification","valueRequired":true,"valueName":"search_term_string"}}],"inLanguage":"de"},{"@type":"Organization","@id":"https:\/\/vtc-strasbourg-dmd.fr\/de\/#organization","name":"VTC Strasbourg DMD","url":"https:\/\/vtc-strasbourg-dmd.fr\/de\/","logo":{"@type":"ImageObject","inLanguage":"de","@id":"https:\/\/vtc-strasbourg-dmd.fr\/de\/#\/schema\/logo\/image\/","url":"https:\/\/vtc-strasbourg-dmd.fr\/wp-content\/uploads\/2025\/05\/cropped-LOGO-DRIVE-ME-DRIVER-scaled-1.png","contentUrl":"https:\/\/vtc-strasbourg-dmd.fr\/wp-content\/uploads\/2025\/05\/cropped-LOGO-DRIVE-ME-DRIVER-scaled-1.png","width":2557,"height":854,"caption":"VTC Strasbourg DMD"},"image":{"@id":"https:\/\/vtc-strasbourg-dmd.fr\/de\/#\/schema\/logo\/image\/"}},{"@type":"Person","@id":"https:\/\/vtc-strasbourg-dmd.fr\/de\/#\/schema\/person\/05759d0bf2739b605f0468a433403ac8","name":"webobjectif","image":{"@type":"ImageObject","inLanguage":"de","@id":"https:\/\/vtc-strasbourg-dmd.fr\/de\/#\/schema\/person\/image\/","url":"https:\/\/secure.gravatar.com\/avatar\/ded9b907d1e5d4636440a16a54bd4369b408da9239d8ac948266d8c09fa8936b?s=96&d=mm&r=g","contentUrl":"https:\/\/secure.gravatar.com\/avatar\/ded9b907d1e5d4636440a16a54bd4369b408da9239d8ac948266d8c09fa8936b?s=96&d=mm&r=g","caption":"webobjectif"},"url":"http:\/\/vtc-strasbourg-dmd.fr\/de\/author\/webobjectif\/"}]}},"_links":{"self":[{"href":"http:\/\/vtc-strasbourg-dmd.fr\/de\/wp-json\/wp\/v2\/posts\/4062","targetHints":{"allow":["GET"]}}],"collection":[{"href":"http:\/\/vtc-strasbourg-dmd.fr\/de\/wp-json\/wp\/v2\/posts"}],"about":[{"href":"http:\/\/vtc-strasbourg-dmd.fr\/de\/wp-json\/wp\/v2\/types\/post"}],"author":[{"embeddable":true,"href":"http:\/\/vtc-strasbourg-dmd.fr\/de\/wp-json\/wp\/v2\/users\/30"}],"replies":[{"embeddable":true,"href":"http:\/\/vtc-strasbourg-dmd.fr\/de\/wp-json\/wp\/v2\/comments?post=4062"}],"version-history":[{"count":2,"href":"http:\/\/vtc-strasbourg-dmd.fr\/de\/wp-json\/wp\/v2\/posts\/4062\/revisions"}],"predecessor-version":[{"id":4088,"href":"http:\/\/vtc-strasbourg-dmd.fr\/de\/wp-json\/wp\/v2\/posts\/4062\/revisions\/4088"}],"wp:featuredmedia":[{"embeddable":true,"href":"http:\/\/vtc-strasbourg-dmd.fr\/de\/wp-json\/wp\/v2\/media\/4063"}],"wp:attachment":[{"href":"http:\/\/vtc-strasbourg-dmd.fr\/de\/wp-json\/wp\/v2\/media?parent=4062"}],"wp:term":[{"taxonomy":"category","embeddable":true,"href":"http:\/\/vtc-strasbourg-dmd.fr\/de\/wp-json\/wp\/v2\/categories?post=4062"},{"taxonomy":"post_tag","embeddable":true,"href":"http:\/\/vtc-strasbourg-dmd.fr\/de\/wp-json\/wp\/v2\/tags?post=4062"}],"curies":[{"name":"wp","href":"https:\/\/api.w.org\/{rel}","templated":true}]}}