{"id":4052,"date":"2026-01-30T18:09:43","date_gmt":"2026-01-30T17:09:43","guid":{"rendered":"https:\/\/vtc-strasbourg-dmd.fr\/konzerte-im-zenith-de-strasbourg-geniessen-sie-die-show-wir-organisieren-den-vtc-transport\/"},"modified":"2026-02-02T10:05:53","modified_gmt":"2026-02-02T09:05:53","slug":"konzerte-im-zenith-de-strasbourg-geniessen-sie-die-show-wir-organisieren-den-vtc-transport","status":"publish","type":"post","link":"http:\/\/vtc-strasbourg-dmd.fr\/de\/konzerte-im-zenith-de-strasbourg-geniessen-sie-die-show-wir-organisieren-den-vtc-transport\/","title":{"rendered":"Konzerte im Z\u00e9nith de Strasbourg: Genie\u00dfen Sie die Show, wir organisieren den VTC-Transport"},"content":{"rendered":"\n<p>Haben Sie Ihre Tickets f\u00fcr das n\u00e4chste gro\u00dfe Konzert im <strong>Z\u00e9nith de Strasbourg in Europa<\/strong> ? Ob f\u00fcr einen internationalen Star, eine Comedy-Show oder ein Musical \u2013 der Abend verspricht unvergesslich zu werden. Aber es gibt einen Schatten im Bild, den alle Stammkunden gut kennen: <strong>Zugang und Parken<\/strong>.  <\/p>\n\n<p>Die Staus auf der A351 in Eckbolsheim, der riesige, aber ges\u00e4ttigte Parkplatz und vor allem die Stunde, die man am Ende der Show damit verschwendet hat, aus dem eigenen Parkplatz rauszukommen&#8230; Lass nicht zu, dass die Logistik deinen Spa\u00df verdirbt. <strong>VTC Strasbourg DMD<\/strong> bietet Ihnen eine VIP-Alternative: Sie lassen Ihr Auto in der Garage stehen und entscheiden Sie sich f\u00fcr einen Shuttle mit privatem Fahrer. <\/p>\n\n<hr class=\"wp-block-separator has-alpha-channel-opacity\"\/>\n\n<h2 class=\"wp-block-heading\">1. Der Albtraum des Zenith-Parkplatzes (und wie man ihn vermeidet)<\/h2>\n\n<p>Das Zenith bietet Platz f\u00fcr bis zu 12.000 Personen. Stellen Sie sich vor, 4.000 Autos versuchen gleichzeitig um 23:00 Uhr durch dieselben Engp\u00e4sse auszusteigen. Es ist unvermeidlich: Es klemmt sich.  <\/p>\n\n<p>Wenn Sie einen <strong>VTC w\u00e4hlen, um zum Zenith zu fahren<\/strong>, profitieren Sie von einem Privileg: dem <strong>Drop-off.<\/strong><\/p>\n\n<ul class=\"wp-block-list\">\n<li><strong>Auf dem \u00e4u\u00dferen Abschnitt:<\/strong> Ihr Fahrer setzt Sie so nah wie m\u00f6glich am Eingang zum Vorplatz ab. Man muss nicht 15 Minuten vom schlammigen Parkplatz aus laufen. <\/li>\n\n\n\n<li><strong>Auf dem R\u00fcckweg:<\/strong> Wir einigen uns auf einen strategischen Treffpunkt, um Sie schnell zur\u00fcckzuholen und das Gebiet vor dem Gro\u00dfteil des Verkehrs zu verlassen.<\/li>\n<\/ul>\n\n<h2 class=\"wp-block-heading\">2. Genie\u00dfen Sie den Abend (und die Erfrischungsbar) ohne Risiko<\/h2>\n\n<p>Ein Konzert ist ein Moment der Feier. Dies ist eine Chance, vor der Show oder w\u00e4hrend der Pause mit Freunden ein Bier oder ein Glas Champagner zu trinken. <\/p>\n\n<p>Bei einem Privatfahrer stellt sich die Frage <em>&#8222;Wer f\u00e4hrt nach Hause?&#8220;<\/em> nicht mehr.<\/p>\n\n<ul class=\"wp-block-list\">\n<li><strong>Sicherheit:<\/strong> Sie kehren mit einem n\u00fcchternen und ausgeruhten Profifahrer zur\u00fcck.<\/li>\n\n\n\n<li><strong>Lizenz gerettet:<\/strong> Polizeikontrollen finden h\u00e4ufig an Kreisverkehren am Ausgang des Zeniths an Abenden gro\u00dfer Ereignisse statt. Geh kein Risiko ein. <\/li>\n<\/ul>\n\n<hr class=\"wp-block-separator has-alpha-channel-opacity\"\/>\n\n<h2 class=\"wp-block-heading\">3. Die Van VTC-L\u00f6sung f\u00fcr Freundesgruppen<\/h2>\n\n<p>Wir gehen selten allein zu einem Konzert. Gehst du mit 4, 5 oder 6 Leuten? <\/p>\n\n<p>Anstatt zwei Autos zu nehmen (und nach zwei Parkpl\u00e4tzen zu suchen), buchen Sie unseren <strong>Mercedes V-Klasse Van<\/strong>.<\/p>\n\n<ul class=\"wp-block-list\">\n<li><strong>Geselligkeit:<\/strong> Das Debriefing des Konzerts beginnt, sobald du im Van steigst. Musik, Raum, Komfort. <\/li>\n\n\n\n<li><strong>Wirtschaft:<\/strong> Teilt man den Fahrpreis durch 6 oder 7 Fahrg\u00e4ste, ist der Fahrpreis pro Person oft nur geringf\u00fcgig teurer als bei der Stra\u00dfenbahn, mit dem zus\u00e4tzlichen Vorteil des &#8222;Luxus&#8220;-Komforts.<\/li>\n<\/ul>\n\n<h2 class=\"wp-block-heading\">4. Festpreis vs. Taxameter: Keine Verkehrstickets bezahlen<\/h2>\n\n<p>Das ist ein entscheidender Punkt. Wenn man am Ende des Konzerts ein klassisches Taxi nimmt und 30 Minuten im Stau von Eckbolsheim stecken bleibt, tickt der Z\u00e4hler weiter. Die Rechnung kann hoch sein.  <\/p>\n\n<p>Im <strong>VTC Stra\u00dfburg DMD<\/strong> wird der Preis <strong>zum Zeitpunkt der Buchung festgelegt<\/strong>. Auch wenn wir wegen der Menschenmassen lange brauchen, um aus dem Zenith-Gebiet herauszukommen, zahlst du keinen Euro mehr. Das ist die Garantie f\u00fcr ein kontrolliertes Budget f\u00fcr Ihren Abend.  <\/p>\n\n<hr class=\"wp-block-separator has-alpha-channel-opacity\"\/>\n\n<h2 class=\"wp-block-heading\">5. Wie bucht man seinen Zenith-Shuttle?<\/h2>\n\n<p>An den Abenden gro\u00dfer Konzerte (wie Myl\u00e8ne Farmer, Indochine, Stromae usw.) ist die Nachfrage in Stra\u00dfburg explosionsartig. Uber und Taxis sind oft nirgends zu finden oder verlangen eine dreifache Fahrpreiserh\u00f6hung. <\/p>\n\n<p><strong>Unser fachkundiger Rat:<\/strong> Buchen Sie Ihre Hin- und R\u00fcckfahrt mindestens <strong>24 bis 48 Stunden im Voraus<\/strong>.<\/p>\n\n<ol class=\"wp-block-list\">\n<li>Geben Sie die Startzeit der Show f\u00fcr die Reise nach au\u00dfen an.<\/li>\n\n\n\n<li>F\u00fcr die R\u00fcckfahrt folgen wir normalerweise dem Ende des Konzerts, planen aber, etwa 20 bis 30 Minuten nach dem theoretischen Ende der Show (der Zeit zum Verlassen des Veranstaltungsorts) abgeholt zu werden.<\/li>\n<\/ol>\n\n<h3 class=\"wp-block-heading\">Die Show wartet nicht!<\/h3>\n\n<p>Besorgen Sie sich jetzt Ihr Transportmittel und sparen Sie Ihre Energie f\u00fcrs Singen und Tanzen.  <a href=\"https:\/\/vtc-strasbourg-dmd.fr\/de\/\">Buche meinen Konzert-Shuttle<\/a><\/p>\n\n<h2 class=\"wp-block-heading\">FAQ: Vom VTC zum Z\u00e9nith de Strasbourg<\/h2>\n\n<h3 class=\"wp-block-heading\">Wo holt mich der Fahrer am Ende des Konzerts ab?<\/h3>\n\n<p>Da der Vorplatz voller Menschen ist, einigen wir uns meist auf einen genauen und ruhigeren Treffpunkt (zum Beispiel in Richtung Campanile Hotel oder einem Wahrzeichen in der N\u00e4he des P3-Parkplatzes), um dich schnell aus den Menschenmengen zu holen. Ihr Fahrer wird Sie per SMS kontaktieren. <\/p>\n\n<h3 class=\"wp-block-heading\">Was, wenn das Konzert sp\u00e4ter als geplant endet?<\/h3>\n\n<p>Keine Panik. Bei der Buchung ber\u00fccksichtigen wir eine Marge. Au\u00dferdem k\u00f6nnen Sie mit Ihrem Fahrer kommunizieren. Wir wissen, dass die &#8222;R\u00fcckrufe&#8220; von K\u00fcnstlern von Dauer sein k\u00f6nnen!   <\/p>\n\n<h3 class=\"wp-block-heading\">Wie viel kostet es, vom Stadtzentrum nach Z\u00e9nith zu fahren?<\/h3>\n\n<p>Der Preis h\u00e4ngt vom Fahrzeug ab (Limousine oder Van). Nutzen Sie unseren Online-Rechner, um den genauen Preis zu erhalten. Erinnerung: Das ist ein Festpreis, ohne Aufpreis f\u00fcr Staus.  <\/p>\n\n<script type=\"application\/ld+json\">{\n  \"@context\": \"https:\/\/schema.org\",\n  \"@graph\": [\n    {\n      \"@type\": \"Service\",\n      \"name\": \"Navette VTC Z\u00e9nith Strasbourg\",\n      \"provider\": {\n        \"@type\": \"LocalBusiness\",\n        \"name\": \"VTC Strasbourg DMD\",\n        \"image\": \"https:\/\/vtc-strasbourg-dmd.fr\/logo.jpg\"\n      },\n      \"areaServed\": {\n        \"@type\": \"Place\",\n        \"name\": \"Z\u00e9nith de Strasbourg Europe\",\n        \"address\": {\n          \"@type\": \"PostalAddress\",\n          \"addressLocality\": \"Eckbolsheim\",\n          \"addressRegion\": \"Alsace\"\n        }\n      },\n      \"description\": \"Service de transport priv\u00e9 (Aller\/Retour) pour les concerts et spectacles au Z\u00e9nith de Strasbourg. D\u00e9pose minute et prix fixe garanti malgr\u00e9 les bouchons.\"\n    },\n    {\n      \"@type\": \"FAQPage\",\n      \"mainEntity\": [\n        {\n          \"@type\": \"Question\",\n          \"name\": \"O\u00f9 le chauffeur VTC me r\u00e9cup\u00e8re-t-il \u00e0 la fin du concert ?\",\n          \"acceptedAnswer\": {\n            \"@type\": \"Answer\",\n            \"text\": \"\u00c0 la fin du spectacle, nous convenons d'un point de rendez-vous strat\u00e9gique proche du parvis (mais hors de la foule principale) pour faciliter votre d\u00e9part et \u00e9viter d'\u00eatre bloqu\u00e9 trop longtemps.\"\n          }\n        },\n        {\n          \"@type\": \"Question\",\n          \"name\": \"Le prix augmente-t-il s'il y a des bouchons \u00e0 la sortie du Z\u00e9nith ?\",\n          \"acceptedAnswer\": {\n            \"@type\": \"Answer\",\n            \"text\": \"Non. Contrairement aux taxis traditionnels, VTC Strasbourg DMD applique un tarif forfaitaire fixe. Vous connaissez le prix \u00e0 la r\u00e9servation et il ne change pas, m\u00eame si la sortie du parking est difficile.\"\n          }\n        },\n        {\n          \"@type\": \"Question\",\n          \"name\": \"Peut-on r\u00e9server un Van pour un groupe ?\",\n          \"acceptedAnswer\": {\n            \"@type\": \"Answer\",\n            \"text\": \"Oui, nos Vans Mercedes Classe V accueillent jusqu'\u00e0 7 passagers, ce qui est id\u00e9al pour aller voir un concert entre amis et diviser les frais de transport.\"\n          }\n        }\n      ]\n    }\n  ]\n}\n<\/script>\n","protected":false},"excerpt":{"rendered":"<p>Haben Sie Ihre Tickets f\u00fcr das n\u00e4chste gro\u00dfe Konzert im Z\u00e9nith de Strasbourg in Europa ? Ob f\u00fcr einen internationalen Star, eine Comedy-Show oder ein Musical \u2013 der Abend verspricht unvergesslich zu werden. Aber es gibt einen Schatten im Bild, den alle Stammkunden gut kennen: Zugang und Parken. Die Staus auf der A351 in Eckbolsheim, [&hellip;]<\/p>\n","protected":false},"author":30,"featured_media":4057,"comment_status":"closed","ping_status":"open","sticky":false,"template":"","format":"standard","meta":{"site-sidebar-layout":"default","site-content-layout":"","ast-site-content-layout":"default","site-content-style":"default","site-sidebar-style":"default","ast-global-header-display":"","ast-banner-title-visibility":"","ast-main-header-display":"","ast-hfb-above-header-display":"","ast-hfb-below-header-display":"","ast-hfb-mobile-header-display":"","site-post-title":"","ast-breadcrumbs-content":"","ast-featured-img":"","footer-sml-layout":"","ast-disable-related-posts":"","theme-transparent-header-meta":"","adv-header-id-meta":"","stick-header-meta":"","header-above-stick-meta":"","header-main-stick-meta":"","header-below-stick-meta":"","astra-migrate-meta-layouts":"default","ast-page-background-enabled":"default","ast-page-background-meta":{"desktop":{"background-color":"","background-image":"","background-repeat":"repeat","background-position":"center center","background-size":"auto","background-attachment":"scroll","background-type":"","background-media":"","overlay-type":"","overlay-color":"","overlay-opacity":"","overlay-gradient":""},"tablet":{"background-color":"","background-image":"","background-repeat":"repeat","background-position":"center center","background-size":"auto","background-attachment":"scroll","background-type":"","background-media":"","overlay-type":"","overlay-color":"","overlay-opacity":"","overlay-gradient":""},"mobile":{"background-color":"","background-image":"","background-repeat":"repeat","background-position":"center center","background-size":"auto","background-attachment":"scroll","background-type":"","background-media":"","overlay-type":"","overlay-color":"","overlay-opacity":"","overlay-gradient":""}},"ast-content-background-meta":{"desktop":{"background-color":"var(--ast-global-color-5)","background-image":"","background-repeat":"repeat","background-position":"center center","background-size":"auto","background-attachment":"scroll","background-type":"","background-media":"","overlay-type":"","overlay-color":"","overlay-opacity":"","overlay-gradient":""},"tablet":{"background-color":"var(--ast-global-color-5)","background-image":"","background-repeat":"repeat","background-position":"center center","background-size":"auto","background-attachment":"scroll","background-type":"","background-media":"","overlay-type":"","overlay-color":"","overlay-opacity":"","overlay-gradient":""},"mobile":{"background-color":"var(--ast-global-color-5)","background-image":"","background-repeat":"repeat","background-position":"center center","background-size":"auto","background-attachment":"scroll","background-type":"","background-media":"","overlay-type":"","overlay-color":"","overlay-opacity":"","overlay-gradient":""}},"footnotes":""},"categories":[37],"tags":[],"class_list":["post-4052","post","type-post","status-publish","format-standard","has-post-thumbnail","hentry","category-nicht-kategorisiert"],"yoast_head":"<!-- This site is optimized with the Yoast SEO plugin v27.0 - https:\/\/yoast.com\/product\/yoast-seo-wordpress\/ -->\n<title>VTC Z\u00e9nith Stra\u00dfburg: Konzert- und Show-Shuttle (Vergiss das Parken)<\/title>\n<meta name=\"description\" content=\"Konzert geplant im Z\u00e9nith in Stra\u00dfburg? Vermeiden Sie Parkstaus und Warten. Buchen Sie Ihren VTC-Fahrer: Absetzen Sie Sie vor dem Eingang und kehren Sie sicher nach der Show zur\u00fcck.\" \/>\n<meta name=\"robots\" content=\"index, follow, max-snippet:-1, max-image-preview:large, max-video-preview:-1\" \/>\n<link rel=\"canonical\" href=\"http:\/\/vtc-strasbourg-dmd.fr\/de\/konzerte-im-zenith-de-strasbourg-geniessen-sie-die-show-wir-organisieren-den-vtc-transport\/\" \/>\n<meta property=\"og:locale\" content=\"de_DE\" \/>\n<meta property=\"og:type\" content=\"article\" \/>\n<meta property=\"og:title\" content=\"VTC Z\u00e9nith Stra\u00dfburg: Konzert- und Show-Shuttle (Vergiss das Parken)\" \/>\n<meta property=\"og:description\" content=\"Konzert geplant im Z\u00e9nith in Stra\u00dfburg? Vermeiden Sie Parkstaus und Warten. Buchen Sie Ihren VTC-Fahrer: Absetzen Sie Sie vor dem Eingang und kehren Sie sicher nach der Show zur\u00fcck.\" \/>\n<meta property=\"og:url\" content=\"http:\/\/vtc-strasbourg-dmd.fr\/de\/konzerte-im-zenith-de-strasbourg-geniessen-sie-die-show-wir-organisieren-den-vtc-transport\/\" \/>\n<meta property=\"og:site_name\" content=\"VTC Strasbourg DMD\" \/>\n<meta property=\"article:published_time\" content=\"2026-01-30T17:09:43+00:00\" \/>\n<meta property=\"article:modified_time\" content=\"2026-02-02T09:05:53+00:00\" \/>\n<meta property=\"og:image\" content=\"https:\/\/vtc-strasbourg-dmd.fr\/wp-content\/uploads\/2026\/01\/544.jpg\" \/>\n\t<meta property=\"og:image:width\" content=\"1000\" \/>\n\t<meta property=\"og:image:height\" content=\"562\" \/>\n\t<meta property=\"og:image:type\" content=\"image\/jpeg\" \/>\n<meta name=\"author\" content=\"webobjectif\" \/>\n<meta name=\"twitter:card\" content=\"summary_large_image\" \/>\n<meta name=\"twitter:label1\" content=\"Verfasst von\" \/>\n\t<meta name=\"twitter:data1\" content=\"webobjectif\" \/>\n\t<meta name=\"twitter:label2\" content=\"Gesch\u00e4tzte Lesezeit\" \/>\n\t<meta name=\"twitter:data2\" content=\"4 Minuten\" \/>\n<script type=\"application\/ld+json\" class=\"yoast-schema-graph\">{\"@context\":\"https:\/\/schema.org\",\"@graph\":[{\"@type\":\"Article\",\"@id\":\"http:\/\/vtc-strasbourg-dmd.fr\/de\/konzerte-im-zenith-de-strasbourg-geniessen-sie-die-show-wir-organisieren-den-vtc-transport\/#article\",\"isPartOf\":{\"@id\":\"http:\/\/vtc-strasbourg-dmd.fr\/de\/konzerte-im-zenith-de-strasbourg-geniessen-sie-die-show-wir-organisieren-den-vtc-transport\/\"},\"author\":{\"name\":\"webobjectif\",\"@id\":\"https:\/\/vtc-strasbourg-dmd.fr\/de\/#\/schema\/person\/05759d0bf2739b605f0468a433403ac8\"},\"headline\":\"Konzerte im Z\u00e9nith de Strasbourg: Genie\u00dfen Sie die Show, wir organisieren den VTC-Transport\",\"datePublished\":\"2026-01-30T17:09:43+00:00\",\"dateModified\":\"2026-02-02T09:05:53+00:00\",\"mainEntityOfPage\":{\"@id\":\"http:\/\/vtc-strasbourg-dmd.fr\/de\/konzerte-im-zenith-de-strasbourg-geniessen-sie-die-show-wir-organisieren-den-vtc-transport\/\"},\"wordCount\":768,\"publisher\":{\"@id\":\"https:\/\/vtc-strasbourg-dmd.fr\/de\/#organization\"},\"image\":{\"@id\":\"http:\/\/vtc-strasbourg-dmd.fr\/de\/konzerte-im-zenith-de-strasbourg-geniessen-sie-die-show-wir-organisieren-den-vtc-transport\/#primaryimage\"},\"thumbnailUrl\":\"https:\/\/vtc-strasbourg-dmd.fr\/wp-content\/uploads\/2026\/01\/544.jpg\",\"articleSection\":[\"Nicht kategorisiert\"],\"inLanguage\":\"de\"},{\"@type\":\"WebPage\",\"@id\":\"http:\/\/vtc-strasbourg-dmd.fr\/de\/konzerte-im-zenith-de-strasbourg-geniessen-sie-die-show-wir-organisieren-den-vtc-transport\/\",\"url\":\"http:\/\/vtc-strasbourg-dmd.fr\/de\/konzerte-im-zenith-de-strasbourg-geniessen-sie-die-show-wir-organisieren-den-vtc-transport\/\",\"name\":\"VTC Z\u00e9nith Stra\u00dfburg: Konzert- und Show-Shuttle (Vergiss das Parken)\",\"isPartOf\":{\"@id\":\"https:\/\/vtc-strasbourg-dmd.fr\/de\/#website\"},\"primaryImageOfPage\":{\"@id\":\"http:\/\/vtc-strasbourg-dmd.fr\/de\/konzerte-im-zenith-de-strasbourg-geniessen-sie-die-show-wir-organisieren-den-vtc-transport\/#primaryimage\"},\"image\":{\"@id\":\"http:\/\/vtc-strasbourg-dmd.fr\/de\/konzerte-im-zenith-de-strasbourg-geniessen-sie-die-show-wir-organisieren-den-vtc-transport\/#primaryimage\"},\"thumbnailUrl\":\"https:\/\/vtc-strasbourg-dmd.fr\/wp-content\/uploads\/2026\/01\/544.jpg\",\"datePublished\":\"2026-01-30T17:09:43+00:00\",\"dateModified\":\"2026-02-02T09:05:53+00:00\",\"description\":\"Konzert geplant im Z\u00e9nith in Stra\u00dfburg? Vermeiden Sie Parkstaus und Warten. Buchen Sie Ihren VTC-Fahrer: Absetzen Sie Sie vor dem Eingang und kehren Sie sicher nach der Show zur\u00fcck.\",\"breadcrumb\":{\"@id\":\"http:\/\/vtc-strasbourg-dmd.fr\/de\/konzerte-im-zenith-de-strasbourg-geniessen-sie-die-show-wir-organisieren-den-vtc-transport\/#breadcrumb\"},\"inLanguage\":\"de\",\"potentialAction\":[{\"@type\":\"ReadAction\",\"target\":[\"http:\/\/vtc-strasbourg-dmd.fr\/de\/konzerte-im-zenith-de-strasbourg-geniessen-sie-die-show-wir-organisieren-den-vtc-transport\/\"]}]},{\"@type\":\"ImageObject\",\"inLanguage\":\"de\",\"@id\":\"http:\/\/vtc-strasbourg-dmd.fr\/de\/konzerte-im-zenith-de-strasbourg-geniessen-sie-die-show-wir-organisieren-den-vtc-transport\/#primaryimage\",\"url\":\"https:\/\/vtc-strasbourg-dmd.fr\/wp-content\/uploads\/2026\/01\/544.jpg\",\"contentUrl\":\"https:\/\/vtc-strasbourg-dmd.fr\/wp-content\/uploads\/2026\/01\/544.jpg\",\"width\":1000,\"height\":562,\"caption\":\"Shuttle-Transport VTC Z\u00e9nith Stra\u00dfburg Konzert\"},{\"@type\":\"BreadcrumbList\",\"@id\":\"http:\/\/vtc-strasbourg-dmd.fr\/de\/konzerte-im-zenith-de-strasbourg-geniessen-sie-die-show-wir-organisieren-den-vtc-transport\/#breadcrumb\",\"itemListElement\":[{\"@type\":\"ListItem\",\"position\":1,\"name\":\"Accueil\",\"item\":\"https:\/\/vtc-strasbourg-dmd.fr\/de\/\"},{\"@type\":\"ListItem\",\"position\":2,\"name\":\"Konzerte im Z\u00e9nith de Strasbourg: Genie\u00dfen Sie die Show, wir organisieren den VTC-Transport\"}]},{\"@type\":\"WebSite\",\"@id\":\"https:\/\/vtc-strasbourg-dmd.fr\/de\/#website\",\"url\":\"https:\/\/vtc-strasbourg-dmd.fr\/de\/\",\"name\":\"VTC Strasbourg DMD\",\"description\":\"Chauffeur VTC Strasbourg\",\"publisher\":{\"@id\":\"https:\/\/vtc-strasbourg-dmd.fr\/de\/#organization\"},\"potentialAction\":[{\"@type\":\"SearchAction\",\"target\":{\"@type\":\"EntryPoint\",\"urlTemplate\":\"https:\/\/vtc-strasbourg-dmd.fr\/de\/?s={search_term_string}\"},\"query-input\":{\"@type\":\"PropertyValueSpecification\",\"valueRequired\":true,\"valueName\":\"search_term_string\"}}],\"inLanguage\":\"de\"},{\"@type\":\"Organization\",\"@id\":\"https:\/\/vtc-strasbourg-dmd.fr\/de\/#organization\",\"name\":\"VTC Strasbourg DMD\",\"url\":\"https:\/\/vtc-strasbourg-dmd.fr\/de\/\",\"logo\":{\"@type\":\"ImageObject\",\"inLanguage\":\"de\",\"@id\":\"https:\/\/vtc-strasbourg-dmd.fr\/de\/#\/schema\/logo\/image\/\",\"url\":\"https:\/\/vtc-strasbourg-dmd.fr\/wp-content\/uploads\/2025\/05\/cropped-LOGO-DRIVE-ME-DRIVER-scaled-1.png\",\"contentUrl\":\"https:\/\/vtc-strasbourg-dmd.fr\/wp-content\/uploads\/2025\/05\/cropped-LOGO-DRIVE-ME-DRIVER-scaled-1.png\",\"width\":2557,\"height\":854,\"caption\":\"VTC Strasbourg DMD\"},\"image\":{\"@id\":\"https:\/\/vtc-strasbourg-dmd.fr\/de\/#\/schema\/logo\/image\/\"}},{\"@type\":\"Person\",\"@id\":\"https:\/\/vtc-strasbourg-dmd.fr\/de\/#\/schema\/person\/05759d0bf2739b605f0468a433403ac8\",\"name\":\"webobjectif\",\"image\":{\"@type\":\"ImageObject\",\"inLanguage\":\"de\",\"@id\":\"https:\/\/vtc-strasbourg-dmd.fr\/de\/#\/schema\/person\/image\/\",\"url\":\"https:\/\/secure.gravatar.com\/avatar\/ded9b907d1e5d4636440a16a54bd4369b408da9239d8ac948266d8c09fa8936b?s=96&d=mm&r=g\",\"contentUrl\":\"https:\/\/secure.gravatar.com\/avatar\/ded9b907d1e5d4636440a16a54bd4369b408da9239d8ac948266d8c09fa8936b?s=96&d=mm&r=g\",\"caption\":\"webobjectif\"},\"url\":\"http:\/\/vtc-strasbourg-dmd.fr\/de\/author\/webobjectif\/\"}]}<\/script>\n<!-- \/ Yoast SEO plugin. -->","yoast_head_json":{"title":"VTC Z\u00e9nith Stra\u00dfburg: Konzert- und Show-Shuttle (Vergiss das Parken)","description":"Konzert geplant im Z\u00e9nith in Stra\u00dfburg? Vermeiden Sie Parkstaus und Warten. Buchen Sie Ihren VTC-Fahrer: Absetzen Sie Sie vor dem Eingang und kehren Sie sicher nach der Show zur\u00fcck.","robots":{"index":"index","follow":"follow","max-snippet":"max-snippet:-1","max-image-preview":"max-image-preview:large","max-video-preview":"max-video-preview:-1"},"canonical":"http:\/\/vtc-strasbourg-dmd.fr\/de\/konzerte-im-zenith-de-strasbourg-geniessen-sie-die-show-wir-organisieren-den-vtc-transport\/","og_locale":"de_DE","og_type":"article","og_title":"VTC Z\u00e9nith Stra\u00dfburg: Konzert- und Show-Shuttle (Vergiss das Parken)","og_description":"Konzert geplant im Z\u00e9nith in Stra\u00dfburg? Vermeiden Sie Parkstaus und Warten. Buchen Sie Ihren VTC-Fahrer: Absetzen Sie Sie vor dem Eingang und kehren Sie sicher nach der Show zur\u00fcck.","og_url":"http:\/\/vtc-strasbourg-dmd.fr\/de\/konzerte-im-zenith-de-strasbourg-geniessen-sie-die-show-wir-organisieren-den-vtc-transport\/","og_site_name":"VTC Strasbourg DMD","article_published_time":"2026-01-30T17:09:43+00:00","article_modified_time":"2026-02-02T09:05:53+00:00","og_image":[{"width":1000,"height":562,"url":"https:\/\/vtc-strasbourg-dmd.fr\/wp-content\/uploads\/2026\/01\/544.jpg","type":"image\/jpeg"}],"author":"webobjectif","twitter_card":"summary_large_image","twitter_misc":{"Verfasst von":"webobjectif","Gesch\u00e4tzte Lesezeit":"4 Minuten"},"schema":{"@context":"https:\/\/schema.org","@graph":[{"@type":"Article","@id":"http:\/\/vtc-strasbourg-dmd.fr\/de\/konzerte-im-zenith-de-strasbourg-geniessen-sie-die-show-wir-organisieren-den-vtc-transport\/#article","isPartOf":{"@id":"http:\/\/vtc-strasbourg-dmd.fr\/de\/konzerte-im-zenith-de-strasbourg-geniessen-sie-die-show-wir-organisieren-den-vtc-transport\/"},"author":{"name":"webobjectif","@id":"https:\/\/vtc-strasbourg-dmd.fr\/de\/#\/schema\/person\/05759d0bf2739b605f0468a433403ac8"},"headline":"Konzerte im Z\u00e9nith de Strasbourg: Genie\u00dfen Sie die Show, wir organisieren den VTC-Transport","datePublished":"2026-01-30T17:09:43+00:00","dateModified":"2026-02-02T09:05:53+00:00","mainEntityOfPage":{"@id":"http:\/\/vtc-strasbourg-dmd.fr\/de\/konzerte-im-zenith-de-strasbourg-geniessen-sie-die-show-wir-organisieren-den-vtc-transport\/"},"wordCount":768,"publisher":{"@id":"https:\/\/vtc-strasbourg-dmd.fr\/de\/#organization"},"image":{"@id":"http:\/\/vtc-strasbourg-dmd.fr\/de\/konzerte-im-zenith-de-strasbourg-geniessen-sie-die-show-wir-organisieren-den-vtc-transport\/#primaryimage"},"thumbnailUrl":"https:\/\/vtc-strasbourg-dmd.fr\/wp-content\/uploads\/2026\/01\/544.jpg","articleSection":["Nicht kategorisiert"],"inLanguage":"de"},{"@type":"WebPage","@id":"http:\/\/vtc-strasbourg-dmd.fr\/de\/konzerte-im-zenith-de-strasbourg-geniessen-sie-die-show-wir-organisieren-den-vtc-transport\/","url":"http:\/\/vtc-strasbourg-dmd.fr\/de\/konzerte-im-zenith-de-strasbourg-geniessen-sie-die-show-wir-organisieren-den-vtc-transport\/","name":"VTC Z\u00e9nith Stra\u00dfburg: Konzert- und Show-Shuttle (Vergiss das Parken)","isPartOf":{"@id":"https:\/\/vtc-strasbourg-dmd.fr\/de\/#website"},"primaryImageOfPage":{"@id":"http:\/\/vtc-strasbourg-dmd.fr\/de\/konzerte-im-zenith-de-strasbourg-geniessen-sie-die-show-wir-organisieren-den-vtc-transport\/#primaryimage"},"image":{"@id":"http:\/\/vtc-strasbourg-dmd.fr\/de\/konzerte-im-zenith-de-strasbourg-geniessen-sie-die-show-wir-organisieren-den-vtc-transport\/#primaryimage"},"thumbnailUrl":"https:\/\/vtc-strasbourg-dmd.fr\/wp-content\/uploads\/2026\/01\/544.jpg","datePublished":"2026-01-30T17:09:43+00:00","dateModified":"2026-02-02T09:05:53+00:00","description":"Konzert geplant im Z\u00e9nith in Stra\u00dfburg? Vermeiden Sie Parkstaus und Warten. Buchen Sie Ihren VTC-Fahrer: Absetzen Sie Sie vor dem Eingang und kehren Sie sicher nach der Show zur\u00fcck.","breadcrumb":{"@id":"http:\/\/vtc-strasbourg-dmd.fr\/de\/konzerte-im-zenith-de-strasbourg-geniessen-sie-die-show-wir-organisieren-den-vtc-transport\/#breadcrumb"},"inLanguage":"de","potentialAction":[{"@type":"ReadAction","target":["http:\/\/vtc-strasbourg-dmd.fr\/de\/konzerte-im-zenith-de-strasbourg-geniessen-sie-die-show-wir-organisieren-den-vtc-transport\/"]}]},{"@type":"ImageObject","inLanguage":"de","@id":"http:\/\/vtc-strasbourg-dmd.fr\/de\/konzerte-im-zenith-de-strasbourg-geniessen-sie-die-show-wir-organisieren-den-vtc-transport\/#primaryimage","url":"https:\/\/vtc-strasbourg-dmd.fr\/wp-content\/uploads\/2026\/01\/544.jpg","contentUrl":"https:\/\/vtc-strasbourg-dmd.fr\/wp-content\/uploads\/2026\/01\/544.jpg","width":1000,"height":562,"caption":"Shuttle-Transport VTC Z\u00e9nith Stra\u00dfburg Konzert"},{"@type":"BreadcrumbList","@id":"http:\/\/vtc-strasbourg-dmd.fr\/de\/konzerte-im-zenith-de-strasbourg-geniessen-sie-die-show-wir-organisieren-den-vtc-transport\/#breadcrumb","itemListElement":[{"@type":"ListItem","position":1,"name":"Accueil","item":"https:\/\/vtc-strasbourg-dmd.fr\/de\/"},{"@type":"ListItem","position":2,"name":"Konzerte im Z\u00e9nith de Strasbourg: Genie\u00dfen Sie die Show, wir organisieren den VTC-Transport"}]},{"@type":"WebSite","@id":"https:\/\/vtc-strasbourg-dmd.fr\/de\/#website","url":"https:\/\/vtc-strasbourg-dmd.fr\/de\/","name":"VTC Strasbourg DMD","description":"Chauffeur VTC Strasbourg","publisher":{"@id":"https:\/\/vtc-strasbourg-dmd.fr\/de\/#organization"},"potentialAction":[{"@type":"SearchAction","target":{"@type":"EntryPoint","urlTemplate":"https:\/\/vtc-strasbourg-dmd.fr\/de\/?s={search_term_string}"},"query-input":{"@type":"PropertyValueSpecification","valueRequired":true,"valueName":"search_term_string"}}],"inLanguage":"de"},{"@type":"Organization","@id":"https:\/\/vtc-strasbourg-dmd.fr\/de\/#organization","name":"VTC Strasbourg DMD","url":"https:\/\/vtc-strasbourg-dmd.fr\/de\/","logo":{"@type":"ImageObject","inLanguage":"de","@id":"https:\/\/vtc-strasbourg-dmd.fr\/de\/#\/schema\/logo\/image\/","url":"https:\/\/vtc-strasbourg-dmd.fr\/wp-content\/uploads\/2025\/05\/cropped-LOGO-DRIVE-ME-DRIVER-scaled-1.png","contentUrl":"https:\/\/vtc-strasbourg-dmd.fr\/wp-content\/uploads\/2025\/05\/cropped-LOGO-DRIVE-ME-DRIVER-scaled-1.png","width":2557,"height":854,"caption":"VTC Strasbourg DMD"},"image":{"@id":"https:\/\/vtc-strasbourg-dmd.fr\/de\/#\/schema\/logo\/image\/"}},{"@type":"Person","@id":"https:\/\/vtc-strasbourg-dmd.fr\/de\/#\/schema\/person\/05759d0bf2739b605f0468a433403ac8","name":"webobjectif","image":{"@type":"ImageObject","inLanguage":"de","@id":"https:\/\/vtc-strasbourg-dmd.fr\/de\/#\/schema\/person\/image\/","url":"https:\/\/secure.gravatar.com\/avatar\/ded9b907d1e5d4636440a16a54bd4369b408da9239d8ac948266d8c09fa8936b?s=96&d=mm&r=g","contentUrl":"https:\/\/secure.gravatar.com\/avatar\/ded9b907d1e5d4636440a16a54bd4369b408da9239d8ac948266d8c09fa8936b?s=96&d=mm&r=g","caption":"webobjectif"},"url":"http:\/\/vtc-strasbourg-dmd.fr\/de\/author\/webobjectif\/"}]}},"_links":{"self":[{"href":"http:\/\/vtc-strasbourg-dmd.fr\/de\/wp-json\/wp\/v2\/posts\/4052","targetHints":{"allow":["GET"]}}],"collection":[{"href":"http:\/\/vtc-strasbourg-dmd.fr\/de\/wp-json\/wp\/v2\/posts"}],"about":[{"href":"http:\/\/vtc-strasbourg-dmd.fr\/de\/wp-json\/wp\/v2\/types\/post"}],"author":[{"embeddable":true,"href":"http:\/\/vtc-strasbourg-dmd.fr\/de\/wp-json\/wp\/v2\/users\/30"}],"replies":[{"embeddable":true,"href":"http:\/\/vtc-strasbourg-dmd.fr\/de\/wp-json\/wp\/v2\/comments?post=4052"}],"version-history":[{"count":2,"href":"http:\/\/vtc-strasbourg-dmd.fr\/de\/wp-json\/wp\/v2\/posts\/4052\/revisions"}],"predecessor-version":[{"id":4091,"href":"http:\/\/vtc-strasbourg-dmd.fr\/de\/wp-json\/wp\/v2\/posts\/4052\/revisions\/4091"}],"wp:featuredmedia":[{"embeddable":true,"href":"http:\/\/vtc-strasbourg-dmd.fr\/de\/wp-json\/wp\/v2\/media\/4057"}],"wp:attachment":[{"href":"http:\/\/vtc-strasbourg-dmd.fr\/de\/wp-json\/wp\/v2\/media?parent=4052"}],"wp:term":[{"taxonomy":"category","embeddable":true,"href":"http:\/\/vtc-strasbourg-dmd.fr\/de\/wp-json\/wp\/v2\/categories?post=4052"},{"taxonomy":"post_tag","embeddable":true,"href":"http:\/\/vtc-strasbourg-dmd.fr\/de\/wp-json\/wp\/v2\/tags?post=4052"}],"curies":[{"name":"wp","href":"https:\/\/api.w.org\/{rel}","templated":true}]}}