{"id":3993,"date":"2026-01-19T10:35:33","date_gmt":"2026-01-19T09:35:33","guid":{"rendered":"https:\/\/vtc-strasbourg-dmd.fr\/vtc-europaeisches-parlament-strassburg-vip-transport-fuer-sitzungen-und-diplomaten\/"},"modified":"2026-01-19T10:48:49","modified_gmt":"2026-01-19T09:48:49","slug":"vtc-europaeisches-parlament-strassburg-vip-transport-fuer-sitzungen-und-diplomaten","status":"publish","type":"post","link":"http:\/\/vtc-strasbourg-dmd.fr\/de\/vtc-europaeisches-parlament-strassburg-vip-transport-fuer-sitzungen-und-diplomaten\/","title":{"rendered":"Parlamentssitzungen in Stra\u00dfburg: Ein ma\u00dfgeschneiderter Transportservice f\u00fcr Fachleute und Diplomaten"},"content":{"rendered":"\n<p>Stra\u00dfburg ist nicht nur die Hauptstadt des Elsass, sondern auch das demokratische Herz Europas. Jeden Monat wird die Stadt w\u00e4hrend der Plenarsitzungen des <strong>Europ\u00e4ischen Parlaments<\/strong> verwandelt. Abgeordnete, parlamentarische Assistenten, Lobbyisten, Journalisten und Diplomaten str\u00f6mten in den Wacken-Bezirk.  <\/p>\n\n<p>In diesem Kontext einer akribischen Agenda, bei der jede Minute z\u00e4hlt, sollte die Transportlogistik nicht unter einer Ann\u00e4herung leiden. <strong>VTC Strasbourg DMD<\/strong> ist als vertrauensw\u00fcrdiger Partner von Institutionen und anspruchsvollen Fachkr\u00e4ften positioniert. Entdecken Sie unser Angebot f\u00fcr <strong>VIP- und Gesch\u00e4ftsverkehr in Stra\u00dfburg<\/strong>. <\/p>\n\n<hr class=\"wp-block-separator has-alpha-channel-opacity\"\/>\n\n<h2 class=\"wp-block-heading\">1. P\u00fcnktlichkeit und Beherrschung der &#8222;Institutionen&#8220;-Routen<\/h2>\n\n<p>Das Louise-Weiss-Geb\u00e4ude, die Agora oder das Palais de l&#8217;Europe w\u00e4hrend der Hauptverkehrszeiten zu erreichen, kann komplex sein. Stra\u00dfburger Taxis sind w\u00e4hrend der Sitzungswochen oft \u00fcberlastet, und die Wartezeiten k\u00f6nnen kritisch werden. <\/p>\n\n<p>Wenn Sie Ihren privaten Fahrer im Voraus beim VTC Strasbourg DMD buchen, garantieren Sie Ihre Ankunft. Unsere Fahrer kennen die <strong>Protokollzufahrten<\/strong>, die reservierten Eing\u00e4nge und die alternativen Routen, um die h\u00e4ufigen Staus rund um die Orangerie und die Avenue de la Robertsau zu umgehen, bestens vertraut. <\/p>\n\n<h2 class=\"wp-block-heading\">2. Diskretion und absolute Vertraulichkeit<\/h2>\n\n<p>Wir wissen, dass Ihre Reisen oft eine Gelegenheit sind, sensible Anrufe zu t\u00e4tigen oder vertrauliche Angelegenheiten mit Ihren Mitarbeitern zu besprechen.<\/p>\n\n<ul class=\"wp-block-list\">\n<li><strong>Vertraulichkeit:<\/strong> Unsere Fahrer sind nach h\u00f6chster Diskretion ausgebildet. Was im Fahrzeug gesagt wird, bleibt im Fahrzeug. <\/li>\n\n\n\n<li><strong>Get\u00f6nte Scheiben:<\/strong> Unsere Limousinen und Vans haben get\u00f6nte Scheiben hinten, um Ihre Anonymit\u00e4t und Sicherheit gegen\u00fcber der Au\u00dfenwelt zu gew\u00e4hrleisten.<\/li>\n\n\n\n<li><strong>Sanfte Fahrt:<\/strong> Nutzen Sie eine ruhige Umgebung, um Ihre Notizen zu \u00fcberpr\u00fcfen oder Ihre Rede vorzubereiten.<\/li>\n<\/ul>\n\n<h2 class=\"wp-block-heading\">3. Eine hochwertige Flotte: Ihr mobiles B\u00fcro<\/h2>\n\n<p>Komfort ist keine Option, sondern ein Arbeitswerkzeug. Unsere Fahrzeuge (Mercedes E-Klasse f\u00fcr Limousinen, Mercedes V-Klasse f\u00fcr Delegationen) sind ausgestattet, um Ihr B\u00fcro zu erweitern: <\/p>\n\n<ul class=\"wp-block-list\">\n<li>WLAN-Verbindung an Bord auf Anfrage.<\/li>\n\n\n\n<li>Mehrfach-Port-Ladeger\u00e4te f\u00fcr Smartphones und Tablets.<\/li>\n\n\n\n<li>Flaschenwasser und regulierte Klimaanlage.<\/li>\n\n\n\n<li>Makellose Lederinterieurs f\u00fcr ein tadelloses Markenimage beim Empfang Ihrer Partner.<\/li>\n<\/ul>\n\n<hr class=\"wp-block-separator has-alpha-channel-opacity\"\/>\n\n<h2 class=\"wp-block-heading\">4. Fernflughafentransfers (Frankfurt, Z\u00fcrich, Basel)<\/h2>\n\n<p>Der Flughafen Stra\u00dfburg-Entzheim bedient nicht alle Hauptst\u00e4dte. Viele Diplomaten und Fachleute landen in den gro\u00dfen internationalen Zentren in der N\u00e4he. <\/p>\n\n<p>Das VTC Strasbourg DMD bietet Ihre <strong>privaten Fernfahrt-Shuttles<\/strong> an:<\/p>\n\n<ul class=\"wp-block-list\">\n<li><strong>Stra\u00dfburg &lt;\u2013&gt; <a href=\"https:\/\/vtc-strasbourg-dmd.fr\/transfert-vtc-aeroport-francfort-strasbourg\/\">Flughafen Frankfurt (FRA):<\/a><\/strong> Etwa 2:00 Uhr. Vermeiden Sie den Zug und die Umsteigungen mit Ihrem Gep\u00e4ck. Ihr Fahrer begr\u00fc\u00dft Sie am Terminal und setzt Sie vor dem Parlament ab.<\/li>\n\n\n\n<li><strong><a href=\"https:\/\/vtc-strasbourg-dmd.fr\/chauffeur-prive-vtc-aeroport-bale-mulhouse-fribourg\/\">Stra\u00dfburg &lt;-&gt; Flughafen Basel-Mulhouse (EuroAirport): <\/a><\/strong> Die direkte und schnelle Verbindung (1 Stunde 15 Minuten) f\u00fcr internationale Fl\u00fcge.<\/li>\n\n\n\n<li><strong>Stra\u00dfburg &lt;\u2013&gt; <a href=\"https:\/\/vtc-strasbourg-dmd.fr\/chauffeur-prive-vtc-aeroport-baden-baden\/\">Baden-Baden (FKB)<\/a> oder <a href=\"https:\/\/vtc-strasbourg-dmd.fr\/chauffeur-prive-vtc-aeroport-stuttgart\/\">Stuttgart (STR).<\/a><\/strong><\/li>\n<\/ul>\n\n<h2 class=\"wp-block-heading\">5. Der &#8222;Verf\u00fcgbarkeitsdienst&#8220; (Fahrer f\u00fcr den Tag)<\/h2>\n\n<p>Haben Sie eine Reihe von Treffen zwischen dem Europarat, einem Hotel im Stadtzentrum und einem Business-Restaurant? Verschwende keine Zeit damit, in jeder Phase einen neuen Transport zu bestellen. <\/p>\n\n<p>Mit unserem <strong>Provision-Service<\/strong> ist Ihr Fahrer Ihnen f\u00fcr 4 Stunden, 8 Stunden oder mehrere Tage verpflichtet. Er wartet vor jedem Treffpunkt auf dich, bewahrt deine pers\u00f6nlichen Sachen sicher im Fahrzeug auf und bleibt sofort erreichbar. Das ist die ultimative L\u00f6sung f\u00fcr totale Flexibilit\u00e4t.  <\/p>\n\n<hr class=\"wp-block-separator has-alpha-channel-opacity\"\/>\n\n<h2 class=\"wp-block-heading\">6. Erleichtern Sie Ihr administratives Management<\/h2>\n\n<p>F\u00fcr Unternehmen, Botschaften und politische Gruppen ist die Verwaltung von Spesenabrechnungen oft m\u00fchsam.<\/p>\n\n<ul class=\"wp-block-list\">\n<li><strong>Klare Rechnungsstellung:<\/strong> Sie erhalten eine detaillierte Rechnung mit erzahlbarer Mehrwertsteuer per E-Mail.<\/li>\n\n\n\n<li><strong>Flexible Zahlung:<\/strong> Kreditkarte an Bord (Amex, Visa, Mastercard), Bank\u00fcberweisung oder monatliche Rechnungsstellung f\u00fcr regul\u00e4re Kundenkonten.<\/li>\n\n\n\n<li><strong>Englischsprachige Fahrer:<\/strong> F\u00fcr Ihre internationalen G\u00e4ste sprechen unsere Fahrer flie\u00dfend Englisch, um einen reibungslosen Empfang zu gew\u00e4hrleisten.<\/li>\n<\/ul>\n\n<h3 class=\"wp-block-heading\">Plane deine Reise f\u00fcr die n\u00e4chste Sitzung<\/h3>\n\n<p>W\u00e4hrend der Parlamentssitzungen ist die Nachfrage in Stra\u00dfburg \u00e4u\u00dferst hoch. Wir empfehlen, Ihre Fahrer mindestens 48 Stunden im Voraus zu buchen.   <a href=\"https:\/\/vtc-strasbourg-dmd.fr\/de\/\">Buchen Sie einen Business Driver<\/a><\/p>\n","protected":false},"excerpt":{"rendered":"<p>Stra\u00dfburg ist nicht nur die Hauptstadt des Elsass, sondern auch das demokratische Herz Europas. Jeden Monat wird die Stadt w\u00e4hrend der Plenarsitzungen des Europ\u00e4ischen Parlaments verwandelt. Abgeordnete, parlamentarische Assistenten, Lobbyisten, Journalisten und Diplomaten str\u00f6mten in den Wacken-Bezirk. In diesem Kontext einer akribischen Agenda, bei der jede Minute z\u00e4hlt, sollte die Transportlogistik nicht unter einer Ann\u00e4herung [&hellip;]<\/p>\n","protected":false},"author":30,"featured_media":4006,"comment_status":"closed","ping_status":"open","sticky":false,"template":"","format":"standard","meta":{"site-sidebar-layout":"default","site-content-layout":"","ast-site-content-layout":"default","site-content-style":"default","site-sidebar-style":"default","ast-global-header-display":"","ast-banner-title-visibility":"","ast-main-header-display":"","ast-hfb-above-header-display":"","ast-hfb-below-header-display":"","ast-hfb-mobile-header-display":"","site-post-title":"","ast-breadcrumbs-content":"","ast-featured-img":"","footer-sml-layout":"","ast-disable-related-posts":"","theme-transparent-header-meta":"","adv-header-id-meta":"","stick-header-meta":"","header-above-stick-meta":"","header-main-stick-meta":"","header-below-stick-meta":"","astra-migrate-meta-layouts":"default","ast-page-background-enabled":"default","ast-page-background-meta":{"desktop":{"background-color":"","background-image":"","background-repeat":"repeat","background-position":"center center","background-size":"auto","background-attachment":"scroll","background-type":"","background-media":"","overlay-type":"","overlay-color":"","overlay-opacity":"","overlay-gradient":""},"tablet":{"background-color":"","background-image":"","background-repeat":"repeat","background-position":"center center","background-size":"auto","background-attachment":"scroll","background-type":"","background-media":"","overlay-type":"","overlay-color":"","overlay-opacity":"","overlay-gradient":""},"mobile":{"background-color":"","background-image":"","background-repeat":"repeat","background-position":"center center","background-size":"auto","background-attachment":"scroll","background-type":"","background-media":"","overlay-type":"","overlay-color":"","overlay-opacity":"","overlay-gradient":""}},"ast-content-background-meta":{"desktop":{"background-color":"var(--ast-global-color-5)","background-image":"","background-repeat":"repeat","background-position":"center center","background-size":"auto","background-attachment":"scroll","background-type":"","background-media":"","overlay-type":"","overlay-color":"","overlay-opacity":"","overlay-gradient":""},"tablet":{"background-color":"var(--ast-global-color-5)","background-image":"","background-repeat":"repeat","background-position":"center center","background-size":"auto","background-attachment":"scroll","background-type":"","background-media":"","overlay-type":"","overlay-color":"","overlay-opacity":"","overlay-gradient":""},"mobile":{"background-color":"var(--ast-global-color-5)","background-image":"","background-repeat":"repeat","background-position":"center center","background-size":"auto","background-attachment":"scroll","background-type":"","background-media":"","overlay-type":"","overlay-color":"","overlay-opacity":"","overlay-gradient":""}},"footnotes":""},"categories":[37],"tags":[],"class_list":["post-3993","post","type-post","status-publish","format-standard","has-post-thumbnail","hentry","category-nicht-kategorisiert"],"yoast_head":"<!-- This site is optimized with the Yoast SEO plugin v27.0 - https:\/\/yoast.com\/product\/yoast-seo-wordpress\/ -->\n<title>VTC Europ\u00e4ische Parlament Stra\u00dfburg: VIP-Transport in Stra\u00dfburg<\/title>\n<meta name=\"description\" content=\"Privatfahrerdienst f\u00fcr das Europ\u00e4ische Parlament in Stra\u00dfburg. P\u00fcnktlichkeit, Diskretion und erstklassige Fahrzeuge f\u00fcr Ihre Reisen w\u00e4hrend der Parlamentssitzungen. Professionelle Abrechnung.\" \/>\n<meta name=\"robots\" content=\"index, follow, max-snippet:-1, max-image-preview:large, max-video-preview:-1\" \/>\n<link rel=\"canonical\" href=\"http:\/\/vtc-strasbourg-dmd.fr\/de\/vtc-europaeisches-parlament-strassburg-vip-transport-fuer-sitzungen-und-diplomaten\/\" \/>\n<meta property=\"og:locale\" content=\"de_DE\" \/>\n<meta property=\"og:type\" content=\"article\" \/>\n<meta property=\"og:title\" content=\"VTC Europ\u00e4ische Parlament Stra\u00dfburg: VIP-Transport in Stra\u00dfburg\" \/>\n<meta property=\"og:description\" content=\"Privatfahrerdienst f\u00fcr das Europ\u00e4ische Parlament in Stra\u00dfburg. P\u00fcnktlichkeit, Diskretion und erstklassige Fahrzeuge f\u00fcr Ihre Reisen w\u00e4hrend der Parlamentssitzungen. Professionelle Abrechnung.\" \/>\n<meta property=\"og:url\" content=\"http:\/\/vtc-strasbourg-dmd.fr\/de\/vtc-europaeisches-parlament-strassburg-vip-transport-fuer-sitzungen-und-diplomaten\/\" \/>\n<meta property=\"og:site_name\" content=\"VTC Strasbourg DMD\" \/>\n<meta property=\"article:published_time\" content=\"2026-01-19T09:35:33+00:00\" \/>\n<meta property=\"article:modified_time\" content=\"2026-01-19T09:48:49+00:00\" \/>\n<meta property=\"og:image\" content=\"https:\/\/vtc-strasbourg-dmd.fr\/wp-content\/uploads\/2026\/01\/vtc-astrasbourg-dmd-parlement-europeen-chauffeur-prive.jpg\" \/>\n\t<meta property=\"og:image:width\" content=\"1000\" \/>\n\t<meta property=\"og:image:height\" content=\"667\" \/>\n\t<meta property=\"og:image:type\" content=\"image\/jpeg\" \/>\n<meta name=\"author\" content=\"webobjectif\" \/>\n<meta name=\"twitter:card\" content=\"summary_large_image\" \/>\n<meta name=\"twitter:label1\" content=\"Verfasst von\" \/>\n\t<meta name=\"twitter:data1\" content=\"webobjectif\" \/>\n\t<meta name=\"twitter:label2\" content=\"Gesch\u00e4tzte Lesezeit\" \/>\n\t<meta name=\"twitter:data2\" content=\"3 Minuten\" \/>\n<script type=\"application\/ld+json\" class=\"yoast-schema-graph\">{\"@context\":\"https:\/\/schema.org\",\"@graph\":[{\"@type\":\"Article\",\"@id\":\"http:\/\/vtc-strasbourg-dmd.fr\/de\/vtc-europaeisches-parlament-strassburg-vip-transport-fuer-sitzungen-und-diplomaten\/#article\",\"isPartOf\":{\"@id\":\"http:\/\/vtc-strasbourg-dmd.fr\/de\/vtc-europaeisches-parlament-strassburg-vip-transport-fuer-sitzungen-und-diplomaten\/\"},\"author\":{\"name\":\"webobjectif\",\"@id\":\"https:\/\/vtc-strasbourg-dmd.fr\/de\/#\/schema\/person\/05759d0bf2739b605f0468a433403ac8\"},\"headline\":\"Parlamentssitzungen in Stra\u00dfburg: Ein ma\u00dfgeschneiderter Transportservice f\u00fcr Fachleute und Diplomaten\",\"datePublished\":\"2026-01-19T09:35:33+00:00\",\"dateModified\":\"2026-01-19T09:48:49+00:00\",\"mainEntityOfPage\":{\"@id\":\"http:\/\/vtc-strasbourg-dmd.fr\/de\/vtc-europaeisches-parlament-strassburg-vip-transport-fuer-sitzungen-und-diplomaten\/\"},\"wordCount\":633,\"publisher\":{\"@id\":\"https:\/\/vtc-strasbourg-dmd.fr\/de\/#organization\"},\"image\":{\"@id\":\"http:\/\/vtc-strasbourg-dmd.fr\/de\/vtc-europaeisches-parlament-strassburg-vip-transport-fuer-sitzungen-und-diplomaten\/#primaryimage\"},\"thumbnailUrl\":\"https:\/\/vtc-strasbourg-dmd.fr\/wp-content\/uploads\/2026\/01\/vtc-astrasbourg-dmd-parlement-europeen-chauffeur-prive.jpg\",\"articleSection\":[\"Nicht kategorisiert\"],\"inLanguage\":\"de\"},{\"@type\":\"WebPage\",\"@id\":\"http:\/\/vtc-strasbourg-dmd.fr\/de\/vtc-europaeisches-parlament-strassburg-vip-transport-fuer-sitzungen-und-diplomaten\/\",\"url\":\"http:\/\/vtc-strasbourg-dmd.fr\/de\/vtc-europaeisches-parlament-strassburg-vip-transport-fuer-sitzungen-und-diplomaten\/\",\"name\":\"VTC Europ\u00e4ische Parlament Stra\u00dfburg: VIP-Transport in Stra\u00dfburg\",\"isPartOf\":{\"@id\":\"https:\/\/vtc-strasbourg-dmd.fr\/de\/#website\"},\"primaryImageOfPage\":{\"@id\":\"http:\/\/vtc-strasbourg-dmd.fr\/de\/vtc-europaeisches-parlament-strassburg-vip-transport-fuer-sitzungen-und-diplomaten\/#primaryimage\"},\"image\":{\"@id\":\"http:\/\/vtc-strasbourg-dmd.fr\/de\/vtc-europaeisches-parlament-strassburg-vip-transport-fuer-sitzungen-und-diplomaten\/#primaryimage\"},\"thumbnailUrl\":\"https:\/\/vtc-strasbourg-dmd.fr\/wp-content\/uploads\/2026\/01\/vtc-astrasbourg-dmd-parlement-europeen-chauffeur-prive.jpg\",\"datePublished\":\"2026-01-19T09:35:33+00:00\",\"dateModified\":\"2026-01-19T09:48:49+00:00\",\"description\":\"Privatfahrerdienst f\u00fcr das Europ\u00e4ische Parlament in Stra\u00dfburg. P\u00fcnktlichkeit, Diskretion und erstklassige Fahrzeuge f\u00fcr Ihre Reisen w\u00e4hrend der Parlamentssitzungen. Professionelle Abrechnung.\",\"breadcrumb\":{\"@id\":\"http:\/\/vtc-strasbourg-dmd.fr\/de\/vtc-europaeisches-parlament-strassburg-vip-transport-fuer-sitzungen-und-diplomaten\/#breadcrumb\"},\"inLanguage\":\"de\",\"potentialAction\":[{\"@type\":\"ReadAction\",\"target\":[\"http:\/\/vtc-strasbourg-dmd.fr\/de\/vtc-europaeisches-parlament-strassburg-vip-transport-fuer-sitzungen-und-diplomaten\/\"]}]},{\"@type\":\"ImageObject\",\"inLanguage\":\"de\",\"@id\":\"http:\/\/vtc-strasbourg-dmd.fr\/de\/vtc-europaeisches-parlament-strassburg-vip-transport-fuer-sitzungen-und-diplomaten\/#primaryimage\",\"url\":\"https:\/\/vtc-strasbourg-dmd.fr\/wp-content\/uploads\/2026\/01\/vtc-astrasbourg-dmd-parlement-europeen-chauffeur-prive.jpg\",\"contentUrl\":\"https:\/\/vtc-strasbourg-dmd.fr\/wp-content\/uploads\/2026\/01\/vtc-astrasbourg-dmd-parlement-europeen-chauffeur-prive.jpg\",\"width\":1000,\"height\":667},{\"@type\":\"BreadcrumbList\",\"@id\":\"http:\/\/vtc-strasbourg-dmd.fr\/de\/vtc-europaeisches-parlament-strassburg-vip-transport-fuer-sitzungen-und-diplomaten\/#breadcrumb\",\"itemListElement\":[{\"@type\":\"ListItem\",\"position\":1,\"name\":\"Accueil\",\"item\":\"https:\/\/vtc-strasbourg-dmd.fr\/de\/\"},{\"@type\":\"ListItem\",\"position\":2,\"name\":\"Parlamentssitzungen in Stra\u00dfburg: Ein ma\u00dfgeschneiderter Transportservice f\u00fcr Fachleute und Diplomaten\"}]},{\"@type\":\"WebSite\",\"@id\":\"https:\/\/vtc-strasbourg-dmd.fr\/de\/#website\",\"url\":\"https:\/\/vtc-strasbourg-dmd.fr\/de\/\",\"name\":\"VTC Strasbourg DMD\",\"description\":\"Chauffeur VTC Strasbourg\",\"publisher\":{\"@id\":\"https:\/\/vtc-strasbourg-dmd.fr\/de\/#organization\"},\"potentialAction\":[{\"@type\":\"SearchAction\",\"target\":{\"@type\":\"EntryPoint\",\"urlTemplate\":\"https:\/\/vtc-strasbourg-dmd.fr\/de\/?s={search_term_string}\"},\"query-input\":{\"@type\":\"PropertyValueSpecification\",\"valueRequired\":true,\"valueName\":\"search_term_string\"}}],\"inLanguage\":\"de\"},{\"@type\":\"Organization\",\"@id\":\"https:\/\/vtc-strasbourg-dmd.fr\/de\/#organization\",\"name\":\"VTC Strasbourg DMD\",\"url\":\"https:\/\/vtc-strasbourg-dmd.fr\/de\/\",\"logo\":{\"@type\":\"ImageObject\",\"inLanguage\":\"de\",\"@id\":\"https:\/\/vtc-strasbourg-dmd.fr\/de\/#\/schema\/logo\/image\/\",\"url\":\"https:\/\/vtc-strasbourg-dmd.fr\/wp-content\/uploads\/2025\/05\/cropped-LOGO-DRIVE-ME-DRIVER-scaled-1.png\",\"contentUrl\":\"https:\/\/vtc-strasbourg-dmd.fr\/wp-content\/uploads\/2025\/05\/cropped-LOGO-DRIVE-ME-DRIVER-scaled-1.png\",\"width\":2557,\"height\":854,\"caption\":\"VTC Strasbourg DMD\"},\"image\":{\"@id\":\"https:\/\/vtc-strasbourg-dmd.fr\/de\/#\/schema\/logo\/image\/\"}},{\"@type\":\"Person\",\"@id\":\"https:\/\/vtc-strasbourg-dmd.fr\/de\/#\/schema\/person\/05759d0bf2739b605f0468a433403ac8\",\"name\":\"webobjectif\",\"image\":{\"@type\":\"ImageObject\",\"inLanguage\":\"de\",\"@id\":\"https:\/\/vtc-strasbourg-dmd.fr\/de\/#\/schema\/person\/image\/\",\"url\":\"https:\/\/secure.gravatar.com\/avatar\/ded9b907d1e5d4636440a16a54bd4369b408da9239d8ac948266d8c09fa8936b?s=96&d=mm&r=g\",\"contentUrl\":\"https:\/\/secure.gravatar.com\/avatar\/ded9b907d1e5d4636440a16a54bd4369b408da9239d8ac948266d8c09fa8936b?s=96&d=mm&r=g\",\"caption\":\"webobjectif\"},\"url\":\"http:\/\/vtc-strasbourg-dmd.fr\/de\/author\/webobjectif\/\"}]}<\/script>\n<!-- \/ Yoast SEO plugin. -->","yoast_head_json":{"title":"VTC Europ\u00e4ische Parlament Stra\u00dfburg: VIP-Transport in Stra\u00dfburg","description":"Privatfahrerdienst f\u00fcr das Europ\u00e4ische Parlament in Stra\u00dfburg. P\u00fcnktlichkeit, Diskretion und erstklassige Fahrzeuge f\u00fcr Ihre Reisen w\u00e4hrend der Parlamentssitzungen. Professionelle Abrechnung.","robots":{"index":"index","follow":"follow","max-snippet":"max-snippet:-1","max-image-preview":"max-image-preview:large","max-video-preview":"max-video-preview:-1"},"canonical":"http:\/\/vtc-strasbourg-dmd.fr\/de\/vtc-europaeisches-parlament-strassburg-vip-transport-fuer-sitzungen-und-diplomaten\/","og_locale":"de_DE","og_type":"article","og_title":"VTC Europ\u00e4ische Parlament Stra\u00dfburg: VIP-Transport in Stra\u00dfburg","og_description":"Privatfahrerdienst f\u00fcr das Europ\u00e4ische Parlament in Stra\u00dfburg. P\u00fcnktlichkeit, Diskretion und erstklassige Fahrzeuge f\u00fcr Ihre Reisen w\u00e4hrend der Parlamentssitzungen. Professionelle Abrechnung.","og_url":"http:\/\/vtc-strasbourg-dmd.fr\/de\/vtc-europaeisches-parlament-strassburg-vip-transport-fuer-sitzungen-und-diplomaten\/","og_site_name":"VTC Strasbourg DMD","article_published_time":"2026-01-19T09:35:33+00:00","article_modified_time":"2026-01-19T09:48:49+00:00","og_image":[{"width":1000,"height":667,"url":"https:\/\/vtc-strasbourg-dmd.fr\/wp-content\/uploads\/2026\/01\/vtc-astrasbourg-dmd-parlement-europeen-chauffeur-prive.jpg","type":"image\/jpeg"}],"author":"webobjectif","twitter_card":"summary_large_image","twitter_misc":{"Verfasst von":"webobjectif","Gesch\u00e4tzte Lesezeit":"3 Minuten"},"schema":{"@context":"https:\/\/schema.org","@graph":[{"@type":"Article","@id":"http:\/\/vtc-strasbourg-dmd.fr\/de\/vtc-europaeisches-parlament-strassburg-vip-transport-fuer-sitzungen-und-diplomaten\/#article","isPartOf":{"@id":"http:\/\/vtc-strasbourg-dmd.fr\/de\/vtc-europaeisches-parlament-strassburg-vip-transport-fuer-sitzungen-und-diplomaten\/"},"author":{"name":"webobjectif","@id":"https:\/\/vtc-strasbourg-dmd.fr\/de\/#\/schema\/person\/05759d0bf2739b605f0468a433403ac8"},"headline":"Parlamentssitzungen in Stra\u00dfburg: Ein ma\u00dfgeschneiderter Transportservice f\u00fcr Fachleute und Diplomaten","datePublished":"2026-01-19T09:35:33+00:00","dateModified":"2026-01-19T09:48:49+00:00","mainEntityOfPage":{"@id":"http:\/\/vtc-strasbourg-dmd.fr\/de\/vtc-europaeisches-parlament-strassburg-vip-transport-fuer-sitzungen-und-diplomaten\/"},"wordCount":633,"publisher":{"@id":"https:\/\/vtc-strasbourg-dmd.fr\/de\/#organization"},"image":{"@id":"http:\/\/vtc-strasbourg-dmd.fr\/de\/vtc-europaeisches-parlament-strassburg-vip-transport-fuer-sitzungen-und-diplomaten\/#primaryimage"},"thumbnailUrl":"https:\/\/vtc-strasbourg-dmd.fr\/wp-content\/uploads\/2026\/01\/vtc-astrasbourg-dmd-parlement-europeen-chauffeur-prive.jpg","articleSection":["Nicht kategorisiert"],"inLanguage":"de"},{"@type":"WebPage","@id":"http:\/\/vtc-strasbourg-dmd.fr\/de\/vtc-europaeisches-parlament-strassburg-vip-transport-fuer-sitzungen-und-diplomaten\/","url":"http:\/\/vtc-strasbourg-dmd.fr\/de\/vtc-europaeisches-parlament-strassburg-vip-transport-fuer-sitzungen-und-diplomaten\/","name":"VTC Europ\u00e4ische Parlament Stra\u00dfburg: VIP-Transport in Stra\u00dfburg","isPartOf":{"@id":"https:\/\/vtc-strasbourg-dmd.fr\/de\/#website"},"primaryImageOfPage":{"@id":"http:\/\/vtc-strasbourg-dmd.fr\/de\/vtc-europaeisches-parlament-strassburg-vip-transport-fuer-sitzungen-und-diplomaten\/#primaryimage"},"image":{"@id":"http:\/\/vtc-strasbourg-dmd.fr\/de\/vtc-europaeisches-parlament-strassburg-vip-transport-fuer-sitzungen-und-diplomaten\/#primaryimage"},"thumbnailUrl":"https:\/\/vtc-strasbourg-dmd.fr\/wp-content\/uploads\/2026\/01\/vtc-astrasbourg-dmd-parlement-europeen-chauffeur-prive.jpg","datePublished":"2026-01-19T09:35:33+00:00","dateModified":"2026-01-19T09:48:49+00:00","description":"Privatfahrerdienst f\u00fcr das Europ\u00e4ische Parlament in Stra\u00dfburg. P\u00fcnktlichkeit, Diskretion und erstklassige Fahrzeuge f\u00fcr Ihre Reisen w\u00e4hrend der Parlamentssitzungen. Professionelle Abrechnung.","breadcrumb":{"@id":"http:\/\/vtc-strasbourg-dmd.fr\/de\/vtc-europaeisches-parlament-strassburg-vip-transport-fuer-sitzungen-und-diplomaten\/#breadcrumb"},"inLanguage":"de","potentialAction":[{"@type":"ReadAction","target":["http:\/\/vtc-strasbourg-dmd.fr\/de\/vtc-europaeisches-parlament-strassburg-vip-transport-fuer-sitzungen-und-diplomaten\/"]}]},{"@type":"ImageObject","inLanguage":"de","@id":"http:\/\/vtc-strasbourg-dmd.fr\/de\/vtc-europaeisches-parlament-strassburg-vip-transport-fuer-sitzungen-und-diplomaten\/#primaryimage","url":"https:\/\/vtc-strasbourg-dmd.fr\/wp-content\/uploads\/2026\/01\/vtc-astrasbourg-dmd-parlement-europeen-chauffeur-prive.jpg","contentUrl":"https:\/\/vtc-strasbourg-dmd.fr\/wp-content\/uploads\/2026\/01\/vtc-astrasbourg-dmd-parlement-europeen-chauffeur-prive.jpg","width":1000,"height":667},{"@type":"BreadcrumbList","@id":"http:\/\/vtc-strasbourg-dmd.fr\/de\/vtc-europaeisches-parlament-strassburg-vip-transport-fuer-sitzungen-und-diplomaten\/#breadcrumb","itemListElement":[{"@type":"ListItem","position":1,"name":"Accueil","item":"https:\/\/vtc-strasbourg-dmd.fr\/de\/"},{"@type":"ListItem","position":2,"name":"Parlamentssitzungen in Stra\u00dfburg: Ein ma\u00dfgeschneiderter Transportservice f\u00fcr Fachleute und Diplomaten"}]},{"@type":"WebSite","@id":"https:\/\/vtc-strasbourg-dmd.fr\/de\/#website","url":"https:\/\/vtc-strasbourg-dmd.fr\/de\/","name":"VTC Strasbourg DMD","description":"Chauffeur VTC Strasbourg","publisher":{"@id":"https:\/\/vtc-strasbourg-dmd.fr\/de\/#organization"},"potentialAction":[{"@type":"SearchAction","target":{"@type":"EntryPoint","urlTemplate":"https:\/\/vtc-strasbourg-dmd.fr\/de\/?s={search_term_string}"},"query-input":{"@type":"PropertyValueSpecification","valueRequired":true,"valueName":"search_term_string"}}],"inLanguage":"de"},{"@type":"Organization","@id":"https:\/\/vtc-strasbourg-dmd.fr\/de\/#organization","name":"VTC Strasbourg DMD","url":"https:\/\/vtc-strasbourg-dmd.fr\/de\/","logo":{"@type":"ImageObject","inLanguage":"de","@id":"https:\/\/vtc-strasbourg-dmd.fr\/de\/#\/schema\/logo\/image\/","url":"https:\/\/vtc-strasbourg-dmd.fr\/wp-content\/uploads\/2025\/05\/cropped-LOGO-DRIVE-ME-DRIVER-scaled-1.png","contentUrl":"https:\/\/vtc-strasbourg-dmd.fr\/wp-content\/uploads\/2025\/05\/cropped-LOGO-DRIVE-ME-DRIVER-scaled-1.png","width":2557,"height":854,"caption":"VTC Strasbourg DMD"},"image":{"@id":"https:\/\/vtc-strasbourg-dmd.fr\/de\/#\/schema\/logo\/image\/"}},{"@type":"Person","@id":"https:\/\/vtc-strasbourg-dmd.fr\/de\/#\/schema\/person\/05759d0bf2739b605f0468a433403ac8","name":"webobjectif","image":{"@type":"ImageObject","inLanguage":"de","@id":"https:\/\/vtc-strasbourg-dmd.fr\/de\/#\/schema\/person\/image\/","url":"https:\/\/secure.gravatar.com\/avatar\/ded9b907d1e5d4636440a16a54bd4369b408da9239d8ac948266d8c09fa8936b?s=96&d=mm&r=g","contentUrl":"https:\/\/secure.gravatar.com\/avatar\/ded9b907d1e5d4636440a16a54bd4369b408da9239d8ac948266d8c09fa8936b?s=96&d=mm&r=g","caption":"webobjectif"},"url":"http:\/\/vtc-strasbourg-dmd.fr\/de\/author\/webobjectif\/"}]}},"_links":{"self":[{"href":"http:\/\/vtc-strasbourg-dmd.fr\/de\/wp-json\/wp\/v2\/posts\/3993","targetHints":{"allow":["GET"]}}],"collection":[{"href":"http:\/\/vtc-strasbourg-dmd.fr\/de\/wp-json\/wp\/v2\/posts"}],"about":[{"href":"http:\/\/vtc-strasbourg-dmd.fr\/de\/wp-json\/wp\/v2\/types\/post"}],"author":[{"embeddable":true,"href":"http:\/\/vtc-strasbourg-dmd.fr\/de\/wp-json\/wp\/v2\/users\/30"}],"replies":[{"embeddable":true,"href":"http:\/\/vtc-strasbourg-dmd.fr\/de\/wp-json\/wp\/v2\/comments?post=3993"}],"version-history":[{"count":4,"href":"http:\/\/vtc-strasbourg-dmd.fr\/de\/wp-json\/wp\/v2\/posts\/3993\/revisions"}],"predecessor-version":[{"id":4009,"href":"http:\/\/vtc-strasbourg-dmd.fr\/de\/wp-json\/wp\/v2\/posts\/3993\/revisions\/4009"}],"wp:featuredmedia":[{"embeddable":true,"href":"http:\/\/vtc-strasbourg-dmd.fr\/de\/wp-json\/wp\/v2\/media\/4006"}],"wp:attachment":[{"href":"http:\/\/vtc-strasbourg-dmd.fr\/de\/wp-json\/wp\/v2\/media?parent=3993"}],"wp:term":[{"taxonomy":"category","embeddable":true,"href":"http:\/\/vtc-strasbourg-dmd.fr\/de\/wp-json\/wp\/v2\/categories?post=3993"},{"taxonomy":"post_tag","embeddable":true,"href":"http:\/\/vtc-strasbourg-dmd.fr\/de\/wp-json\/wp\/v2\/tags?post=3993"}],"curies":[{"name":"wp","href":"https:\/\/api.w.org\/{rel}","templated":true}]}}