{"id":3886,"date":"2025-12-26T18:59:11","date_gmt":"2025-12-26T17:59:11","guid":{"rendered":"https:\/\/vtc-strasbourg-dmd.fr\/von-strassburg-aus-zum-europa-park-fahren-warum-ist-der-vtc-die-beste-option\/"},"modified":"2025-12-26T19:00:57","modified_gmt":"2025-12-26T18:00:57","slug":"von-strassburg-aus-zum-europa-park-fahren-warum-ist-der-vtc-die-beste-option","status":"publish","type":"post","link":"http:\/\/vtc-strasbourg-dmd.fr\/de\/von-strassburg-aus-zum-europa-park-fahren-warum-ist-der-vtc-die-beste-option\/","title":{"rendered":"Von Stra\u00dfburg aus zum Europa-Park fahren: Warum ist der VTC die beste Option?"},"content":{"rendered":"\n<article>\n\n    <p>\n  Jedes Jahr str\u00f6men Millionen von Besuchern nach Rust, Deutschland, um den &#8222;besten Vergn\u00fcgungspark der Welt&#8220; zu entdecken: <strong>Europa-Park<\/strong> und seine <strong>Rulantica-Wasserwelt<\/strong>. Wenn das Ziel ein Traum f\u00fcr Jung und Alt ist, kann die Reise von Elsass dorthin die Begeisterung manchmal d\u00e4mpfen. \n    <\/p>\n\n    <p>\n  Sollten Sie den Bus nehmen (oft \u00fcberf\u00fcllt), den Zug (der in Ringsheim einen Anschluss braucht) oder Ihr eigenes Auto? Bei <a href=\"https:\/\/vtc-strasbourg-dmd.fr\/de\/\">VTC Strasbourg DMD<\/a> haben wir die L\u00f6sung, um Ihren Freizeittag ohne den geringsten Stress zu beginnen: den privaten Fahrer. \n    <\/p>\n\n    <h2>1. Die Grenzen des \u00f6ffentlichen Nahverkehrs bis Rust<\/h2>\n    <p>\n  Stra\u00dfburg liegt etwa 55 km vom Park entfernt. Wenn die Entfernung kurz erscheint, kann die Logistik komplex sein: \n    <\/p>\n    <ul>\n        <li><strong>Der Bus (CTBR Shuttle):<\/strong> Sie legt feste und starre Zeitpl\u00e4ne fest. Wenn du den Abendstart verpasst, bist du festgefahren. Au\u00dferdem ist es nicht ideal, im Stehen mit aufgeregten oder m\u00fcden Kindern zu reisen.  <\/li>\n        <li><strong>Der Zug:<\/strong> Es gibt keinen direkten Bahnhof &#8222;Europa-Park&#8220;. Man muss einen TER-Zug zum deutschen Bahnhof in Ringsheim nehmen und dann auf einen Shuttlebus warten, um den Eingang zu erreichen. Es ist ein schmerzhafter Bruch mit Kinderwagen oder Taschen.  <\/li>\n    <\/ul>\n\n    <h2>2. Die Vorteile des Transfers Stra\u00dfburg zu Europa-Park VTC<\/h2>\n    <p>\n  Wenn Sie sich f\u00fcr einen <a href=\"https:\/\/vtc-strasbourg-dmd.fr\/chauffeur-prive-vtc-europa-park-strasbourg\/\">spezialisierten privaten Fahrerservice von Europa-Park<\/a> entscheiden, w\u00e4hlen Sie absolute Einfachheit:\n    <\/p>\n    \n    <h3>Von T\u00fcr zu T\u00fcr<\/h3>\n    <p>\n  Ihr Fahrer holt Sie vor Ihrem Hotel, Airbnb oder Ihrem Haus in Stra\u00dfburg ab. Man packt seine Sachen in den Kofferraum, setzt die Kinder in sichere Kindersitze (auf Anfrage bereitgestellt) und steigt erst vor dem Haupteingang des Parks oder dem Hotel in Rust (Bell Rock, Colosseo, Kr\u00f8nas\u00e5r &#8230;) aus dem Auto. \n    <\/p>\n\n    <h3>Totale Flexibilit\u00e4t<\/h3>\n    <p>\n  Willst du zur Er\u00f6ffnung um 9:00 Uhr kommen, um als Erster auf der <em>Silver Star<\/em> zu sein? M\u00f6chten Sie bis zum Ladenschluss bleiben, um die Abendshow zu genie\u00dfen? Du entscheidest die Zeitpl\u00e4ne. Ihr Fahrer wartet zur vereinbarten Zeit f\u00fcr die R\u00fcckfahrt auf Sie, sodass Sie nach einem anstrengenden Tag bequem in einer klimatisierten Limousine einnicken k\u00f6nnen.   \n    <\/p>\n\n    <h2>3. Bist du von weit her gekommen, um den Park zu besuchen?<\/h2>\n    <p>\n  Viele internationale Besucher landen auf dem Weg zum Europa-Park an deutschen oder franz\u00f6sischen Flugh\u00e4fen. Die Gep\u00e4ck- und grenz\u00fcberschreitenden Verbindungen zu verwalten ist oft eine Herausforderung. \n    <\/p>\n    <p>\n  VTC Strasbourg DMD bietet eine direkte Verbindung zwischen Ihrem Ankunftsflughafen und dem Freizeitpark. Wir bedienen t\u00e4glich folgende Plattformen: \n    <\/p>\n    <ul>\n        <li><strong>Aus Baden-Baden:<\/strong> Nur 45 Minuten vom Park entfernt gelegen, ist er der ideale &#8222;Low Cost&#8220;-Flughafen. Buchen Sie Ihre <a href=\"https:\/\/vtc-strasbourg-dmd.fr\/chauffeur-prive-vtc-aeroport-baden-baden\/\">private Miete vom Flughafen Baden-Baden zum Europa-Park<\/a> f\u00fcr einen schnellen Transfer. <\/li>\n        <li><strong>Aus Frankfurt:<\/strong> F\u00fcr Langstreckenfl\u00fcge bieten wir den <a href=\"https:\/\/vtc-strasbourg-dmd.fr\/transfert-vtc-aeroport-francfort-strasbourg\/\">Transfer vom Flughafen Frankfurt<\/a> an. Nach einem langen Flug geht nichts \u00fcber den Komfort eines privaten Mercedes, um die Reise zu beenden.<\/li>\n        <li><strong>Aus Stuttgart:<\/strong> Wenn Sie in der Hauptstadt Baden-W\u00fcrttembergs landen, bringt Sie unser <a href=\"https:\/\/vtc-strasbourg-dmd.fr\/chauffeur-prive-vtc-aeroport-stuttgart\/\">Fahrdienst am Flughafen Stuttgart<\/a> direkt zu den Toren von Rulantica.<\/li>\n    <\/ul>\n\n    <h2>4. Ideal f\u00fcr Gruppen und gro\u00dfe Familien<\/h2>\n    <p>\n  Ein Ausflug zum Europa-Park wird oft mit der Familie unternommen. Zwei getrennte Taxis zu nehmen, ist teuer und erschwert die Organisation.   \n    <\/p>\n    <p>\n  Wir haben <strong>Mercedes V-Klasse Vans<\/strong> , die bis zu 7 Passagiere und deren Gep\u00e4ck aufnehmen k\u00f6nnen. Das ist die wirtschaftlichste und benutzerfreundlichste L\u00f6sung: Sie reisen alle zusammen, teilen sich die Kosten, und die gute Stimmung beginnt sofort, wenn Sie die Reise beginnen. \n    <\/p>\n\n    <div style=\"background-color: #f2f2f2; padding: 20px; border-left: 5px solid #0073e6; margin-top: 30px;\">\n        <h3>\ud83c\udfa2 Bereit f\u00fcr Abenteuer?<\/h3>\n        <p>Lass nicht zu, dass die Logistik deinen Spa\u00df verdirbt. Berechnen Sie Ihren Festpreis sofort und buchen Sie Ihren Fahrer. <\/p>\n        <p style=\"text-align: center;\">\n            <a href=\"https:\/\/vtc-strasbourg-dmd.fr\/chauffeur-prive-vtc-europa-park-strasbourg\/\" style=\"background-color: #0073e6; color: white; padding: 10px 20px; text-decoration: none; border-radius: 5px; font-weight: bold;\">Buchen Sie meine Europa-Park-Reise<\/a>\n        <\/p>\n    <\/div>\n\n<\/article>\n\n","protected":false},"excerpt":{"rendered":"<p>Jedes Jahr str\u00f6men Millionen von Besuchern nach Rust, Deutschland, um den &#8222;besten Vergn\u00fcgungspark der Welt&#8220; zu entdecken: Europa-Park und seine Rulantica-Wasserwelt. Wenn das Ziel ein Traum f\u00fcr Jung und Alt ist, kann die Reise von Elsass dorthin die Begeisterung manchmal d\u00e4mpfen. Sollten Sie den Bus nehmen (oft \u00fcberf\u00fcllt), den Zug (der in Ringsheim einen Anschluss [&hellip;]<\/p>\n","protected":false},"author":30,"featured_media":3891,"comment_status":"closed","ping_status":"open","sticky":false,"template":"","format":"standard","meta":{"site-sidebar-layout":"default","site-content-layout":"","ast-site-content-layout":"default","site-content-style":"default","site-sidebar-style":"default","ast-global-header-display":"","ast-banner-title-visibility":"","ast-main-header-display":"","ast-hfb-above-header-display":"","ast-hfb-below-header-display":"","ast-hfb-mobile-header-display":"","site-post-title":"","ast-breadcrumbs-content":"","ast-featured-img":"","footer-sml-layout":"","ast-disable-related-posts":"","theme-transparent-header-meta":"","adv-header-id-meta":"","stick-header-meta":"","header-above-stick-meta":"","header-main-stick-meta":"","header-below-stick-meta":"","astra-migrate-meta-layouts":"default","ast-page-background-enabled":"default","ast-page-background-meta":{"desktop":{"background-color":"","background-image":"","background-repeat":"repeat","background-position":"center center","background-size":"auto","background-attachment":"scroll","background-type":"","background-media":"","overlay-type":"","overlay-color":"","overlay-opacity":"","overlay-gradient":""},"tablet":{"background-color":"","background-image":"","background-repeat":"repeat","background-position":"center center","background-size":"auto","background-attachment":"scroll","background-type":"","background-media":"","overlay-type":"","overlay-color":"","overlay-opacity":"","overlay-gradient":""},"mobile":{"background-color":"","background-image":"","background-repeat":"repeat","background-position":"center center","background-size":"auto","background-attachment":"scroll","background-type":"","background-media":"","overlay-type":"","overlay-color":"","overlay-opacity":"","overlay-gradient":""}},"ast-content-background-meta":{"desktop":{"background-color":"var(--ast-global-color-5)","background-image":"","background-repeat":"repeat","background-position":"center center","background-size":"auto","background-attachment":"scroll","background-type":"","background-media":"","overlay-type":"","overlay-color":"","overlay-opacity":"","overlay-gradient":""},"tablet":{"background-color":"var(--ast-global-color-5)","background-image":"","background-repeat":"repeat","background-position":"center center","background-size":"auto","background-attachment":"scroll","background-type":"","background-media":"","overlay-type":"","overlay-color":"","overlay-opacity":"","overlay-gradient":""},"mobile":{"background-color":"var(--ast-global-color-5)","background-image":"","background-repeat":"repeat","background-position":"center center","background-size":"auto","background-attachment":"scroll","background-type":"","background-media":"","overlay-type":"","overlay-color":"","overlay-opacity":"","overlay-gradient":""}},"footnotes":""},"categories":[37],"tags":[],"class_list":["post-3886","post","type-post","status-publish","format-standard","has-post-thumbnail","hentry","category-nicht-kategorisiert"],"yoast_head":"<!-- This site is optimized with the Yoast SEO plugin v27.0 - https:\/\/yoast.com\/product\/yoast-seo-wordpress\/ -->\n<title>VTC Stra\u00dfburg nach Europa-Park: Privater Transfer &amp; Festpreis<\/title>\n<meta name=\"description\" content=\"Wie kommt man von Stra\u00dfburg aus zum Europa-Park? Vergiss den \u00fcberf\u00fcllten Bus. Buchen Sie Ihr VTC Strasbourg DMD: direkte Route, Kindersitze und Vans f\u00fcr Gruppen.\" \/>\n<meta name=\"robots\" content=\"index, follow, max-snippet:-1, max-image-preview:large, max-video-preview:-1\" \/>\n<link rel=\"canonical\" href=\"http:\/\/vtc-strasbourg-dmd.fr\/de\/von-strassburg-aus-zum-europa-park-fahren-warum-ist-der-vtc-die-beste-option\/\" \/>\n<meta property=\"og:locale\" content=\"de_DE\" \/>\n<meta property=\"og:type\" content=\"article\" \/>\n<meta property=\"og:title\" content=\"VTC Stra\u00dfburg nach Europa-Park: Privater Transfer &amp; Festpreis\" \/>\n<meta property=\"og:description\" content=\"Wie kommt man von Stra\u00dfburg aus zum Europa-Park? Vergiss den \u00fcberf\u00fcllten Bus. Buchen Sie Ihr VTC Strasbourg DMD: direkte Route, Kindersitze und Vans f\u00fcr Gruppen.\" \/>\n<meta property=\"og:url\" content=\"http:\/\/vtc-strasbourg-dmd.fr\/de\/von-strassburg-aus-zum-europa-park-fahren-warum-ist-der-vtc-die-beste-option\/\" \/>\n<meta property=\"og:site_name\" content=\"VTC Strasbourg DMD\" \/>\n<meta property=\"article:published_time\" content=\"2025-12-26T17:59:11+00:00\" \/>\n<meta property=\"article:modified_time\" content=\"2025-12-26T18:00:57+00:00\" \/>\n<meta property=\"og:image\" content=\"https:\/\/vtc-strasbourg-dmd.fr\/wp-content\/uploads\/2025\/12\/Gemini_Generated_Image_x5aavfx5aavfx5aa-1024x559.png\" \/>\n\t<meta property=\"og:image:width\" content=\"1024\" \/>\n\t<meta property=\"og:image:height\" content=\"559\" \/>\n\t<meta property=\"og:image:type\" content=\"image\/png\" \/>\n<meta name=\"author\" content=\"webobjectif\" \/>\n<meta name=\"twitter:card\" content=\"summary_large_image\" \/>\n<meta name=\"twitter:label1\" content=\"Verfasst von\" \/>\n\t<meta name=\"twitter:data1\" content=\"webobjectif\" \/>\n\t<meta name=\"twitter:label2\" content=\"Gesch\u00e4tzte Lesezeit\" \/>\n\t<meta name=\"twitter:data2\" content=\"3 Minuten\" \/>\n<script type=\"application\/ld+json\" class=\"yoast-schema-graph\">{\"@context\":\"https:\/\/schema.org\",\"@graph\":[{\"@type\":\"Article\",\"@id\":\"http:\/\/vtc-strasbourg-dmd.fr\/de\/von-strassburg-aus-zum-europa-park-fahren-warum-ist-der-vtc-die-beste-option\/#article\",\"isPartOf\":{\"@id\":\"http:\/\/vtc-strasbourg-dmd.fr\/de\/von-strassburg-aus-zum-europa-park-fahren-warum-ist-der-vtc-die-beste-option\/\"},\"author\":{\"name\":\"webobjectif\",\"@id\":\"https:\/\/vtc-strasbourg-dmd.fr\/de\/#\/schema\/person\/05759d0bf2739b605f0468a433403ac8\"},\"headline\":\"Von Stra\u00dfburg aus zum Europa-Park fahren: Warum ist der VTC die beste Option?\",\"datePublished\":\"2025-12-26T17:59:11+00:00\",\"dateModified\":\"2025-12-26T18:00:57+00:00\",\"mainEntityOfPage\":{\"@id\":\"http:\/\/vtc-strasbourg-dmd.fr\/de\/von-strassburg-aus-zum-europa-park-fahren-warum-ist-der-vtc-die-beste-option\/\"},\"wordCount\":591,\"publisher\":{\"@id\":\"https:\/\/vtc-strasbourg-dmd.fr\/de\/#organization\"},\"image\":{\"@id\":\"http:\/\/vtc-strasbourg-dmd.fr\/de\/von-strassburg-aus-zum-europa-park-fahren-warum-ist-der-vtc-die-beste-option\/#primaryimage\"},\"thumbnailUrl\":\"https:\/\/vtc-strasbourg-dmd.fr\/wp-content\/uploads\/2025\/12\/Gemini_Generated_Image_x5aavfx5aavfx5aa-scaled.png\",\"articleSection\":[\"Nicht kategorisiert\"],\"inLanguage\":\"de\"},{\"@type\":\"WebPage\",\"@id\":\"http:\/\/vtc-strasbourg-dmd.fr\/de\/von-strassburg-aus-zum-europa-park-fahren-warum-ist-der-vtc-die-beste-option\/\",\"url\":\"http:\/\/vtc-strasbourg-dmd.fr\/de\/von-strassburg-aus-zum-europa-park-fahren-warum-ist-der-vtc-die-beste-option\/\",\"name\":\"VTC Stra\u00dfburg nach Europa-Park: Privater Transfer & Festpreis\",\"isPartOf\":{\"@id\":\"https:\/\/vtc-strasbourg-dmd.fr\/de\/#website\"},\"primaryImageOfPage\":{\"@id\":\"http:\/\/vtc-strasbourg-dmd.fr\/de\/von-strassburg-aus-zum-europa-park-fahren-warum-ist-der-vtc-die-beste-option\/#primaryimage\"},\"image\":{\"@id\":\"http:\/\/vtc-strasbourg-dmd.fr\/de\/von-strassburg-aus-zum-europa-park-fahren-warum-ist-der-vtc-die-beste-option\/#primaryimage\"},\"thumbnailUrl\":\"https:\/\/vtc-strasbourg-dmd.fr\/wp-content\/uploads\/2025\/12\/Gemini_Generated_Image_x5aavfx5aavfx5aa-scaled.png\",\"datePublished\":\"2025-12-26T17:59:11+00:00\",\"dateModified\":\"2025-12-26T18:00:57+00:00\",\"description\":\"Wie kommt man von Stra\u00dfburg aus zum Europa-Park? Vergiss den \u00fcberf\u00fcllten Bus. Buchen Sie Ihr VTC Strasbourg DMD: direkte Route, Kindersitze und Vans f\u00fcr Gruppen.\",\"breadcrumb\":{\"@id\":\"http:\/\/vtc-strasbourg-dmd.fr\/de\/von-strassburg-aus-zum-europa-park-fahren-warum-ist-der-vtc-die-beste-option\/#breadcrumb\"},\"inLanguage\":\"de\",\"potentialAction\":[{\"@type\":\"ReadAction\",\"target\":[\"http:\/\/vtc-strasbourg-dmd.fr\/de\/von-strassburg-aus-zum-europa-park-fahren-warum-ist-der-vtc-die-beste-option\/\"]}]},{\"@type\":\"ImageObject\",\"inLanguage\":\"de\",\"@id\":\"http:\/\/vtc-strasbourg-dmd.fr\/de\/von-strassburg-aus-zum-europa-park-fahren-warum-ist-der-vtc-die-beste-option\/#primaryimage\",\"url\":\"https:\/\/vtc-strasbourg-dmd.fr\/wp-content\/uploads\/2025\/12\/Gemini_Generated_Image_x5aavfx5aavfx5aa-scaled.png\",\"contentUrl\":\"https:\/\/vtc-strasbourg-dmd.fr\/wp-content\/uploads\/2025\/12\/Gemini_Generated_Image_x5aavfx5aavfx5aa-scaled.png\",\"width\":2560,\"height\":1396,\"caption\":\"VTC Stra\u00dfburg DMD transfert Europa Park\"},{\"@type\":\"BreadcrumbList\",\"@id\":\"http:\/\/vtc-strasbourg-dmd.fr\/de\/von-strassburg-aus-zum-europa-park-fahren-warum-ist-der-vtc-die-beste-option\/#breadcrumb\",\"itemListElement\":[{\"@type\":\"ListItem\",\"position\":1,\"name\":\"Accueil\",\"item\":\"https:\/\/vtc-strasbourg-dmd.fr\/de\/\"},{\"@type\":\"ListItem\",\"position\":2,\"name\":\"Von Stra\u00dfburg aus zum Europa-Park fahren: Warum ist der VTC die beste Option?\"}]},{\"@type\":\"WebSite\",\"@id\":\"https:\/\/vtc-strasbourg-dmd.fr\/de\/#website\",\"url\":\"https:\/\/vtc-strasbourg-dmd.fr\/de\/\",\"name\":\"VTC Strasbourg DMD\",\"description\":\"Chauffeur VTC Strasbourg\",\"publisher\":{\"@id\":\"https:\/\/vtc-strasbourg-dmd.fr\/de\/#organization\"},\"potentialAction\":[{\"@type\":\"SearchAction\",\"target\":{\"@type\":\"EntryPoint\",\"urlTemplate\":\"https:\/\/vtc-strasbourg-dmd.fr\/de\/?s={search_term_string}\"},\"query-input\":{\"@type\":\"PropertyValueSpecification\",\"valueRequired\":true,\"valueName\":\"search_term_string\"}}],\"inLanguage\":\"de\"},{\"@type\":\"Organization\",\"@id\":\"https:\/\/vtc-strasbourg-dmd.fr\/de\/#organization\",\"name\":\"VTC Strasbourg DMD\",\"url\":\"https:\/\/vtc-strasbourg-dmd.fr\/de\/\",\"logo\":{\"@type\":\"ImageObject\",\"inLanguage\":\"de\",\"@id\":\"https:\/\/vtc-strasbourg-dmd.fr\/de\/#\/schema\/logo\/image\/\",\"url\":\"https:\/\/vtc-strasbourg-dmd.fr\/wp-content\/uploads\/2025\/05\/cropped-LOGO-DRIVE-ME-DRIVER-scaled-1.png\",\"contentUrl\":\"https:\/\/vtc-strasbourg-dmd.fr\/wp-content\/uploads\/2025\/05\/cropped-LOGO-DRIVE-ME-DRIVER-scaled-1.png\",\"width\":2557,\"height\":854,\"caption\":\"VTC Strasbourg DMD\"},\"image\":{\"@id\":\"https:\/\/vtc-strasbourg-dmd.fr\/de\/#\/schema\/logo\/image\/\"}},{\"@type\":\"Person\",\"@id\":\"https:\/\/vtc-strasbourg-dmd.fr\/de\/#\/schema\/person\/05759d0bf2739b605f0468a433403ac8\",\"name\":\"webobjectif\",\"image\":{\"@type\":\"ImageObject\",\"inLanguage\":\"de\",\"@id\":\"https:\/\/vtc-strasbourg-dmd.fr\/de\/#\/schema\/person\/image\/\",\"url\":\"https:\/\/secure.gravatar.com\/avatar\/ded9b907d1e5d4636440a16a54bd4369b408da9239d8ac948266d8c09fa8936b?s=96&d=mm&r=g\",\"contentUrl\":\"https:\/\/secure.gravatar.com\/avatar\/ded9b907d1e5d4636440a16a54bd4369b408da9239d8ac948266d8c09fa8936b?s=96&d=mm&r=g\",\"caption\":\"webobjectif\"},\"url\":\"http:\/\/vtc-strasbourg-dmd.fr\/de\/author\/webobjectif\/\"}]}<\/script>\n<!-- \/ Yoast SEO plugin. -->","yoast_head_json":{"title":"VTC Stra\u00dfburg nach Europa-Park: Privater Transfer & Festpreis","description":"Wie kommt man von Stra\u00dfburg aus zum Europa-Park? Vergiss den \u00fcberf\u00fcllten Bus. Buchen Sie Ihr VTC Strasbourg DMD: direkte Route, Kindersitze und Vans f\u00fcr Gruppen.","robots":{"index":"index","follow":"follow","max-snippet":"max-snippet:-1","max-image-preview":"max-image-preview:large","max-video-preview":"max-video-preview:-1"},"canonical":"http:\/\/vtc-strasbourg-dmd.fr\/de\/von-strassburg-aus-zum-europa-park-fahren-warum-ist-der-vtc-die-beste-option\/","og_locale":"de_DE","og_type":"article","og_title":"VTC Stra\u00dfburg nach Europa-Park: Privater Transfer & Festpreis","og_description":"Wie kommt man von Stra\u00dfburg aus zum Europa-Park? Vergiss den \u00fcberf\u00fcllten Bus. Buchen Sie Ihr VTC Strasbourg DMD: direkte Route, Kindersitze und Vans f\u00fcr Gruppen.","og_url":"http:\/\/vtc-strasbourg-dmd.fr\/de\/von-strassburg-aus-zum-europa-park-fahren-warum-ist-der-vtc-die-beste-option\/","og_site_name":"VTC Strasbourg DMD","article_published_time":"2025-12-26T17:59:11+00:00","article_modified_time":"2025-12-26T18:00:57+00:00","og_image":[{"width":1024,"height":559,"url":"https:\/\/vtc-strasbourg-dmd.fr\/wp-content\/uploads\/2025\/12\/Gemini_Generated_Image_x5aavfx5aavfx5aa-1024x559.png","type":"image\/png"}],"author":"webobjectif","twitter_card":"summary_large_image","twitter_misc":{"Verfasst von":"webobjectif","Gesch\u00e4tzte Lesezeit":"3 Minuten"},"schema":{"@context":"https:\/\/schema.org","@graph":[{"@type":"Article","@id":"http:\/\/vtc-strasbourg-dmd.fr\/de\/von-strassburg-aus-zum-europa-park-fahren-warum-ist-der-vtc-die-beste-option\/#article","isPartOf":{"@id":"http:\/\/vtc-strasbourg-dmd.fr\/de\/von-strassburg-aus-zum-europa-park-fahren-warum-ist-der-vtc-die-beste-option\/"},"author":{"name":"webobjectif","@id":"https:\/\/vtc-strasbourg-dmd.fr\/de\/#\/schema\/person\/05759d0bf2739b605f0468a433403ac8"},"headline":"Von Stra\u00dfburg aus zum Europa-Park fahren: Warum ist der VTC die beste Option?","datePublished":"2025-12-26T17:59:11+00:00","dateModified":"2025-12-26T18:00:57+00:00","mainEntityOfPage":{"@id":"http:\/\/vtc-strasbourg-dmd.fr\/de\/von-strassburg-aus-zum-europa-park-fahren-warum-ist-der-vtc-die-beste-option\/"},"wordCount":591,"publisher":{"@id":"https:\/\/vtc-strasbourg-dmd.fr\/de\/#organization"},"image":{"@id":"http:\/\/vtc-strasbourg-dmd.fr\/de\/von-strassburg-aus-zum-europa-park-fahren-warum-ist-der-vtc-die-beste-option\/#primaryimage"},"thumbnailUrl":"https:\/\/vtc-strasbourg-dmd.fr\/wp-content\/uploads\/2025\/12\/Gemini_Generated_Image_x5aavfx5aavfx5aa-scaled.png","articleSection":["Nicht kategorisiert"],"inLanguage":"de"},{"@type":"WebPage","@id":"http:\/\/vtc-strasbourg-dmd.fr\/de\/von-strassburg-aus-zum-europa-park-fahren-warum-ist-der-vtc-die-beste-option\/","url":"http:\/\/vtc-strasbourg-dmd.fr\/de\/von-strassburg-aus-zum-europa-park-fahren-warum-ist-der-vtc-die-beste-option\/","name":"VTC Stra\u00dfburg nach Europa-Park: Privater Transfer & Festpreis","isPartOf":{"@id":"https:\/\/vtc-strasbourg-dmd.fr\/de\/#website"},"primaryImageOfPage":{"@id":"http:\/\/vtc-strasbourg-dmd.fr\/de\/von-strassburg-aus-zum-europa-park-fahren-warum-ist-der-vtc-die-beste-option\/#primaryimage"},"image":{"@id":"http:\/\/vtc-strasbourg-dmd.fr\/de\/von-strassburg-aus-zum-europa-park-fahren-warum-ist-der-vtc-die-beste-option\/#primaryimage"},"thumbnailUrl":"https:\/\/vtc-strasbourg-dmd.fr\/wp-content\/uploads\/2025\/12\/Gemini_Generated_Image_x5aavfx5aavfx5aa-scaled.png","datePublished":"2025-12-26T17:59:11+00:00","dateModified":"2025-12-26T18:00:57+00:00","description":"Wie kommt man von Stra\u00dfburg aus zum Europa-Park? Vergiss den \u00fcberf\u00fcllten Bus. Buchen Sie Ihr VTC Strasbourg DMD: direkte Route, Kindersitze und Vans f\u00fcr Gruppen.","breadcrumb":{"@id":"http:\/\/vtc-strasbourg-dmd.fr\/de\/von-strassburg-aus-zum-europa-park-fahren-warum-ist-der-vtc-die-beste-option\/#breadcrumb"},"inLanguage":"de","potentialAction":[{"@type":"ReadAction","target":["http:\/\/vtc-strasbourg-dmd.fr\/de\/von-strassburg-aus-zum-europa-park-fahren-warum-ist-der-vtc-die-beste-option\/"]}]},{"@type":"ImageObject","inLanguage":"de","@id":"http:\/\/vtc-strasbourg-dmd.fr\/de\/von-strassburg-aus-zum-europa-park-fahren-warum-ist-der-vtc-die-beste-option\/#primaryimage","url":"https:\/\/vtc-strasbourg-dmd.fr\/wp-content\/uploads\/2025\/12\/Gemini_Generated_Image_x5aavfx5aavfx5aa-scaled.png","contentUrl":"https:\/\/vtc-strasbourg-dmd.fr\/wp-content\/uploads\/2025\/12\/Gemini_Generated_Image_x5aavfx5aavfx5aa-scaled.png","width":2560,"height":1396,"caption":"VTC Stra\u00dfburg DMD transfert Europa Park"},{"@type":"BreadcrumbList","@id":"http:\/\/vtc-strasbourg-dmd.fr\/de\/von-strassburg-aus-zum-europa-park-fahren-warum-ist-der-vtc-die-beste-option\/#breadcrumb","itemListElement":[{"@type":"ListItem","position":1,"name":"Accueil","item":"https:\/\/vtc-strasbourg-dmd.fr\/de\/"},{"@type":"ListItem","position":2,"name":"Von Stra\u00dfburg aus zum Europa-Park fahren: Warum ist der VTC die beste Option?"}]},{"@type":"WebSite","@id":"https:\/\/vtc-strasbourg-dmd.fr\/de\/#website","url":"https:\/\/vtc-strasbourg-dmd.fr\/de\/","name":"VTC Strasbourg DMD","description":"Chauffeur VTC Strasbourg","publisher":{"@id":"https:\/\/vtc-strasbourg-dmd.fr\/de\/#organization"},"potentialAction":[{"@type":"SearchAction","target":{"@type":"EntryPoint","urlTemplate":"https:\/\/vtc-strasbourg-dmd.fr\/de\/?s={search_term_string}"},"query-input":{"@type":"PropertyValueSpecification","valueRequired":true,"valueName":"search_term_string"}}],"inLanguage":"de"},{"@type":"Organization","@id":"https:\/\/vtc-strasbourg-dmd.fr\/de\/#organization","name":"VTC Strasbourg DMD","url":"https:\/\/vtc-strasbourg-dmd.fr\/de\/","logo":{"@type":"ImageObject","inLanguage":"de","@id":"https:\/\/vtc-strasbourg-dmd.fr\/de\/#\/schema\/logo\/image\/","url":"https:\/\/vtc-strasbourg-dmd.fr\/wp-content\/uploads\/2025\/05\/cropped-LOGO-DRIVE-ME-DRIVER-scaled-1.png","contentUrl":"https:\/\/vtc-strasbourg-dmd.fr\/wp-content\/uploads\/2025\/05\/cropped-LOGO-DRIVE-ME-DRIVER-scaled-1.png","width":2557,"height":854,"caption":"VTC Strasbourg DMD"},"image":{"@id":"https:\/\/vtc-strasbourg-dmd.fr\/de\/#\/schema\/logo\/image\/"}},{"@type":"Person","@id":"https:\/\/vtc-strasbourg-dmd.fr\/de\/#\/schema\/person\/05759d0bf2739b605f0468a433403ac8","name":"webobjectif","image":{"@type":"ImageObject","inLanguage":"de","@id":"https:\/\/vtc-strasbourg-dmd.fr\/de\/#\/schema\/person\/image\/","url":"https:\/\/secure.gravatar.com\/avatar\/ded9b907d1e5d4636440a16a54bd4369b408da9239d8ac948266d8c09fa8936b?s=96&d=mm&r=g","contentUrl":"https:\/\/secure.gravatar.com\/avatar\/ded9b907d1e5d4636440a16a54bd4369b408da9239d8ac948266d8c09fa8936b?s=96&d=mm&r=g","caption":"webobjectif"},"url":"http:\/\/vtc-strasbourg-dmd.fr\/de\/author\/webobjectif\/"}]}},"_links":{"self":[{"href":"http:\/\/vtc-strasbourg-dmd.fr\/de\/wp-json\/wp\/v2\/posts\/3886","targetHints":{"allow":["GET"]}}],"collection":[{"href":"http:\/\/vtc-strasbourg-dmd.fr\/de\/wp-json\/wp\/v2\/posts"}],"about":[{"href":"http:\/\/vtc-strasbourg-dmd.fr\/de\/wp-json\/wp\/v2\/types\/post"}],"author":[{"embeddable":true,"href":"http:\/\/vtc-strasbourg-dmd.fr\/de\/wp-json\/wp\/v2\/users\/30"}],"replies":[{"embeddable":true,"href":"http:\/\/vtc-strasbourg-dmd.fr\/de\/wp-json\/wp\/v2\/comments?post=3886"}],"version-history":[{"count":4,"href":"http:\/\/vtc-strasbourg-dmd.fr\/de\/wp-json\/wp\/v2\/posts\/3886\/revisions"}],"predecessor-version":[{"id":3893,"href":"http:\/\/vtc-strasbourg-dmd.fr\/de\/wp-json\/wp\/v2\/posts\/3886\/revisions\/3893"}],"wp:featuredmedia":[{"embeddable":true,"href":"http:\/\/vtc-strasbourg-dmd.fr\/de\/wp-json\/wp\/v2\/media\/3891"}],"wp:attachment":[{"href":"http:\/\/vtc-strasbourg-dmd.fr\/de\/wp-json\/wp\/v2\/media?parent=3886"}],"wp:term":[{"taxonomy":"category","embeddable":true,"href":"http:\/\/vtc-strasbourg-dmd.fr\/de\/wp-json\/wp\/v2\/categories?post=3886"},{"taxonomy":"post_tag","embeddable":true,"href":"http:\/\/vtc-strasbourg-dmd.fr\/de\/wp-json\/wp\/v2\/tags?post=3886"}],"curies":[{"name":"wp","href":"https:\/\/api.w.org\/{rel}","templated":true}]}}