{"id":3721,"date":"2025-12-11T16:38:49","date_gmt":"2025-12-11T15:38:49","guid":{"rendered":"https:\/\/vtc-strasbourg-dmd.fr\/vtc-strassburg-nach-basel-mulhouse-euroairport-privater-und-komfortabler-flughafen-shuttle-vtc-dmd\/"},"modified":"2025-12-11T17:53:06","modified_gmt":"2025-12-11T16:53:06","slug":"vtc-strassburg-nach-basel-mulhouse-euroairport-privater-und-komfortabler-flughafen-shuttle-vtc-dmd","status":"publish","type":"post","link":"http:\/\/vtc-strasbourg-dmd.fr\/de\/vtc-strassburg-nach-basel-mulhouse-euroairport-privater-und-komfortabler-flughafen-shuttle-vtc-dmd\/","title":{"rendered":"VTC Stra\u00dfburg nach Basel-Mulhouse (EuroAirport): Privater und komfortabler Flughafen-Shuttle \u2013 VTC DMD"},"content":{"rendered":"\n<p>Der EuroAirport Basel-Mulhouse-Freiburg (BSL\/MLH) ist eine unverzichtbare Plattform f\u00fcr els\u00e4ssische Reisende. Mit seinen zahlreichen Billigfluggesellschaften (EasyJet, Wizz Air) und internationalen Verbindungen bietet es oft mehr Optionen als der Flughafen Entzheim. F\u00fcr die <strong>Menschen in Stra\u00dfburg bleibt jedoch eine gro\u00dfe Herausforderung: Es liegt etwa 130 km s\u00fcdlich von Stra\u00dfburg.<\/strong>  <\/p>\n\n<p>Wie kommt man fr\u00fchmorgens oder sp\u00e4t abends mit sperrigem Gep\u00e4ck zu diesem Flughafen? Der Zug erfordert erm\u00fcdende Verbindungen, und das Auto auf dem Flughafenparkplatz stehen zu lassen, kostet ein Verm\u00f6gen. Die bevorzugte L\u00f6sung f\u00fcr kluge Reisende und Fachleute ist der <g id=\"gid_0\">VTC-Transfer \u00fcber gro\u00dfe Entfernungen<\/g>. Erfahren Sie, warum die Wahl des <strong>VTC Strasbourg DMD<\/strong> f\u00fcr Ihre Stra\u00dfburg \u2013 Basel Route die beste Investition f\u00fcr Ihr Gef\u00fchl ist.   <\/p>\n\n<a href=\"https:\/\/vtc-strasbourg-dmd.fr\/chauffeur-prive-vtc-aeroport-entzheim-strasbourg\/\">Entdecken Sie unsere weiteren Flughafentransfers aus Stra\u00dfburg<\/a> |\n<a href=\"https:\/\/vtc-strasbourg-dmd.fr\/chauffeur-prive-vtc-pour-les-evenements-dentreprise-strasbourg\/\">Unsere ma\u00dfgeschneiderten VTC-L\u00f6sungen f\u00fcr Fachleute<\/a> |\n<a href=\"https:\/\/vtc-strasbourg-dmd.fr\/de\/\">Buchen Sie online ein Fahrzeug aus unserer Flotte komfortabler VTC-Fahrzeuge<\/a>\n\n<hr class=\"wp-block-separator has-alpha-channel-opacity\"\/>\n\n<h2 class=\"wp-block-heading\">1. Der Komfort des &#8222;Door-to-Terminal&#8220; (Zero Transfers)<\/h2>\n\n<p>Dies ist der absolute Vorteil des VTC gegen\u00fcber allen anderen Verkehrsmitteln. Wenn Sie sich f\u00fcr den Zug (TER Alsace) entscheiden, sieht Ihre Reise wie ein Hindernisparcours aus: <\/p>\n\n<ul class=\"wp-block-list\">\n<li>Fahrt von zu Hause zum Stra\u00dfburger Bahnhof &gt; (Stra\u00dfenbahn oder Taxi).<\/li>\n\n\n\n<li>Zug Stra\u00dfburg \u2013 &gt; Bahnhof Saint-Louis (etwa 50 Minuten bis 1 Stunde 10 Minuten, oft steht man w\u00e4hrend der Hauptverkehrszeit).<\/li>\n\n\n\n<li>Shuttlebus &gt; Flughafen (wartet in der Kalte, beladen Koffer im Frachtraum).<\/li>\n<\/ul>\n\n<p>Mit <strong>VTC Strasbourg DMD<\/strong> ist das Szenario anders. Ihr Fahrer holt Sie am Fu\u00df Ihres Geb\u00e4udes oder vor Ihrem Hotel in Stra\u00dfburg ab. Er l\u00e4dt deine Koffer. Du sitzt hinten.     <strong>Der n\u00e4chste Halt? Dies ist das Abflugterminal des EuroAirport. <\/strong><\/p>\n\n<p>W\u00e4hrend der Fahrt von 1:15 bis 1:30 Uhr (je nach Verkehr) k\u00f6nnen Sie schlafen, arbeiten oder einfach die Landschaft der Elsassebene bewundern, ohne jemals auf Ihr Gep\u00e4ck achten oder zu einem Anschluss rennen zu m\u00fcssen.<\/p>\n\n<h2 class=\"wp-block-heading\">2. Volle Transparenz bei den Preisen (Festplan)<\/h2>\n\n<p>130 Kilometer in einem herk\u00f6mmlichen Taxi mit laufendem Tachometer zu fahren, kann eine Quelle finanzieller Sorgen sein. Ein Stau in der N\u00e4he von Colmar oder Arbeit an der A35, und die Endrechnung steigt in die H\u00f6he. <\/p>\n\n<p><strong>\u2705 Die DMD-Garantie:<\/strong><br\/>F\u00fcr Fernfahrten wie Stra\u00dfburg \u2013 Basel Mulhouse erheben wir einen im <strong>Voraus festgelegten Pauschaltarif<\/strong>.<\/p>\n\n<p>Wenn Sie online oder telefonisch buchen, ist der bekanntgegebene Preis der Endpreis. Es umfasst: <\/p>\n\n<ul class=\"wp-block-list\">\n<li>Der Anflug des Fahrers.<\/li>\n\n\n\n<li>Treibstoff und m\u00f6gliche Mautgeb\u00fchren.<\/li>\n\n\n\n<li>Reisezeit, unabh\u00e4ngig von Verkehrsgefahren.<\/li>\n\n\n\n<li>Gep\u00e4ckabfertigung.<\/li>\n<\/ul>\n\n<h2 class=\"wp-block-heading\">3. Ideal f\u00fcr fr\u00fche oder sp\u00e4te Fl\u00fcge<\/h2>\n\n<p>Viele Billigfl\u00fcge aus Basel starten sehr fr\u00fch (6:00 Uhr) oder landen sehr sp\u00e4t (23:00 Uhr).<\/p>\n\n<p>Zu diesen extremen Zeiten:<\/p>\n\n<ul class=\"wp-block-list\">\n<li>Die ersten Z\u00fcge sind noch nicht abgefahren oder die letzten sind bereits vorbeigefahren.<\/li>\n\n\n\n<li>Shuttlebusse fahren seltener.<\/li>\n\n\n\n<li>Einen geliebten Menschen mitten in der Nacht eine 2:30-Stunden-Hin- und R\u00fcckfahrt zu bitten, ist schwierig.<\/li>\n<\/ul>\n\n<p>Unsere VTC-Fahrer sind <strong>rund um die Uhr nach Reservierung<\/strong> verf\u00fcgbar. Wir holen Sie um 3:00 Uhr morgens in Stra\u00dfburg ab und setzen Sie p\u00fcnktlich um 4:30 Uhr vor Ihrer Abflughalle ab. Ihre P\u00fcnktlichkeit hat f\u00fcr uns Priorit\u00e4t, denn wir wissen, dass ein Flugzeug nicht wartet.  <\/p>\n\n<hr class=\"wp-block-separator has-alpha-channel-opacity\"\/>\n\n<h2 class=\"wp-block-heading\">4. Business Class auf der Autobahn reisen<\/h2>\n\n<p>Der Umstieg von Stra\u00dfburg nach Basel ist lang genug, damit der Komfort des Fahrzeugs ein entscheidender Faktor ist. Vergiss die steifen Sitze des TER. <\/p>\n\n<p>Die <strong>Stra\u00dfburger DMD VTC-Flotte<\/strong> besteht aus neueren Fahrzeugen (Mercedes E-Klasse Limousinen oder V-Klasse Vans). An Bord ist alles auf Ihr Wohlbefinden ausgelegt: <\/p>\n\n<ul class=\"wp-block-list\">\n<li><strong>Zweizonen-Klimaanlage:<\/strong> Stellen Sie die Temperatur nach Ihrem Geschmack ein.<\/li>\n\n\n\n<li><strong>Konnektivit\u00e4t:<\/strong> USB-Ladeger\u00e4te und Kabel sind verf\u00fcgbar, um mit einem 100 % geladenen Handy am Flughafen anzukommen.<\/li>\n\n\n\n<li><strong>Erfrischungen:<\/strong> Wasserflaschen sind verf\u00fcgbar.<\/li>\n\n\n\n<li><strong>Musik oder Stille:<\/strong> Du w\u00e4hlst die Klanglandschaft aus.<\/li>\n<\/ul>\n\n<h2 class=\"wp-block-heading\">5. Vergleich: VTC vs. Privatwagen (Parken)<\/h2>\n\n<p>Manche Reisende sind z\u00f6gerlich, ihr eigenes Auto mitzunehmen. Rechnen wir es f\u00fcr eine einw\u00f6chige Reise aus. <\/p>\n\n<figure class=\"wp-block-table\"><table class=\"has-fixed-layout\"><thead><tr><th>Kriterien<\/th><th>Privatauto + Parken<\/th><th>VTC Strasbourg DMD<\/th><\/tr><\/thead><tbody><tr><td><strong>Kraftstoffkosten<\/strong><\/td><td>Ca. 30-40\u20ac (Hin- und R\u00fcckfahrt)<\/td><td>Inklusive<\/td><\/tr><tr><td><strong>Parkkosten (1 Woche)<\/strong><\/td><td>80\u20ac bis 150\u20ac (je nach N\u00e4he)<\/td><td>0\u20ac<\/td><\/tr><tr><td><strong>Fahrzeugverschlei\u00df<\/strong><\/td><td>260 km Abnutzung<\/td><td>0 km<\/td><\/tr><tr><td><strong>Erm\u00fcdung<\/strong><\/td><td>Auf dem R\u00fcckweg fahren (oft nachts)<\/td><td>Totale Ruhe (Nickerchen m\u00f6glich)<\/td><\/tr><tr><td><strong>Sicherheit<\/strong><\/td><td>Risiko von Diebstahl\/Kratzern auf dem Parkplatz<\/td><td>Kein Risiko<\/td><\/tr><\/tbody><\/table><\/figure>\n\n<p><strong>Urteilsspruch:<\/strong> F\u00fcr mittellange und langfristige Fahrten ist der VTC oft wirtschaftlich wettbewerbsf\u00e4hig und beseitigt dabei die Erm\u00fcdung des Fahrens nach einem langen Flug vollst\u00e4ndig.<\/p>\n\n<hr class=\"wp-block-separator has-alpha-channel-opacity\"\/>\n\n<h2 class=\"wp-block-heading\">6. Ankunft in Basel-Mulhouse: Wie bew\u00e4ltigen wir Ihre R\u00fcckkehr?<\/h2>\n\n<p>Die R\u00fcckkehr ist oft der kritischste Moment. Du bist m\u00fcde, du kannst es kaum erwarten, nach Stra\u00dfburg zur\u00fcckzukehren. <\/p>\n\n<p>EuroAirport hat die Besonderheit, ein binationaler Flughafen zu sein (Frankreich-Sektor und Schweizer Sektor). Mit <strong>VTC Stra\u00dfburg DMD<\/strong> ist alles klar: <\/p>\n\n<ol class=\"wp-block-list\">\n<li><strong>Flugverfolgung:<\/strong> Gib uns deine Flugnummer. Wenn das Flugzeug versp\u00e4tet ist, wissen wir es und passen die Ankunft des Fahrers an. Kein Stress, keine Wartezeiten wegen Flugversp\u00e4tungen.  <\/li>\n\n\n\n<li><strong>Treffpunkt:<\/strong> Wir warten normalerweise auf der <strong>Frankreich-Sektorseite (Ankunftsausgang)<\/strong> mit einem Namensschild. Du musst nicht durch den Schweizer Zoll gehen. <\/li>\n\n\n\n<li><strong>Expressr\u00fcckkehr:<\/strong> Sobald du aussteigst, bist du im Auto. Auf dem Heimweg. <\/li>\n<\/ol>\n\n<h2 class=\"wp-block-heading\">7. FAQ \u2013 Transfer Stra\u00dfburg \/ Basel M\u00fclhaus<\/h2>\n\n<h3 class=\"wp-block-heading\">Wie lange sollte ich die Reise planen?<\/h3>\n\n<p>Unter normalen Bedingungen dauert die Fahrt etwa 1 Stunde 15 Minuten bis 1 Stunde 20 Minuten. Allerdings kann die A35-Autobahn morgens in Richtung Colmar und Mulhouse stark frequentiert sein. Wir raten Ihnen immer, eine zus\u00e4tzliche Sicherheitsmarge von 30 Minuten einzuplanen. Bei der Buchung informieren wir Sie \u00fcber die ideale Abfahrtszeit.   <\/p>\n\n<h3 class=\"wp-block-heading\">Nimmst du Skier oder gro\u00dfes Gep\u00e4ck an?<\/h3>\n\n<p>Ja! Das ist der Vorteil unserer <strong>VTC-Vans<\/strong>. Wenn du mit viel Ausr\u00fcstung Skifahren oder Expeditionen machst, erw\u00e4hne das bitte bei der Buchung. Unsere ger\u00e4umigen Fahrzeuge bieten Platz f\u00fcr bis zu 7 Fahrg\u00e4ste und deren sperrige Ausstattung, was bei einer Standardlimousine unm\u00f6glich ist.   <\/p>\n\n<h3 class=\"wp-block-heading\">Bieten Sie Babysitze f\u00fcr diese lange Reise an?<\/h3>\n\n<p>Die Sicherheit der Kinder steht besonders auf einer 130 km langen Autobahnfahrt an erster Stelle. Wir bieten kostenlose Kindersitze und Sitzerh\u00f6hungen an, die den Sicherheitsstandards entsprechen. Bitte geben Sie beim Bestellen das Alter der Kinder an.  <\/p>\n\n<hr class=\"wp-block-separator has-alpha-channel-opacity\"\/>\n\n<h2 class=\"wp-block-heading\">Bereit zum Abflug?<\/h2>\n\n<p>Lassen Sie nicht zu, dass die Logistik Ihren Urlaub oder Ihre Gesch\u00e4ftsreise ruiniert. Buchen Sie jetzt Ihren privaten Fahrer f\u00fcr Basel-M\u00fclhaus.   <a href=\"https:\/\/vtc-strasbourg-dmd.fr\/de\/\">Sch\u00e4tzen Sie meinen Preis und buchen Sie<\/a><\/p>\n\n<p>Schnelle Reaktion und sofortige Best\u00e4tigung<\/p>\n","protected":false},"excerpt":{"rendered":"<p>Der EuroAirport Basel-Mulhouse-Freiburg (BSL\/MLH) ist eine unverzichtbare Plattform f\u00fcr els\u00e4ssische Reisende. Mit seinen zahlreichen Billigfluggesellschaften (EasyJet, Wizz Air) und internationalen Verbindungen bietet es oft mehr Optionen als der Flughafen Entzheim. F\u00fcr die Menschen in Stra\u00dfburg bleibt jedoch eine gro\u00dfe Herausforderung: Es liegt etwa 130 km s\u00fcdlich von Stra\u00dfburg. Wie kommt man fr\u00fchmorgens oder sp\u00e4t abends [&hellip;]<\/p>\n","protected":false},"author":30,"featured_media":3730,"comment_status":"closed","ping_status":"open","sticky":false,"template":"","format":"standard","meta":{"site-sidebar-layout":"default","site-content-layout":"","ast-site-content-layout":"default","site-content-style":"default","site-sidebar-style":"default","ast-global-header-display":"","ast-banner-title-visibility":"","ast-main-header-display":"","ast-hfb-above-header-display":"","ast-hfb-below-header-display":"","ast-hfb-mobile-header-display":"","site-post-title":"","ast-breadcrumbs-content":"","ast-featured-img":"","footer-sml-layout":"","ast-disable-related-posts":"","theme-transparent-header-meta":"","adv-header-id-meta":"","stick-header-meta":"","header-above-stick-meta":"","header-main-stick-meta":"","header-below-stick-meta":"","astra-migrate-meta-layouts":"default","ast-page-background-enabled":"default","ast-page-background-meta":{"desktop":{"background-color":"","background-image":"","background-repeat":"repeat","background-position":"center center","background-size":"auto","background-attachment":"scroll","background-type":"","background-media":"","overlay-type":"","overlay-color":"","overlay-opacity":"","overlay-gradient":""},"tablet":{"background-color":"","background-image":"","background-repeat":"repeat","background-position":"center center","background-size":"auto","background-attachment":"scroll","background-type":"","background-media":"","overlay-type":"","overlay-color":"","overlay-opacity":"","overlay-gradient":""},"mobile":{"background-color":"","background-image":"","background-repeat":"repeat","background-position":"center center","background-size":"auto","background-attachment":"scroll","background-type":"","background-media":"","overlay-type":"","overlay-color":"","overlay-opacity":"","overlay-gradient":""}},"ast-content-background-meta":{"desktop":{"background-color":"var(--ast-global-color-5)","background-image":"","background-repeat":"repeat","background-position":"center center","background-size":"auto","background-attachment":"scroll","background-type":"","background-media":"","overlay-type":"","overlay-color":"","overlay-opacity":"","overlay-gradient":""},"tablet":{"background-color":"var(--ast-global-color-5)","background-image":"","background-repeat":"repeat","background-position":"center center","background-size":"auto","background-attachment":"scroll","background-type":"","background-media":"","overlay-type":"","overlay-color":"","overlay-opacity":"","overlay-gradient":""},"mobile":{"background-color":"var(--ast-global-color-5)","background-image":"","background-repeat":"repeat","background-position":"center center","background-size":"auto","background-attachment":"scroll","background-type":"","background-media":"","overlay-type":"","overlay-color":"","overlay-opacity":"","overlay-gradient":""}},"footnotes":""},"categories":[37],"tags":[],"class_list":["post-3721","post","type-post","status-publish","format-standard","has-post-thumbnail","hentry","category-nicht-kategorisiert"],"yoast_head":"<!-- This site is optimized with the Yoast SEO plugin v27.0 - https:\/\/yoast.com\/product\/yoast-seo-wordpress\/ -->\n<title>VTC Stra\u00dfburg nach Basel-Mulhouse: Flughafen-Shuttle<\/title>\n<meta name=\"description\" content=\"Ben\u00f6tigen Sie einen Umstieg zwischen Stra\u00dfburg und dem Flughafen Basel-Mulhouse (EuroAirport)? Meide den Zug und seine Verbindungen. Entscheiden Sie sich f\u00fcr den Komfort eines Stra\u00dfburger DMD VTC-Fahrers.\" \/>\n<meta name=\"robots\" content=\"index, follow, max-snippet:-1, max-image-preview:large, max-video-preview:-1\" \/>\n<link rel=\"canonical\" href=\"http:\/\/vtc-strasbourg-dmd.fr\/de\/vtc-strassburg-nach-basel-mulhouse-euroairport-privater-und-komfortabler-flughafen-shuttle-vtc-dmd\/\" \/>\n<meta property=\"og:locale\" content=\"de_DE\" \/>\n<meta property=\"og:type\" content=\"article\" \/>\n<meta property=\"og:title\" content=\"VTC Stra\u00dfburg nach Basel-Mulhouse: Flughafen-Shuttle\" \/>\n<meta property=\"og:description\" content=\"Ben\u00f6tigen Sie einen Umstieg zwischen Stra\u00dfburg und dem Flughafen Basel-Mulhouse (EuroAirport)? Meide den Zug und seine Verbindungen. Entscheiden Sie sich f\u00fcr den Komfort eines Stra\u00dfburger DMD VTC-Fahrers.\" \/>\n<meta property=\"og:url\" content=\"http:\/\/vtc-strasbourg-dmd.fr\/de\/vtc-strassburg-nach-basel-mulhouse-euroairport-privater-und-komfortabler-flughafen-shuttle-vtc-dmd\/\" \/>\n<meta property=\"og:site_name\" content=\"VTC Strasbourg DMD\" \/>\n<meta property=\"article:published_time\" content=\"2025-12-11T15:38:49+00:00\" \/>\n<meta property=\"article:modified_time\" content=\"2025-12-11T16:53:06+00:00\" \/>\n<meta property=\"og:image\" content=\"https:\/\/vtc-strasbourg-dmd.fr\/wp-content\/uploads\/2025\/12\/Gemini_Generated_Image_b41xuqb41xuqb41x-1024x434.png\" \/>\n\t<meta property=\"og:image:width\" content=\"1024\" \/>\n\t<meta property=\"og:image:height\" content=\"434\" \/>\n\t<meta property=\"og:image:type\" content=\"image\/png\" \/>\n<meta name=\"author\" content=\"webobjectif\" \/>\n<meta name=\"twitter:card\" content=\"summary_large_image\" \/>\n<meta name=\"twitter:label1\" content=\"Verfasst von\" \/>\n\t<meta name=\"twitter:data1\" content=\"webobjectif\" \/>\n\t<meta name=\"twitter:label2\" content=\"Gesch\u00e4tzte Lesezeit\" \/>\n\t<meta name=\"twitter:data2\" content=\"5 Minuten\" \/>\n<script type=\"application\/ld+json\" class=\"yoast-schema-graph\">{\"@context\":\"https:\/\/schema.org\",\"@graph\":[{\"@type\":\"Article\",\"@id\":\"http:\/\/vtc-strasbourg-dmd.fr\/de\/vtc-strassburg-nach-basel-mulhouse-euroairport-privater-und-komfortabler-flughafen-shuttle-vtc-dmd\/#article\",\"isPartOf\":{\"@id\":\"http:\/\/vtc-strasbourg-dmd.fr\/de\/vtc-strassburg-nach-basel-mulhouse-euroairport-privater-und-komfortabler-flughafen-shuttle-vtc-dmd\/\"},\"author\":{\"name\":\"webobjectif\",\"@id\":\"https:\/\/vtc-strasbourg-dmd.fr\/de\/#\/schema\/person\/05759d0bf2739b605f0468a433403ac8\"},\"headline\":\"VTC Stra\u00dfburg nach Basel-Mulhouse (EuroAirport): Privater und komfortabler Flughafen-Shuttle \u2013 VTC DMD\",\"datePublished\":\"2025-12-11T15:38:49+00:00\",\"dateModified\":\"2025-12-11T16:53:06+00:00\",\"mainEntityOfPage\":{\"@id\":\"http:\/\/vtc-strasbourg-dmd.fr\/de\/vtc-strassburg-nach-basel-mulhouse-euroairport-privater-und-komfortabler-flughafen-shuttle-vtc-dmd\/\"},\"wordCount\":1041,\"publisher\":{\"@id\":\"https:\/\/vtc-strasbourg-dmd.fr\/de\/#organization\"},\"image\":{\"@id\":\"http:\/\/vtc-strasbourg-dmd.fr\/de\/vtc-strassburg-nach-basel-mulhouse-euroairport-privater-und-komfortabler-flughafen-shuttle-vtc-dmd\/#primaryimage\"},\"thumbnailUrl\":\"https:\/\/vtc-strasbourg-dmd.fr\/wp-content\/uploads\/2025\/12\/Gemini_Generated_Image_b41xuqb41xuqb41x-scaled.png\",\"articleSection\":[\"Nicht kategorisiert\"],\"inLanguage\":\"de\"},{\"@type\":\"WebPage\",\"@id\":\"http:\/\/vtc-strasbourg-dmd.fr\/de\/vtc-strassburg-nach-basel-mulhouse-euroairport-privater-und-komfortabler-flughafen-shuttle-vtc-dmd\/\",\"url\":\"http:\/\/vtc-strasbourg-dmd.fr\/de\/vtc-strassburg-nach-basel-mulhouse-euroairport-privater-und-komfortabler-flughafen-shuttle-vtc-dmd\/\",\"name\":\"VTC Stra\u00dfburg nach Basel-Mulhouse: Flughafen-Shuttle\",\"isPartOf\":{\"@id\":\"https:\/\/vtc-strasbourg-dmd.fr\/de\/#website\"},\"primaryImageOfPage\":{\"@id\":\"http:\/\/vtc-strasbourg-dmd.fr\/de\/vtc-strassburg-nach-basel-mulhouse-euroairport-privater-und-komfortabler-flughafen-shuttle-vtc-dmd\/#primaryimage\"},\"image\":{\"@id\":\"http:\/\/vtc-strasbourg-dmd.fr\/de\/vtc-strassburg-nach-basel-mulhouse-euroairport-privater-und-komfortabler-flughafen-shuttle-vtc-dmd\/#primaryimage\"},\"thumbnailUrl\":\"https:\/\/vtc-strasbourg-dmd.fr\/wp-content\/uploads\/2025\/12\/Gemini_Generated_Image_b41xuqb41xuqb41x-scaled.png\",\"datePublished\":\"2025-12-11T15:38:49+00:00\",\"dateModified\":\"2025-12-11T16:53:06+00:00\",\"description\":\"Ben\u00f6tigen Sie einen Umstieg zwischen Stra\u00dfburg und dem Flughafen Basel-Mulhouse (EuroAirport)? Meide den Zug und seine Verbindungen. Entscheiden Sie sich f\u00fcr den Komfort eines Stra\u00dfburger DMD VTC-Fahrers.\",\"breadcrumb\":{\"@id\":\"http:\/\/vtc-strasbourg-dmd.fr\/de\/vtc-strassburg-nach-basel-mulhouse-euroairport-privater-und-komfortabler-flughafen-shuttle-vtc-dmd\/#breadcrumb\"},\"inLanguage\":\"de\",\"potentialAction\":[{\"@type\":\"ReadAction\",\"target\":[\"http:\/\/vtc-strasbourg-dmd.fr\/de\/vtc-strassburg-nach-basel-mulhouse-euroairport-privater-und-komfortabler-flughafen-shuttle-vtc-dmd\/\"]}]},{\"@type\":\"ImageObject\",\"inLanguage\":\"de\",\"@id\":\"http:\/\/vtc-strasbourg-dmd.fr\/de\/vtc-strassburg-nach-basel-mulhouse-euroairport-privater-und-komfortabler-flughafen-shuttle-vtc-dmd\/#primaryimage\",\"url\":\"https:\/\/vtc-strasbourg-dmd.fr\/wp-content\/uploads\/2025\/12\/Gemini_Generated_Image_b41xuqb41xuqb41x-scaled.png\",\"contentUrl\":\"https:\/\/vtc-strasbourg-dmd.fr\/wp-content\/uploads\/2025\/12\/Gemini_Generated_Image_b41xuqb41xuqb41x-scaled.png\",\"width\":2560,\"height\":1086,\"caption\":\"VTC Stra\u00dfburg Basel Mulhouse Flughafen\"},{\"@type\":\"BreadcrumbList\",\"@id\":\"http:\/\/vtc-strasbourg-dmd.fr\/de\/vtc-strassburg-nach-basel-mulhouse-euroairport-privater-und-komfortabler-flughafen-shuttle-vtc-dmd\/#breadcrumb\",\"itemListElement\":[{\"@type\":\"ListItem\",\"position\":1,\"name\":\"Accueil\",\"item\":\"https:\/\/vtc-strasbourg-dmd.fr\/de\/\"},{\"@type\":\"ListItem\",\"position\":2,\"name\":\"VTC Stra\u00dfburg nach Basel-Mulhouse (EuroAirport): Privater und komfortabler Flughafen-Shuttle \u2013 VTC DMD\"}]},{\"@type\":\"WebSite\",\"@id\":\"https:\/\/vtc-strasbourg-dmd.fr\/de\/#website\",\"url\":\"https:\/\/vtc-strasbourg-dmd.fr\/de\/\",\"name\":\"VTC Strasbourg DMD\",\"description\":\"Chauffeur VTC Strasbourg\",\"publisher\":{\"@id\":\"https:\/\/vtc-strasbourg-dmd.fr\/de\/#organization\"},\"potentialAction\":[{\"@type\":\"SearchAction\",\"target\":{\"@type\":\"EntryPoint\",\"urlTemplate\":\"https:\/\/vtc-strasbourg-dmd.fr\/de\/?s={search_term_string}\"},\"query-input\":{\"@type\":\"PropertyValueSpecification\",\"valueRequired\":true,\"valueName\":\"search_term_string\"}}],\"inLanguage\":\"de\"},{\"@type\":\"Organization\",\"@id\":\"https:\/\/vtc-strasbourg-dmd.fr\/de\/#organization\",\"name\":\"VTC Strasbourg DMD\",\"url\":\"https:\/\/vtc-strasbourg-dmd.fr\/de\/\",\"logo\":{\"@type\":\"ImageObject\",\"inLanguage\":\"de\",\"@id\":\"https:\/\/vtc-strasbourg-dmd.fr\/de\/#\/schema\/logo\/image\/\",\"url\":\"https:\/\/vtc-strasbourg-dmd.fr\/wp-content\/uploads\/2025\/05\/cropped-LOGO-DRIVE-ME-DRIVER-scaled-1.png\",\"contentUrl\":\"https:\/\/vtc-strasbourg-dmd.fr\/wp-content\/uploads\/2025\/05\/cropped-LOGO-DRIVE-ME-DRIVER-scaled-1.png\",\"width\":2557,\"height\":854,\"caption\":\"VTC Strasbourg DMD\"},\"image\":{\"@id\":\"https:\/\/vtc-strasbourg-dmd.fr\/de\/#\/schema\/logo\/image\/\"}},{\"@type\":\"Person\",\"@id\":\"https:\/\/vtc-strasbourg-dmd.fr\/de\/#\/schema\/person\/05759d0bf2739b605f0468a433403ac8\",\"name\":\"webobjectif\",\"image\":{\"@type\":\"ImageObject\",\"inLanguage\":\"de\",\"@id\":\"https:\/\/vtc-strasbourg-dmd.fr\/de\/#\/schema\/person\/image\/\",\"url\":\"https:\/\/secure.gravatar.com\/avatar\/ded9b907d1e5d4636440a16a54bd4369b408da9239d8ac948266d8c09fa8936b?s=96&d=mm&r=g\",\"contentUrl\":\"https:\/\/secure.gravatar.com\/avatar\/ded9b907d1e5d4636440a16a54bd4369b408da9239d8ac948266d8c09fa8936b?s=96&d=mm&r=g\",\"caption\":\"webobjectif\"},\"url\":\"http:\/\/vtc-strasbourg-dmd.fr\/de\/author\/webobjectif\/\"}]}<\/script>\n<!-- \/ Yoast SEO plugin. -->","yoast_head_json":{"title":"VTC Stra\u00dfburg nach Basel-Mulhouse: Flughafen-Shuttle","description":"Ben\u00f6tigen Sie einen Umstieg zwischen Stra\u00dfburg und dem Flughafen Basel-Mulhouse (EuroAirport)? Meide den Zug und seine Verbindungen. Entscheiden Sie sich f\u00fcr den Komfort eines Stra\u00dfburger DMD VTC-Fahrers.","robots":{"index":"index","follow":"follow","max-snippet":"max-snippet:-1","max-image-preview":"max-image-preview:large","max-video-preview":"max-video-preview:-1"},"canonical":"http:\/\/vtc-strasbourg-dmd.fr\/de\/vtc-strassburg-nach-basel-mulhouse-euroairport-privater-und-komfortabler-flughafen-shuttle-vtc-dmd\/","og_locale":"de_DE","og_type":"article","og_title":"VTC Stra\u00dfburg nach Basel-Mulhouse: Flughafen-Shuttle","og_description":"Ben\u00f6tigen Sie einen Umstieg zwischen Stra\u00dfburg und dem Flughafen Basel-Mulhouse (EuroAirport)? Meide den Zug und seine Verbindungen. Entscheiden Sie sich f\u00fcr den Komfort eines Stra\u00dfburger DMD VTC-Fahrers.","og_url":"http:\/\/vtc-strasbourg-dmd.fr\/de\/vtc-strassburg-nach-basel-mulhouse-euroairport-privater-und-komfortabler-flughafen-shuttle-vtc-dmd\/","og_site_name":"VTC Strasbourg DMD","article_published_time":"2025-12-11T15:38:49+00:00","article_modified_time":"2025-12-11T16:53:06+00:00","og_image":[{"width":1024,"height":434,"url":"https:\/\/vtc-strasbourg-dmd.fr\/wp-content\/uploads\/2025\/12\/Gemini_Generated_Image_b41xuqb41xuqb41x-1024x434.png","type":"image\/png"}],"author":"webobjectif","twitter_card":"summary_large_image","twitter_misc":{"Verfasst von":"webobjectif","Gesch\u00e4tzte Lesezeit":"5 Minuten"},"schema":{"@context":"https:\/\/schema.org","@graph":[{"@type":"Article","@id":"http:\/\/vtc-strasbourg-dmd.fr\/de\/vtc-strassburg-nach-basel-mulhouse-euroairport-privater-und-komfortabler-flughafen-shuttle-vtc-dmd\/#article","isPartOf":{"@id":"http:\/\/vtc-strasbourg-dmd.fr\/de\/vtc-strassburg-nach-basel-mulhouse-euroairport-privater-und-komfortabler-flughafen-shuttle-vtc-dmd\/"},"author":{"name":"webobjectif","@id":"https:\/\/vtc-strasbourg-dmd.fr\/de\/#\/schema\/person\/05759d0bf2739b605f0468a433403ac8"},"headline":"VTC Stra\u00dfburg nach Basel-Mulhouse (EuroAirport): Privater und komfortabler Flughafen-Shuttle \u2013 VTC DMD","datePublished":"2025-12-11T15:38:49+00:00","dateModified":"2025-12-11T16:53:06+00:00","mainEntityOfPage":{"@id":"http:\/\/vtc-strasbourg-dmd.fr\/de\/vtc-strassburg-nach-basel-mulhouse-euroairport-privater-und-komfortabler-flughafen-shuttle-vtc-dmd\/"},"wordCount":1041,"publisher":{"@id":"https:\/\/vtc-strasbourg-dmd.fr\/de\/#organization"},"image":{"@id":"http:\/\/vtc-strasbourg-dmd.fr\/de\/vtc-strassburg-nach-basel-mulhouse-euroairport-privater-und-komfortabler-flughafen-shuttle-vtc-dmd\/#primaryimage"},"thumbnailUrl":"https:\/\/vtc-strasbourg-dmd.fr\/wp-content\/uploads\/2025\/12\/Gemini_Generated_Image_b41xuqb41xuqb41x-scaled.png","articleSection":["Nicht kategorisiert"],"inLanguage":"de"},{"@type":"WebPage","@id":"http:\/\/vtc-strasbourg-dmd.fr\/de\/vtc-strassburg-nach-basel-mulhouse-euroairport-privater-und-komfortabler-flughafen-shuttle-vtc-dmd\/","url":"http:\/\/vtc-strasbourg-dmd.fr\/de\/vtc-strassburg-nach-basel-mulhouse-euroairport-privater-und-komfortabler-flughafen-shuttle-vtc-dmd\/","name":"VTC Stra\u00dfburg nach Basel-Mulhouse: Flughafen-Shuttle","isPartOf":{"@id":"https:\/\/vtc-strasbourg-dmd.fr\/de\/#website"},"primaryImageOfPage":{"@id":"http:\/\/vtc-strasbourg-dmd.fr\/de\/vtc-strassburg-nach-basel-mulhouse-euroairport-privater-und-komfortabler-flughafen-shuttle-vtc-dmd\/#primaryimage"},"image":{"@id":"http:\/\/vtc-strasbourg-dmd.fr\/de\/vtc-strassburg-nach-basel-mulhouse-euroairport-privater-und-komfortabler-flughafen-shuttle-vtc-dmd\/#primaryimage"},"thumbnailUrl":"https:\/\/vtc-strasbourg-dmd.fr\/wp-content\/uploads\/2025\/12\/Gemini_Generated_Image_b41xuqb41xuqb41x-scaled.png","datePublished":"2025-12-11T15:38:49+00:00","dateModified":"2025-12-11T16:53:06+00:00","description":"Ben\u00f6tigen Sie einen Umstieg zwischen Stra\u00dfburg und dem Flughafen Basel-Mulhouse (EuroAirport)? Meide den Zug und seine Verbindungen. Entscheiden Sie sich f\u00fcr den Komfort eines Stra\u00dfburger DMD VTC-Fahrers.","breadcrumb":{"@id":"http:\/\/vtc-strasbourg-dmd.fr\/de\/vtc-strassburg-nach-basel-mulhouse-euroairport-privater-und-komfortabler-flughafen-shuttle-vtc-dmd\/#breadcrumb"},"inLanguage":"de","potentialAction":[{"@type":"ReadAction","target":["http:\/\/vtc-strasbourg-dmd.fr\/de\/vtc-strassburg-nach-basel-mulhouse-euroairport-privater-und-komfortabler-flughafen-shuttle-vtc-dmd\/"]}]},{"@type":"ImageObject","inLanguage":"de","@id":"http:\/\/vtc-strasbourg-dmd.fr\/de\/vtc-strassburg-nach-basel-mulhouse-euroairport-privater-und-komfortabler-flughafen-shuttle-vtc-dmd\/#primaryimage","url":"https:\/\/vtc-strasbourg-dmd.fr\/wp-content\/uploads\/2025\/12\/Gemini_Generated_Image_b41xuqb41xuqb41x-scaled.png","contentUrl":"https:\/\/vtc-strasbourg-dmd.fr\/wp-content\/uploads\/2025\/12\/Gemini_Generated_Image_b41xuqb41xuqb41x-scaled.png","width":2560,"height":1086,"caption":"VTC Stra\u00dfburg Basel Mulhouse Flughafen"},{"@type":"BreadcrumbList","@id":"http:\/\/vtc-strasbourg-dmd.fr\/de\/vtc-strassburg-nach-basel-mulhouse-euroairport-privater-und-komfortabler-flughafen-shuttle-vtc-dmd\/#breadcrumb","itemListElement":[{"@type":"ListItem","position":1,"name":"Accueil","item":"https:\/\/vtc-strasbourg-dmd.fr\/de\/"},{"@type":"ListItem","position":2,"name":"VTC Stra\u00dfburg nach Basel-Mulhouse (EuroAirport): Privater und komfortabler Flughafen-Shuttle \u2013 VTC DMD"}]},{"@type":"WebSite","@id":"https:\/\/vtc-strasbourg-dmd.fr\/de\/#website","url":"https:\/\/vtc-strasbourg-dmd.fr\/de\/","name":"VTC Strasbourg DMD","description":"Chauffeur VTC Strasbourg","publisher":{"@id":"https:\/\/vtc-strasbourg-dmd.fr\/de\/#organization"},"potentialAction":[{"@type":"SearchAction","target":{"@type":"EntryPoint","urlTemplate":"https:\/\/vtc-strasbourg-dmd.fr\/de\/?s={search_term_string}"},"query-input":{"@type":"PropertyValueSpecification","valueRequired":true,"valueName":"search_term_string"}}],"inLanguage":"de"},{"@type":"Organization","@id":"https:\/\/vtc-strasbourg-dmd.fr\/de\/#organization","name":"VTC Strasbourg DMD","url":"https:\/\/vtc-strasbourg-dmd.fr\/de\/","logo":{"@type":"ImageObject","inLanguage":"de","@id":"https:\/\/vtc-strasbourg-dmd.fr\/de\/#\/schema\/logo\/image\/","url":"https:\/\/vtc-strasbourg-dmd.fr\/wp-content\/uploads\/2025\/05\/cropped-LOGO-DRIVE-ME-DRIVER-scaled-1.png","contentUrl":"https:\/\/vtc-strasbourg-dmd.fr\/wp-content\/uploads\/2025\/05\/cropped-LOGO-DRIVE-ME-DRIVER-scaled-1.png","width":2557,"height":854,"caption":"VTC Strasbourg DMD"},"image":{"@id":"https:\/\/vtc-strasbourg-dmd.fr\/de\/#\/schema\/logo\/image\/"}},{"@type":"Person","@id":"https:\/\/vtc-strasbourg-dmd.fr\/de\/#\/schema\/person\/05759d0bf2739b605f0468a433403ac8","name":"webobjectif","image":{"@type":"ImageObject","inLanguage":"de","@id":"https:\/\/vtc-strasbourg-dmd.fr\/de\/#\/schema\/person\/image\/","url":"https:\/\/secure.gravatar.com\/avatar\/ded9b907d1e5d4636440a16a54bd4369b408da9239d8ac948266d8c09fa8936b?s=96&d=mm&r=g","contentUrl":"https:\/\/secure.gravatar.com\/avatar\/ded9b907d1e5d4636440a16a54bd4369b408da9239d8ac948266d8c09fa8936b?s=96&d=mm&r=g","caption":"webobjectif"},"url":"http:\/\/vtc-strasbourg-dmd.fr\/de\/author\/webobjectif\/"}]}},"_links":{"self":[{"href":"http:\/\/vtc-strasbourg-dmd.fr\/de\/wp-json\/wp\/v2\/posts\/3721","targetHints":{"allow":["GET"]}}],"collection":[{"href":"http:\/\/vtc-strasbourg-dmd.fr\/de\/wp-json\/wp\/v2\/posts"}],"about":[{"href":"http:\/\/vtc-strasbourg-dmd.fr\/de\/wp-json\/wp\/v2\/types\/post"}],"author":[{"embeddable":true,"href":"http:\/\/vtc-strasbourg-dmd.fr\/de\/wp-json\/wp\/v2\/users\/30"}],"replies":[{"embeddable":true,"href":"http:\/\/vtc-strasbourg-dmd.fr\/de\/wp-json\/wp\/v2\/comments?post=3721"}],"version-history":[{"count":5,"href":"http:\/\/vtc-strasbourg-dmd.fr\/de\/wp-json\/wp\/v2\/posts\/3721\/revisions"}],"predecessor-version":[{"id":3738,"href":"http:\/\/vtc-strasbourg-dmd.fr\/de\/wp-json\/wp\/v2\/posts\/3721\/revisions\/3738"}],"wp:featuredmedia":[{"embeddable":true,"href":"http:\/\/vtc-strasbourg-dmd.fr\/de\/wp-json\/wp\/v2\/media\/3730"}],"wp:attachment":[{"href":"http:\/\/vtc-strasbourg-dmd.fr\/de\/wp-json\/wp\/v2\/media?parent=3721"}],"wp:term":[{"taxonomy":"category","embeddable":true,"href":"http:\/\/vtc-strasbourg-dmd.fr\/de\/wp-json\/wp\/v2\/categories?post=3721"},{"taxonomy":"post_tag","embeddable":true,"href":"http:\/\/vtc-strasbourg-dmd.fr\/de\/wp-json\/wp\/v2\/tags?post=3721"}],"curies":[{"name":"wp","href":"https:\/\/api.w.org\/{rel}","templated":true}]}}