{"id":3219,"date":"2025-01-14T16:07:58","date_gmt":"2025-01-14T15:07:58","guid":{"rendered":"https:\/\/vtc-strasbourg-dmd.fr\/die-5-wichtigsten-gefuehrten-touren-im-elsass\/"},"modified":"2025-09-25T00:41:28","modified_gmt":"2025-09-24T22:41:28","slug":"die-5-wichtigsten-gefuehrten-touren-im-elsass","status":"publish","type":"post","link":"http:\/\/vtc-strasbourg-dmd.fr\/de\/die-5-wichtigsten-gefuehrten-touren-im-elsass\/","title":{"rendered":"Die 5 wichtigsten gef\u00fchrten Touren im Elsass"},"content":{"rendered":"\n<p>Um das Beste aus Ihrem Aufenthalt im Elsass zu machen, empfiehlt <a href=\"https:\/\/www.guides-france.com\/\"><strong>Guides France<\/strong><\/a>, die Plattform der offiziellen Reisef\u00fchrer des Ministeriums f\u00fcr Kultur und Tourismus, 5 Must-See-Touren mit einer idealen Dauer von 2 bis 4 Stunden. Diese bringen Sie von <a href=\"https:\/\/www.guides-france.com\/visiter-strasbourg\/\"><strong>Stra\u00dfburg<\/strong><\/a> nach Colmar&#8230; mit einem Abstecher, den wir empfehlen, in Deutschland, in Freiburg im Breisgau, zu machen. <\/p>\n\n<p><strong>Besuchen Sie das Viertel Petite France<\/strong><\/p>\n\n<figure class=\"wp-block-image size-large\"><img fetchpriority=\"high\" decoding=\"async\" width=\"1024\" height=\"683\" src=\"https:\/\/drivemedriver.fr\/wp-content\/uploads\/2025\/01\/alsace-1-1024x683.jpg\" alt=\"\" class=\"wp-image-2481\" srcset=\"https:\/\/vtc-strasbourg-dmd.fr\/wp-content\/uploads\/2025\/01\/alsace-1-1024x683.jpg 1024w, https:\/\/vtc-strasbourg-dmd.fr\/wp-content\/uploads\/2025\/01\/alsace-1-300x200.jpg 300w, https:\/\/vtc-strasbourg-dmd.fr\/wp-content\/uploads\/2025\/01\/alsace-1-768x512.jpg 768w, https:\/\/vtc-strasbourg-dmd.fr\/wp-content\/uploads\/2025\/01\/alsace-1-600x400.jpg 600w, https:\/\/vtc-strasbourg-dmd.fr\/wp-content\/uploads\/2025\/01\/alsace-1.jpg 1280w\" sizes=\"(max-width: 1024px) 100vw, 1024px\" \/><\/figure>\n\n<p><strong>Das Viertel Petite France im Herzen von Stra\u00dfburg ist ein wahres historisches und architektonisches Juwel. Es geh\u00f6rt zum UNESCO-Weltkulturerbe und verf\u00fchrt mit seinen Fachwerkh\u00e4usern aus dem sechzehnten und siebzehnten Jahrhundert, die an die Kan\u00e4le der Ill grenzen. Einst von Gerbern und M\u00fcllern bewohnt, hat sich dieses malerische Viertel seinen Charme vergangener Zeiten bewahrt.  <\/strong><\/p>\n\n<p><strong>Die gepflasterten Gassen laden zum Bummeln ein und bieten eine einzigartige Atmosph\u00e4re, die Geschichte und Romantik verbindet. Zu den emblematischen Orten geh\u00f6ren das Maison des Tanneurs und der Vauban-Staudamm, der einen Panoramablick bietet. In den vielen Restaurants k\u00f6nnen Sie els\u00e4ssische Spezialit\u00e4ten wie Sauerkraut oder Lammekueche probieren.  <\/strong><\/p>\n\n<p><strong>Ein Besuch in Petite France bedeutet, in eine m\u00e4rchenhafte Atmosph\u00e4re einzutauchen, in der jede Ecke eine Geschichte erz\u00e4hlt. Dieses Viertel ist ideal f\u00fcr Liebhaber von Kultur und Entspannung und verk\u00f6rpert die Seele Stra\u00dfburgs. <\/strong><\/p>\n\n<p><a href=\"https:\/\/www.guides-france.com\/product\/visite-guidee-strasbourg\/\"><strong>Buchen Sie Ihre gef\u00fchrte Tour durch Stra\u00dfburg<\/strong><\/a><\/p>\n\n<p><strong>Besuchen Sie das Europaviertel von Stra\u00dfburg<\/strong><\/p>\n\n<figure class=\"wp-block-image size-large\"><img decoding=\"async\" width=\"1024\" height=\"768\" src=\"https:\/\/drivemedriver.fr\/wp-content\/uploads\/2025\/01\/europeen-strasbourg-1024x768.jpg\" alt=\"\" class=\"wp-image-2482\" srcset=\"https:\/\/vtc-strasbourg-dmd.fr\/wp-content\/uploads\/2025\/01\/europeen-strasbourg-1024x768.jpg 1024w, https:\/\/vtc-strasbourg-dmd.fr\/wp-content\/uploads\/2025\/01\/europeen-strasbourg-300x225.jpg 300w, https:\/\/vtc-strasbourg-dmd.fr\/wp-content\/uploads\/2025\/01\/europeen-strasbourg-768x576.jpg 768w, https:\/\/vtc-strasbourg-dmd.fr\/wp-content\/uploads\/2025\/01\/europeen-strasbourg-600x450.jpg 600w, https:\/\/vtc-strasbourg-dmd.fr\/wp-content\/uploads\/2025\/01\/europeen-strasbourg.jpg 1280w\" sizes=\"(max-width: 1024px) 100vw, 1024px\" \/><\/figure>\n\n<p><strong>Das Europaviertel in Stra\u00dfburg ist das Symbol der europ\u00e4ischen Einheit und Zusammenarbeit. \u00d6stlich des Stadtzentrums gelegen, beherbergt es wichtige Institutionen wie das Europ\u00e4ische Parlament, den Europarat und den Europ\u00e4ischen Gerichtshof f\u00fcr Menschenrechte. Dieses moderne Viertel bietet eine k\u00fchne Architektur, darunter den Palais de l&#8217;Europe und das beeindruckende Parlamentsgeb\u00e4ude in Form eines Plenarsaals.  <\/strong><\/p>\n\n<p><strong>Ein Spaziergang im Parc de l&#8217;Orangerie, neben den Institutionen, ist ideal f\u00fcr einen Moment der Entspannung im Herzen des Gr\u00fcns. Die Besucher k\u00f6nnen auch die   <\/strong><em><strong>Lieu d&#8217;Europe<\/strong><\/em><strong>, ein kultureller Raum, der der Geschichte und Funktionsweise der Europ\u00e4ischen Union gewidmet ist.<\/strong><\/p>\n\n<p><strong>Mit seinen ikonischen Geb\u00e4uden und seiner historischen Bedeutung spiegelt das Europaviertel von Stra\u00dfburg den Geist eines Kontinents wider, der auf der Suche nach Einheit ist. Ein Muss, um die Bedeutung dieser Stadt f\u00fcr den Aufbau Europas zu verstehen. <\/strong><\/p>\n\n<p><a href=\"https:\/\/www.guides-france.com\/product\/visite-guidee-strasbourg-parlement-europeen\/\"><strong>Besuchen Sie das Europaviertel von Stra\u00dfburg mit einem F\u00fchrer<\/strong><\/a><\/p>\n\n<p><strong>Entscheiden Sie sich f\u00fcr eine Gourmet-Tour durch Stra\u00dfburg<\/strong><\/p>\n\n<figure class=\"wp-block-image size-large\"><img decoding=\"async\" width=\"1024\" height=\"678\" src=\"https:\/\/drivemedriver.fr\/wp-content\/uploads\/2025\/01\/bretzel-strasbourg-1024x678.jpg\" alt=\"\" class=\"wp-image-2483\" srcset=\"https:\/\/vtc-strasbourg-dmd.fr\/wp-content\/uploads\/2025\/01\/bretzel-strasbourg-1024x678.jpg 1024w, https:\/\/vtc-strasbourg-dmd.fr\/wp-content\/uploads\/2025\/01\/bretzel-strasbourg-300x199.jpg 300w, https:\/\/vtc-strasbourg-dmd.fr\/wp-content\/uploads\/2025\/01\/bretzel-strasbourg-768x509.jpg 768w, https:\/\/vtc-strasbourg-dmd.fr\/wp-content\/uploads\/2025\/01\/bretzel-strasbourg-600x398.jpg 600w, https:\/\/vtc-strasbourg-dmd.fr\/wp-content\/uploads\/2025\/01\/bretzel-strasbourg.jpg 1280w\" sizes=\"(max-width: 1024px) 100vw, 1024px\" \/><\/figure>\n\n<p>Verpassen Sie w\u00e4hrend Ihres Gourmet-Aufenthalts in Stra\u00dfburg nicht die Verkostung von zwei emblematischen Gerichten der els\u00e4ssischen K\u00fcche: Sauerkraut und Kougelhopf.<\/p>\n\n<p><strong>Sauerkraut Garnie<\/strong> ist ein traditionelles Gericht, das aus fermentiertem Kohl besteht, begleitet von Kartoffeln und einer Vielzahl von Fleisch- und Aufschnittsorten wie Schinken, Stra\u00dfburger W\u00fcrstchen und ger\u00e4uchertem Speck. Es ist ein wahrer Genuss f\u00fcr Liebhaber von robusten und beruhigenden Aromen. <\/p>\n\n<p>Zum Nachtisch oder zum Kaffee ist <strong>der Kougelhopf<\/strong> ein Brioche-Kuchen in Form einer Krone, der mit Rosinen und Mandeln verziert ist. Seine weiche Textur und sein zarter Duft machen ihn zu einer unwiderstehlichen Delikatesse. <\/p>\n\n<p>Diese beiden Spezialit\u00e4ten spiegeln die Authentizit\u00e4t und den Reichtum der Stra\u00dfburger Gastronomie perfekt wider. Guten Appetit! <\/p>\n\n<p><a href=\"https:\/\/www.guides-france.com\/product\/visite-gourmande-strasbourg\/\"><strong>Buchen Sie Ihre Gourmet-Tour durch Stra\u00dfburg<\/strong><\/a><\/p>\n\n<p><strong>Besuchen Sie Colmar, die Perle des Elsass<\/strong><\/p>\n\n<figure class=\"wp-block-image size-large\"><img loading=\"lazy\" decoding=\"async\" width=\"1024\" height=\"768\" src=\"https:\/\/drivemedriver.fr\/wp-content\/uploads\/2025\/01\/perle-alsace-strasbourg-1024x768.jpg\" alt=\"\" class=\"wp-image-2484\" srcset=\"https:\/\/vtc-strasbourg-dmd.fr\/wp-content\/uploads\/2025\/01\/perle-alsace-strasbourg-1024x768.jpg 1024w, https:\/\/vtc-strasbourg-dmd.fr\/wp-content\/uploads\/2025\/01\/perle-alsace-strasbourg-300x225.jpg 300w, https:\/\/vtc-strasbourg-dmd.fr\/wp-content\/uploads\/2025\/01\/perle-alsace-strasbourg-768x576.jpg 768w, https:\/\/vtc-strasbourg-dmd.fr\/wp-content\/uploads\/2025\/01\/perle-alsace-strasbourg-600x450.jpg 600w, https:\/\/vtc-strasbourg-dmd.fr\/wp-content\/uploads\/2025\/01\/perle-alsace-strasbourg.jpg 1280w\" sizes=\"(max-width: 1024px) 100vw, 1024px\" \/><\/figure>\n\n<p><strong>Colmar, im Herzen des Elsass gelegen, ist ein beliebtes Reiseziel f\u00fcr seinen malerischen Charme und seine architektonischen Sch\u00e4tze. Klein-Venedig mit seinen bunten H\u00e4usern, die die Kan\u00e4le s\u00e4umen, ist das ikonischste Viertel und bietet eine romantische und friedliche Atmosph\u00e4re. <\/strong><\/p>\n\n<p><strong>Das Museum Unterlinden, in dem sich der ber\u00fchmte Isenheimer Altar befindet, ist ein Muss f\u00fcr Kunst- und Geschichtsliebhaber. Die majest\u00e4tische Stiftskirche St. Martin, ein gotisches Meisterwerk, dominiert das Stadtzentrum und beeindruckt mit ihren architektonischen Details. <\/strong><\/p>\n\n<p><strong>Bei einem Spaziergang durch die gepflasterten Gassen entdecken Sie Fachwerkh\u00e4user und typische Schilder, die vom els\u00e4ssischen Erbe zeugen. Die Markthalle ist ideal, um lokale Spezialit\u00e4ten wie els\u00e4ssische Weine oder Brezeln zu probieren. <\/strong><\/p>\n\n<p><strong>Colmar ist eine Einladung zum Entdecken und Staunen, perfekt f\u00fcr einen authentischen und unvergesslichen Aufenthalt.<\/strong><\/p>\n\n<p><a href=\"https:\/\/www.guides-france.com\/product\/guide-touristique-colmar\/\"><strong>Besuchen Sie Colmar mit einem privaten Guide<\/strong><\/a><\/p>\n\n<p><strong>Was w\u00e4re, wenn Sie Ihren Aufenthalt in Deutschland verschieben w\u00fcrden&#8230; nach Freiburg im Breisgau?<\/strong><\/p>\n\n<figure class=\"wp-block-image size-large\"><img loading=\"lazy\" decoding=\"async\" width=\"1024\" height=\"686\" src=\"https:\/\/drivemedriver.fr\/wp-content\/uploads\/2025\/01\/Fribourg-1024x686.jpg\" alt=\"\" class=\"wp-image-2485\" srcset=\"https:\/\/vtc-strasbourg-dmd.fr\/wp-content\/uploads\/2025\/01\/Fribourg-1024x686.jpg 1024w, https:\/\/vtc-strasbourg-dmd.fr\/wp-content\/uploads\/2025\/01\/Fribourg-300x201.jpg 300w, https:\/\/vtc-strasbourg-dmd.fr\/wp-content\/uploads\/2025\/01\/Fribourg-768x514.jpg 768w, https:\/\/vtc-strasbourg-dmd.fr\/wp-content\/uploads\/2025\/01\/Fribourg-600x402.jpg 600w, https:\/\/vtc-strasbourg-dmd.fr\/wp-content\/uploads\/2025\/01\/Fribourg.jpg 1280w\" sizes=\"(max-width: 1024px) 100vw, 1024px\" \/><\/figure>\n\n<p><strong>Freiburg im Breisgau, im S\u00fcden Deutschlands gelegen, ist eine charmante und dynamische Stadt, die f\u00fcr ihr \u00f6kologisches Engagement und ihre idyllische Lage bekannt ist. Im Herzen der Altstadt thront die Kathedrale Notre Dame, ein Meisterwerk gotischer Baukunst, mit ihrem schlanken Turm, der einen atemberaubenden Blick auf die Region bietet. <\/strong><\/p>\n\n<p><strong>Die gepflasterten Gassen der Stadt werden von den ber\u00fchmten B\u00e4chle durchzogen, kleinen Kan\u00e4len, die der Promenade eine malerische und verspielte Note verleihen. Der Place de l&#8217;H\u00f4tel de Ville ist ideal, um ein lokales Bier zu genie\u00dfen und die farbenfrohe Architektur zu bewundern. <\/strong><\/p>\n\n<p><strong>Diese Stadt verbindet Tradition und Moderne und ist damit ein Muss f\u00fcr Natur- und Kulturliebhaber.<\/strong><\/p>\n\n<p><a href=\"https:\/\/www.guides-france.com\/product\/reserver-guide-fribourg-en-brisgau\/\"><strong>Buchen Sie Ihren Reisef\u00fchrer f\u00fcr Freiburg im Breisgau<\/strong><\/a><\/p>\n","protected":false},"excerpt":{"rendered":"<p>Um das Beste aus Ihrem Aufenthalt im Elsass zu machen, empfiehlt Guides France, die Plattform der offiziellen Reisef\u00fchrer des Ministeriums f\u00fcr Kultur und Tourismus, 5 Must-See-Touren mit einer idealen Dauer von 2 bis 4 Stunden. Diese bringen Sie von Stra\u00dfburg nach Colmar&#8230; mit einem Abstecher, den wir empfehlen, in Deutschland, in Freiburg im Breisgau, zu [&hellip;]<\/p>\n","protected":false},"author":30,"featured_media":3220,"comment_status":"open","ping_status":"open","sticky":false,"template":"","format":"standard","meta":{"site-sidebar-layout":"default","site-content-layout":"","ast-site-content-layout":"default","site-content-style":"default","site-sidebar-style":"default","ast-global-header-display":"","ast-banner-title-visibility":"","ast-main-header-display":"","ast-hfb-above-header-display":"","ast-hfb-below-header-display":"","ast-hfb-mobile-header-display":"","site-post-title":"","ast-breadcrumbs-content":"","ast-featured-img":"","footer-sml-layout":"","ast-disable-related-posts":"","theme-transparent-header-meta":"","adv-header-id-meta":"","stick-header-meta":"","header-above-stick-meta":"","header-main-stick-meta":"","header-below-stick-meta":"","astra-migrate-meta-layouts":"default","ast-page-background-enabled":"default","ast-page-background-meta":{"desktop":{"background-color":"","background-image":"","background-repeat":"repeat","background-position":"center center","background-size":"auto","background-attachment":"scroll","background-type":"","background-media":"","overlay-type":"","overlay-color":"","overlay-opacity":"","overlay-gradient":""},"tablet":{"background-color":"","background-image":"","background-repeat":"repeat","background-position":"center center","background-size":"auto","background-attachment":"scroll","background-type":"","background-media":"","overlay-type":"","overlay-color":"","overlay-opacity":"","overlay-gradient":""},"mobile":{"background-color":"","background-image":"","background-repeat":"repeat","background-position":"center center","background-size":"auto","background-attachment":"scroll","background-type":"","background-media":"","overlay-type":"","overlay-color":"","overlay-opacity":"","overlay-gradient":""}},"ast-content-background-meta":{"desktop":{"background-color":"var(--ast-global-color-5)","background-image":"","background-repeat":"repeat","background-position":"center center","background-size":"auto","background-attachment":"scroll","background-type":"","background-media":"","overlay-type":"","overlay-color":"","overlay-opacity":"","overlay-gradient":""},"tablet":{"background-color":"var(--ast-global-color-5)","background-image":"","background-repeat":"repeat","background-position":"center center","background-size":"auto","background-attachment":"scroll","background-type":"","background-media":"","overlay-type":"","overlay-color":"","overlay-opacity":"","overlay-gradient":""},"mobile":{"background-color":"var(--ast-global-color-5)","background-image":"","background-repeat":"repeat","background-position":"center center","background-size":"auto","background-attachment":"scroll","background-type":"","background-media":"","overlay-type":"","overlay-color":"","overlay-opacity":"","overlay-gradient":""}},"footnotes":""},"categories":[37],"tags":[],"class_list":["post-3219","post","type-post","status-publish","format-standard","has-post-thumbnail","hentry","category-nicht-kategorisiert"],"yoast_head":"<!-- This site is optimized with the Yoast SEO plugin v27.0 - https:\/\/yoast.com\/product\/yoast-seo-wordpress\/ -->\n<title>Die 5 wichtigsten gef\u00fchrten Touren im Elsass - VTC Strasbourg DMD<\/title>\n<meta name=\"robots\" content=\"index, follow, max-snippet:-1, max-image-preview:large, max-video-preview:-1\" \/>\n<link rel=\"canonical\" href=\"http:\/\/vtc-strasbourg-dmd.fr\/de\/die-5-wichtigsten-gefuehrten-touren-im-elsass\/\" \/>\n<meta property=\"og:locale\" content=\"de_DE\" \/>\n<meta property=\"og:type\" content=\"article\" \/>\n<meta property=\"og:title\" content=\"Die 5 wichtigsten gef\u00fchrten Touren im Elsass - VTC Strasbourg DMD\" \/>\n<meta property=\"og:description\" content=\"Um das Beste aus Ihrem Aufenthalt im Elsass zu machen, empfiehlt Guides France, die Plattform der offiziellen Reisef\u00fchrer des Ministeriums f\u00fcr Kultur und Tourismus, 5 Must-See-Touren mit einer idealen Dauer von 2 bis 4 Stunden. Diese bringen Sie von Stra\u00dfburg nach Colmar&#8230; mit einem Abstecher, den wir empfehlen, in Deutschland, in Freiburg im Breisgau, zu [&hellip;]\" \/>\n<meta property=\"og:url\" content=\"http:\/\/vtc-strasbourg-dmd.fr\/de\/die-5-wichtigsten-gefuehrten-touren-im-elsass\/\" \/>\n<meta property=\"og:site_name\" content=\"VTC Strasbourg DMD\" \/>\n<meta property=\"article:published_time\" content=\"2025-01-14T15:07:58+00:00\" \/>\n<meta property=\"article:modified_time\" content=\"2025-09-24T22:41:28+00:00\" \/>\n<meta property=\"og:image\" content=\"https:\/\/vtc-strasbourg-dmd.fr\/wp-content\/uploads\/2025\/01\/alsace.jpg\" \/>\n\t<meta property=\"og:image:width\" content=\"1280\" \/>\n\t<meta property=\"og:image:height\" content=\"854\" \/>\n\t<meta property=\"og:image:type\" content=\"image\/jpeg\" \/>\n<meta name=\"author\" content=\"webobjectif\" \/>\n<meta name=\"twitter:card\" content=\"summary_large_image\" \/>\n<meta name=\"twitter:label1\" content=\"Verfasst von\" \/>\n\t<meta name=\"twitter:data1\" content=\"webobjectif\" \/>\n\t<meta name=\"twitter:label2\" content=\"Gesch\u00e4tzte Lesezeit\" \/>\n\t<meta name=\"twitter:data2\" content=\"4 Minuten\" \/>\n<script type=\"application\/ld+json\" class=\"yoast-schema-graph\">{\"@context\":\"https:\/\/schema.org\",\"@graph\":[{\"@type\":\"Article\",\"@id\":\"http:\/\/vtc-strasbourg-dmd.fr\/de\/die-5-wichtigsten-gefuehrten-touren-im-elsass\/#article\",\"isPartOf\":{\"@id\":\"http:\/\/vtc-strasbourg-dmd.fr\/de\/die-5-wichtigsten-gefuehrten-touren-im-elsass\/\"},\"author\":{\"name\":\"webobjectif\",\"@id\":\"https:\/\/vtc-strasbourg-dmd.fr\/de\/#\/schema\/person\/05759d0bf2739b605f0468a433403ac8\"},\"headline\":\"Die 5 wichtigsten gef\u00fchrten Touren im Elsass\",\"datePublished\":\"2025-01-14T15:07:58+00:00\",\"dateModified\":\"2025-09-24T22:41:28+00:00\",\"mainEntityOfPage\":{\"@id\":\"http:\/\/vtc-strasbourg-dmd.fr\/de\/die-5-wichtigsten-gefuehrten-touren-im-elsass\/\"},\"wordCount\":819,\"commentCount\":0,\"publisher\":{\"@id\":\"https:\/\/vtc-strasbourg-dmd.fr\/de\/#organization\"},\"image\":{\"@id\":\"http:\/\/vtc-strasbourg-dmd.fr\/de\/die-5-wichtigsten-gefuehrten-touren-im-elsass\/#primaryimage\"},\"thumbnailUrl\":\"https:\/\/vtc-strasbourg-dmd.fr\/wp-content\/uploads\/2025\/01\/alsace.jpg\",\"articleSection\":[\"Nicht kategorisiert\"],\"inLanguage\":\"de\",\"potentialAction\":[{\"@type\":\"CommentAction\",\"name\":\"Comment\",\"target\":[\"http:\/\/vtc-strasbourg-dmd.fr\/de\/die-5-wichtigsten-gefuehrten-touren-im-elsass\/#respond\"]}]},{\"@type\":\"WebPage\",\"@id\":\"http:\/\/vtc-strasbourg-dmd.fr\/de\/die-5-wichtigsten-gefuehrten-touren-im-elsass\/\",\"url\":\"http:\/\/vtc-strasbourg-dmd.fr\/de\/die-5-wichtigsten-gefuehrten-touren-im-elsass\/\",\"name\":\"Die 5 wichtigsten gef\u00fchrten Touren im Elsass - VTC Strasbourg DMD\",\"isPartOf\":{\"@id\":\"https:\/\/vtc-strasbourg-dmd.fr\/de\/#website\"},\"primaryImageOfPage\":{\"@id\":\"http:\/\/vtc-strasbourg-dmd.fr\/de\/die-5-wichtigsten-gefuehrten-touren-im-elsass\/#primaryimage\"},\"image\":{\"@id\":\"http:\/\/vtc-strasbourg-dmd.fr\/de\/die-5-wichtigsten-gefuehrten-touren-im-elsass\/#primaryimage\"},\"thumbnailUrl\":\"https:\/\/vtc-strasbourg-dmd.fr\/wp-content\/uploads\/2025\/01\/alsace.jpg\",\"datePublished\":\"2025-01-14T15:07:58+00:00\",\"dateModified\":\"2025-09-24T22:41:28+00:00\",\"breadcrumb\":{\"@id\":\"http:\/\/vtc-strasbourg-dmd.fr\/de\/die-5-wichtigsten-gefuehrten-touren-im-elsass\/#breadcrumb\"},\"inLanguage\":\"de\",\"potentialAction\":[{\"@type\":\"ReadAction\",\"target\":[\"http:\/\/vtc-strasbourg-dmd.fr\/de\/die-5-wichtigsten-gefuehrten-touren-im-elsass\/\"]}]},{\"@type\":\"ImageObject\",\"inLanguage\":\"de\",\"@id\":\"http:\/\/vtc-strasbourg-dmd.fr\/de\/die-5-wichtigsten-gefuehrten-touren-im-elsass\/#primaryimage\",\"url\":\"https:\/\/vtc-strasbourg-dmd.fr\/wp-content\/uploads\/2025\/01\/alsace.jpg\",\"contentUrl\":\"https:\/\/vtc-strasbourg-dmd.fr\/wp-content\/uploads\/2025\/01\/alsace.jpg\",\"width\":1280,\"height\":854},{\"@type\":\"BreadcrumbList\",\"@id\":\"http:\/\/vtc-strasbourg-dmd.fr\/de\/die-5-wichtigsten-gefuehrten-touren-im-elsass\/#breadcrumb\",\"itemListElement\":[{\"@type\":\"ListItem\",\"position\":1,\"name\":\"Accueil\",\"item\":\"https:\/\/vtc-strasbourg-dmd.fr\/de\/\"},{\"@type\":\"ListItem\",\"position\":2,\"name\":\"Die 5 wichtigsten gef\u00fchrten Touren im Elsass\"}]},{\"@type\":\"WebSite\",\"@id\":\"https:\/\/vtc-strasbourg-dmd.fr\/de\/#website\",\"url\":\"https:\/\/vtc-strasbourg-dmd.fr\/de\/\",\"name\":\"VTC Strasbourg DMD\",\"description\":\"Chauffeur VTC Strasbourg\",\"publisher\":{\"@id\":\"https:\/\/vtc-strasbourg-dmd.fr\/de\/#organization\"},\"potentialAction\":[{\"@type\":\"SearchAction\",\"target\":{\"@type\":\"EntryPoint\",\"urlTemplate\":\"https:\/\/vtc-strasbourg-dmd.fr\/de\/?s={search_term_string}\"},\"query-input\":{\"@type\":\"PropertyValueSpecification\",\"valueRequired\":true,\"valueName\":\"search_term_string\"}}],\"inLanguage\":\"de\"},{\"@type\":\"Organization\",\"@id\":\"https:\/\/vtc-strasbourg-dmd.fr\/de\/#organization\",\"name\":\"VTC Strasbourg DMD\",\"url\":\"https:\/\/vtc-strasbourg-dmd.fr\/de\/\",\"logo\":{\"@type\":\"ImageObject\",\"inLanguage\":\"de\",\"@id\":\"https:\/\/vtc-strasbourg-dmd.fr\/de\/#\/schema\/logo\/image\/\",\"url\":\"https:\/\/vtc-strasbourg-dmd.fr\/wp-content\/uploads\/2025\/05\/cropped-LOGO-DRIVE-ME-DRIVER-scaled-1.png\",\"contentUrl\":\"https:\/\/vtc-strasbourg-dmd.fr\/wp-content\/uploads\/2025\/05\/cropped-LOGO-DRIVE-ME-DRIVER-scaled-1.png\",\"width\":2557,\"height\":854,\"caption\":\"VTC Strasbourg DMD\"},\"image\":{\"@id\":\"https:\/\/vtc-strasbourg-dmd.fr\/de\/#\/schema\/logo\/image\/\"}},{\"@type\":\"Person\",\"@id\":\"https:\/\/vtc-strasbourg-dmd.fr\/de\/#\/schema\/person\/05759d0bf2739b605f0468a433403ac8\",\"name\":\"webobjectif\",\"image\":{\"@type\":\"ImageObject\",\"inLanguage\":\"de\",\"@id\":\"https:\/\/vtc-strasbourg-dmd.fr\/de\/#\/schema\/person\/image\/\",\"url\":\"https:\/\/secure.gravatar.com\/avatar\/ded9b907d1e5d4636440a16a54bd4369b408da9239d8ac948266d8c09fa8936b?s=96&d=mm&r=g\",\"contentUrl\":\"https:\/\/secure.gravatar.com\/avatar\/ded9b907d1e5d4636440a16a54bd4369b408da9239d8ac948266d8c09fa8936b?s=96&d=mm&r=g\",\"caption\":\"webobjectif\"},\"url\":\"http:\/\/vtc-strasbourg-dmd.fr\/de\/author\/webobjectif\/\"}]}<\/script>\n<!-- \/ Yoast SEO plugin. -->","yoast_head_json":{"title":"Die 5 wichtigsten gef\u00fchrten Touren im Elsass - VTC Strasbourg DMD","robots":{"index":"index","follow":"follow","max-snippet":"max-snippet:-1","max-image-preview":"max-image-preview:large","max-video-preview":"max-video-preview:-1"},"canonical":"http:\/\/vtc-strasbourg-dmd.fr\/de\/die-5-wichtigsten-gefuehrten-touren-im-elsass\/","og_locale":"de_DE","og_type":"article","og_title":"Die 5 wichtigsten gef\u00fchrten Touren im Elsass - VTC Strasbourg DMD","og_description":"Um das Beste aus Ihrem Aufenthalt im Elsass zu machen, empfiehlt Guides France, die Plattform der offiziellen Reisef\u00fchrer des Ministeriums f\u00fcr Kultur und Tourismus, 5 Must-See-Touren mit einer idealen Dauer von 2 bis 4 Stunden. Diese bringen Sie von Stra\u00dfburg nach Colmar&#8230; mit einem Abstecher, den wir empfehlen, in Deutschland, in Freiburg im Breisgau, zu [&hellip;]","og_url":"http:\/\/vtc-strasbourg-dmd.fr\/de\/die-5-wichtigsten-gefuehrten-touren-im-elsass\/","og_site_name":"VTC Strasbourg DMD","article_published_time":"2025-01-14T15:07:58+00:00","article_modified_time":"2025-09-24T22:41:28+00:00","og_image":[{"width":1280,"height":854,"url":"https:\/\/vtc-strasbourg-dmd.fr\/wp-content\/uploads\/2025\/01\/alsace.jpg","type":"image\/jpeg"}],"author":"webobjectif","twitter_card":"summary_large_image","twitter_misc":{"Verfasst von":"webobjectif","Gesch\u00e4tzte Lesezeit":"4 Minuten"},"schema":{"@context":"https:\/\/schema.org","@graph":[{"@type":"Article","@id":"http:\/\/vtc-strasbourg-dmd.fr\/de\/die-5-wichtigsten-gefuehrten-touren-im-elsass\/#article","isPartOf":{"@id":"http:\/\/vtc-strasbourg-dmd.fr\/de\/die-5-wichtigsten-gefuehrten-touren-im-elsass\/"},"author":{"name":"webobjectif","@id":"https:\/\/vtc-strasbourg-dmd.fr\/de\/#\/schema\/person\/05759d0bf2739b605f0468a433403ac8"},"headline":"Die 5 wichtigsten gef\u00fchrten Touren im Elsass","datePublished":"2025-01-14T15:07:58+00:00","dateModified":"2025-09-24T22:41:28+00:00","mainEntityOfPage":{"@id":"http:\/\/vtc-strasbourg-dmd.fr\/de\/die-5-wichtigsten-gefuehrten-touren-im-elsass\/"},"wordCount":819,"commentCount":0,"publisher":{"@id":"https:\/\/vtc-strasbourg-dmd.fr\/de\/#organization"},"image":{"@id":"http:\/\/vtc-strasbourg-dmd.fr\/de\/die-5-wichtigsten-gefuehrten-touren-im-elsass\/#primaryimage"},"thumbnailUrl":"https:\/\/vtc-strasbourg-dmd.fr\/wp-content\/uploads\/2025\/01\/alsace.jpg","articleSection":["Nicht kategorisiert"],"inLanguage":"de","potentialAction":[{"@type":"CommentAction","name":"Comment","target":["http:\/\/vtc-strasbourg-dmd.fr\/de\/die-5-wichtigsten-gefuehrten-touren-im-elsass\/#respond"]}]},{"@type":"WebPage","@id":"http:\/\/vtc-strasbourg-dmd.fr\/de\/die-5-wichtigsten-gefuehrten-touren-im-elsass\/","url":"http:\/\/vtc-strasbourg-dmd.fr\/de\/die-5-wichtigsten-gefuehrten-touren-im-elsass\/","name":"Die 5 wichtigsten gef\u00fchrten Touren im Elsass - VTC Strasbourg DMD","isPartOf":{"@id":"https:\/\/vtc-strasbourg-dmd.fr\/de\/#website"},"primaryImageOfPage":{"@id":"http:\/\/vtc-strasbourg-dmd.fr\/de\/die-5-wichtigsten-gefuehrten-touren-im-elsass\/#primaryimage"},"image":{"@id":"http:\/\/vtc-strasbourg-dmd.fr\/de\/die-5-wichtigsten-gefuehrten-touren-im-elsass\/#primaryimage"},"thumbnailUrl":"https:\/\/vtc-strasbourg-dmd.fr\/wp-content\/uploads\/2025\/01\/alsace.jpg","datePublished":"2025-01-14T15:07:58+00:00","dateModified":"2025-09-24T22:41:28+00:00","breadcrumb":{"@id":"http:\/\/vtc-strasbourg-dmd.fr\/de\/die-5-wichtigsten-gefuehrten-touren-im-elsass\/#breadcrumb"},"inLanguage":"de","potentialAction":[{"@type":"ReadAction","target":["http:\/\/vtc-strasbourg-dmd.fr\/de\/die-5-wichtigsten-gefuehrten-touren-im-elsass\/"]}]},{"@type":"ImageObject","inLanguage":"de","@id":"http:\/\/vtc-strasbourg-dmd.fr\/de\/die-5-wichtigsten-gefuehrten-touren-im-elsass\/#primaryimage","url":"https:\/\/vtc-strasbourg-dmd.fr\/wp-content\/uploads\/2025\/01\/alsace.jpg","contentUrl":"https:\/\/vtc-strasbourg-dmd.fr\/wp-content\/uploads\/2025\/01\/alsace.jpg","width":1280,"height":854},{"@type":"BreadcrumbList","@id":"http:\/\/vtc-strasbourg-dmd.fr\/de\/die-5-wichtigsten-gefuehrten-touren-im-elsass\/#breadcrumb","itemListElement":[{"@type":"ListItem","position":1,"name":"Accueil","item":"https:\/\/vtc-strasbourg-dmd.fr\/de\/"},{"@type":"ListItem","position":2,"name":"Die 5 wichtigsten gef\u00fchrten Touren im Elsass"}]},{"@type":"WebSite","@id":"https:\/\/vtc-strasbourg-dmd.fr\/de\/#website","url":"https:\/\/vtc-strasbourg-dmd.fr\/de\/","name":"VTC Strasbourg DMD","description":"Chauffeur VTC Strasbourg","publisher":{"@id":"https:\/\/vtc-strasbourg-dmd.fr\/de\/#organization"},"potentialAction":[{"@type":"SearchAction","target":{"@type":"EntryPoint","urlTemplate":"https:\/\/vtc-strasbourg-dmd.fr\/de\/?s={search_term_string}"},"query-input":{"@type":"PropertyValueSpecification","valueRequired":true,"valueName":"search_term_string"}}],"inLanguage":"de"},{"@type":"Organization","@id":"https:\/\/vtc-strasbourg-dmd.fr\/de\/#organization","name":"VTC Strasbourg DMD","url":"https:\/\/vtc-strasbourg-dmd.fr\/de\/","logo":{"@type":"ImageObject","inLanguage":"de","@id":"https:\/\/vtc-strasbourg-dmd.fr\/de\/#\/schema\/logo\/image\/","url":"https:\/\/vtc-strasbourg-dmd.fr\/wp-content\/uploads\/2025\/05\/cropped-LOGO-DRIVE-ME-DRIVER-scaled-1.png","contentUrl":"https:\/\/vtc-strasbourg-dmd.fr\/wp-content\/uploads\/2025\/05\/cropped-LOGO-DRIVE-ME-DRIVER-scaled-1.png","width":2557,"height":854,"caption":"VTC Strasbourg DMD"},"image":{"@id":"https:\/\/vtc-strasbourg-dmd.fr\/de\/#\/schema\/logo\/image\/"}},{"@type":"Person","@id":"https:\/\/vtc-strasbourg-dmd.fr\/de\/#\/schema\/person\/05759d0bf2739b605f0468a433403ac8","name":"webobjectif","image":{"@type":"ImageObject","inLanguage":"de","@id":"https:\/\/vtc-strasbourg-dmd.fr\/de\/#\/schema\/person\/image\/","url":"https:\/\/secure.gravatar.com\/avatar\/ded9b907d1e5d4636440a16a54bd4369b408da9239d8ac948266d8c09fa8936b?s=96&d=mm&r=g","contentUrl":"https:\/\/secure.gravatar.com\/avatar\/ded9b907d1e5d4636440a16a54bd4369b408da9239d8ac948266d8c09fa8936b?s=96&d=mm&r=g","caption":"webobjectif"},"url":"http:\/\/vtc-strasbourg-dmd.fr\/de\/author\/webobjectif\/"}]}},"_links":{"self":[{"href":"http:\/\/vtc-strasbourg-dmd.fr\/de\/wp-json\/wp\/v2\/posts\/3219","targetHints":{"allow":["GET"]}}],"collection":[{"href":"http:\/\/vtc-strasbourg-dmd.fr\/de\/wp-json\/wp\/v2\/posts"}],"about":[{"href":"http:\/\/vtc-strasbourg-dmd.fr\/de\/wp-json\/wp\/v2\/types\/post"}],"author":[{"embeddable":true,"href":"http:\/\/vtc-strasbourg-dmd.fr\/de\/wp-json\/wp\/v2\/users\/30"}],"replies":[{"embeddable":true,"href":"http:\/\/vtc-strasbourg-dmd.fr\/de\/wp-json\/wp\/v2\/comments?post=3219"}],"version-history":[{"count":1,"href":"http:\/\/vtc-strasbourg-dmd.fr\/de\/wp-json\/wp\/v2\/posts\/3219\/revisions"}],"predecessor-version":[{"id":3226,"href":"http:\/\/vtc-strasbourg-dmd.fr\/de\/wp-json\/wp\/v2\/posts\/3219\/revisions\/3226"}],"wp:featuredmedia":[{"embeddable":true,"href":"http:\/\/vtc-strasbourg-dmd.fr\/de\/wp-json\/wp\/v2\/media\/3220"}],"wp:attachment":[{"href":"http:\/\/vtc-strasbourg-dmd.fr\/de\/wp-json\/wp\/v2\/media?parent=3219"}],"wp:term":[{"taxonomy":"category","embeddable":true,"href":"http:\/\/vtc-strasbourg-dmd.fr\/de\/wp-json\/wp\/v2\/categories?post=3219"},{"taxonomy":"post_tag","embeddable":true,"href":"http:\/\/vtc-strasbourg-dmd.fr\/de\/wp-json\/wp\/v2\/tags?post=3219"}],"curies":[{"name":"wp","href":"https:\/\/api.w.org\/{rel}","templated":true}]}}